{"id":57,"count":580,"description":"Luta pela terra - Direitos Humanos - Direitos Sociais - F\u00e9 e Pol\u00edtica - Espiritualidade Libertadora - Justi\u00e7a socioambiental","link":"http:\/\/gilvander.org.br\/site\/category\/audio-de-frei-gilvander\/podcast\/","name":"Podcast (\u00c1udios) de frei Gilvander","slug":"podcast","taxonomy":"category","parent":50,"meta":[],"_links":{"self":[{"href":"http:\/\/gilvander.org.br\/site\/wp-json\/wp\/v2\/categories\/57","targetHints":{"allow":["GET"]}}],"collection":[{"href":"http:\/\/gilvander.org.br\/site\/wp-json\/wp\/v2\/categories"}],"about":[{"href":"http:\/\/gilvander.org.br\/site\/wp-json\/wp\/v2\/taxonomies\/category"}],"up":[{"embeddable":true,"href":"http:\/\/gilvander.org.br\/site\/wp-json\/wp\/v2\/categories\/50"}],"wp:post_type":[{"href":"http:\/\/gilvander.org.br\/site\/wp-json\/wp\/v2\/posts?categories=57"}],"curies":[{"name":"wp","href":"https:\/\/api.w.org\/{rel}","templated":true}]}}