{"id":10422,"date":"2021-05-25T10:23:07","date_gmt":"2021-05-25T13:23:07","guid":{"rendered":"http:\/\/gilvander.org.br\/site\/?p=10422"},"modified":"2021-05-25T10:23:16","modified_gmt":"2021-05-25T13:23:16","slug":"sem-licenciamento-ambiental-futuro-exterminado-por-frei-gilvander","status":"publish","type":"post","link":"http:\/\/gilvander.org.br\/site\/sem-licenciamento-ambiental-futuro-exterminado-por-frei-gilvander\/","title":{"rendered":"Sem Licenciamento Ambiental, futuro exterminado. Por Frei Gilvander"},"content":{"rendered":"\n<p><strong>Sem Licenciamento Ambiental, futuro exterminado<\/strong>. Por Frei Gilvander Moreira<a href=\"#_ftn1\"><sup>[1]<\/sup><\/a><\/p>\n\n\n\n<figure class=\"wp-block-image size-large is-resized\"><img loading=\"lazy\" decoding=\"async\" src=\"http:\/\/gilvander.org.br\/site\/wp-content\/uploads\/2021\/05\/Nao-ao-desmonte-4.jpg\" alt=\"\" class=\"wp-image-10423\" width=\"711\" height=\"711\" srcset=\"http:\/\/gilvander.org.br\/site\/wp-content\/uploads\/2021\/05\/Nao-ao-desmonte-4.jpg 225w, http:\/\/gilvander.org.br\/site\/wp-content\/uploads\/2021\/05\/Nao-ao-desmonte-4-150x150.jpg 150w\" sizes=\"auto, (max-width: 711px) 100vw, 711px\" \/><\/figure>\n\n\n\n<p>Est\u00e1 gravemente ferido e sendo torturado cotidianamente o para\u00edso terrestre criado por Deus nas ondas da evolu\u00e7\u00e3o, Planeta Terra, nossa \u00danica Casa Comum. A utiliza\u00e7\u00e3o abusiva de produtos qu\u00edmicos est\u00e1 envenenando os solos e as \u00e1guas. O excesso de g\u00e1s carb\u00f4nico decorrente das ind\u00fastrias e a destrui\u00e7\u00e3o das florestas tropicais comprometem inexoravelmente a sa\u00fade da estratosfera e reduzem a fotoss\u00edntese, que fabrica o oxig\u00eanio essencial \u00e0 nossa vida. A pr\u00f3pria exist\u00eancia do ser humano est\u00e1 em perigo. A humanidade vive em alto risco. A vida na terra est\u00e1 amea\u00e7ada. Em 1945 aconteceu um dos maiores atos de terrorismo de Estado: as bombas at\u00f4micas jogadas sobre as cidades japonesas de Hyroshima e Nagasaki.<\/p>\n\n\n\n<p>\u00a0Em 2006, a Ong WWF divulgou relat\u00f3rio anual sobre as condi\u00e7\u00f5es de vida e capacidade dos bens naturais e comuns do Planeta Terra. Quinze anos atr\u00e1s, as informa\u00e7\u00f5es reveladas j\u00e1 eram alarmantes: \u201c<em>os seres humanos j\u00e1 usam recursos naturais a uma taxa 25% maior do que a capacidade do planeta de regener\u00e1-los<\/em>.\u201d Se n\u00e3o houver uma mudan\u00e7a de modelo de desenvolvimento e de comportamentos, em 2050 \u201c<em>a Humanidade precisar\u00e1 de dois planetas Terra para prover suas necessidades<\/em>.\u201d Demonstrou tamb\u00e9m que entre 1970 e 2003, o planeta perdeu 30% de sua diversidade biol\u00f3gica, \u201c<em>o que indica que as extin\u00e7\u00f5es de esp\u00e9cies est\u00e3o se acelerando<\/em>.\u201d<a href=\"#_ftn2\"><sup>[2]<\/sup><\/a><\/p>\n\n\n\n<div class=\"wp-block-image\"><figure class=\"alignleft size-large is-resized\"><img loading=\"lazy\" decoding=\"async\" src=\"http:\/\/gilvander.org.br\/site\/wp-content\/uploads\/2021\/05\/Nao-ao-desmonte-5-1024x1024.jpg\" alt=\"\" class=\"wp-image-10424\" width=\"419\" height=\"419\" srcset=\"http:\/\/gilvander.org.br\/site\/wp-content\/uploads\/2021\/05\/Nao-ao-desmonte-5-1024x1024.jpg 1024w, http:\/\/gilvander.org.br\/site\/wp-content\/uploads\/2021\/05\/Nao-ao-desmonte-5-300x300.jpg 300w, http:\/\/gilvander.org.br\/site\/wp-content\/uploads\/2021\/05\/Nao-ao-desmonte-5-150x150.jpg 150w, http:\/\/gilvander.org.br\/site\/wp-content\/uploads\/2021\/05\/Nao-ao-desmonte-5-768x768.jpg 768w, http:\/\/gilvander.org.br\/site\/wp-content\/uploads\/2021\/05\/Nao-ao-desmonte-5.jpg 1080w\" sizes=\"auto, (max-width: 419px) 100vw, 419px\" \/><\/figure><\/div>\n\n\n\n<p>O relat\u00f3rio do \u201cPainel Intergovernamental de Mudan\u00e7as Clim\u00e1ticas\u201d (IPCC)<a href=\"#_ftn3\"><sup>[3]<\/sup><\/a>, de 02 de Fevereiro de 2007, j\u00e1 era de alerta m\u00e1ximo. As calotas polares de gelo est\u00e3o se derretendo, no polo Norte e no polo Sul. Mudan\u00e7as clim\u00e1ticas para pior est\u00e3o acontecendo de forma muito r\u00e1pida. As ondas e os ventos est\u00e3o mudando em frequ\u00eancia e for\u00e7a. Alertavam que \u201c<em>haver\u00e1 tempestades muito fortes, furac\u00f5es, mais calor<\/em>\u201d, porque a produ\u00e7\u00e3o industrial depende de combust\u00edveis f\u00f3sseis, como petr\u00f3leo e carv\u00e3o ou g\u00e1s mineral, associada ao desmatamento em grande escala. A \u201cRevolu\u00e7\u00e3o Industrial\u201d e o desenvolvimento econ\u00f4mico capitalista est\u00e3o destruindo o mundo e a pr\u00f3pria humanidade.<\/p>\n\n\n\n<p>\u201c<em>N\u00f3s perdemos a comunh\u00e3o com o planeta<\/em>\u201d, afirmou o fot\u00f3grafo mineiro Sebasti\u00e3o Salgado, ao apresentar o projeto \u201cG\u00eanesis\u201d, exposi\u00e7\u00e3o de 40 fotos in\u00e9ditas, em 2006, em Belo Horizonte: \u201c<em>Meu objetivo \u00e9 encontrar e revelar um mundo onde a natureza e os animais vivem em equil\u00edbrio ecol\u00f3gico. \u00c9 absurda esta no\u00e7\u00e3o moderna de que humanidade e natureza est\u00e3o, de alguma maneira, separadas. Nosso relacionamento com a natureza e com n\u00f3s mesmos est\u00e1 em crise<\/em>\u201d, advertia o fot\u00f3grafo. \u201c<em>O projeto \u201cG\u00eanesis\u201d \u00e9 uma tentativa de reconectar nossa esp\u00e9cie com nosso planeta. Estou me dedicando a este mundo de pureza com o objetivo de registrar as faces imaculadas da natureza e da humanidade<\/em>\u201d, apontava Salgado.<a href=\"#_ftn4\"><sup>[4]<\/sup><\/a><\/p>\n\n\n\n<p>Diz a sabedoria popular: na frente est\u00e3o as matas, depois o ser humano passa e deixa um deserto atr\u00e1s de si. Crise h\u00eddrica j\u00e1 se sente no mundo inteiro, salvo rar\u00edssimas exce\u00e7\u00f5es. Em muitas regi\u00f5es j\u00e1 se experimenta o colapso h\u00eddrico. Pressionando por privatiza\u00e7\u00e3o, as empresas transnacionais est\u00e3o de olho gordo no \u201cpetr\u00f3leo azul\u201d: a \u00e1gua. Em alguns lugares do planeta a \u00e1gua j\u00e1 \u00e9 controlada com poder das armas. A vida na Terra est\u00e1 amea\u00e7ada, a nossa \u00fanica casa comum est\u00e1 ficando sem esse combust\u00edvel sagrado: a \u00e1gua.<\/p>\n\n\n\n<p>Ao lado das grandes riquezas que s\u00e3o produzidas, a degrada\u00e7\u00e3o ambiental cresce em uma progress\u00e3o geom\u00e9trica. A humanidade vive uma das maiores encruzilhadas da hist\u00f3ria humana. Das duas uma: ou nos salvamos todos ou pereceremos todos. Desta vez n\u00e3o haver\u00e1 uma arca de No\u00e9 para salvar um casal de cada esp\u00e9cie. Em 2002, Leonardo Boff j\u00e1 advertia: &#8220;<em>Ou o ser humano se torna o anjo protetor da M\u00e3e Terra e da Irm\u00e3 \u00c1gua ou ele ser\u00e1 o anjo exterminador da nossa \u00fanica casa comum, o planeta Terra&#8221;.<\/em><a href=\"#_ftn5\"><sup>[5]<\/sup><\/a>Ou recriamos a vida com rela\u00e7\u00f5es sociais justas e estruturas de fraternidade ou vai acontecer a extin\u00e7\u00e3o da ra\u00e7a humana com uma infinidade de outras esp\u00e9cies.<\/p>\n\n\n\n<div class=\"wp-block-image\"><figure class=\"alignright size-large is-resized\"><img loading=\"lazy\" decoding=\"async\" src=\"http:\/\/gilvander.org.br\/site\/wp-content\/uploads\/2021\/05\/sociedade-civil-licenciamento-ambiental.jpg\" alt=\"\" class=\"wp-image-10425\" width=\"432\" height=\"240\" srcset=\"http:\/\/gilvander.org.br\/site\/wp-content\/uploads\/2021\/05\/sociedade-civil-licenciamento-ambiental.jpg 810w, http:\/\/gilvander.org.br\/site\/wp-content\/uploads\/2021\/05\/sociedade-civil-licenciamento-ambiental-300x167.jpg 300w, http:\/\/gilvander.org.br\/site\/wp-content\/uploads\/2021\/05\/sociedade-civil-licenciamento-ambiental-768x427.jpg 768w\" sizes=\"auto, (max-width: 432px) 100vw, 432px\" \/><\/figure><\/div>\n\n\n\n<p>Ignorando totalmente a realidade descrita acima, obcecados pela idolatria do mercado, para atender \u00e0 gan\u00e2ncia dos agronegociantes, no meio da pandemia da covid-19, na calada da noite, dia 13 de maio de 2021, Dia Nacional de Den\u00fancia Contra o Racismo Estrutural e Institucional, 70% dos\/as deputados\/as da C\u00e2mara Federal (300 votos a favor e 122 contra) aprovaram o Projeto de Lei 3.729\/2004, sem debate junto \u00e0 comunidade cient\u00edfica e atropelando os coletivos e movimentos socioambientais, associa\u00e7\u00f5es de comunidades tradicionais e povos origin\u00e1rios, desrespeitando o direito internacional de Consulta Livre, Pr\u00e9via e Informada, garantida pela Conven\u00e7\u00e3o 169 da Organiza\u00e7\u00e3o Internacional do Trabalho (OIT), da ONU, configurando um grande desrespeito a todo o povo brasileiro e expedindo \u201caviso pr\u00e9vio\u201d para o aumento vertiginoso da devasta\u00e7\u00e3o ambiental ao arrepio das leis ambientais atuais, violando a Constitui\u00e7\u00e3o, inclusive, exterminando as condi\u00e7\u00f5es de vida em um futuro breve.<\/p>\n\n\n\n<p>&nbsp;O PL 3729, na pr\u00e1tica, acaba com o licenciamento ambiental no pa\u00eds, deixando a &#8220;boiada passar&#8221;.&nbsp;Viola o art. 225 da Constitui\u00e7\u00e3o, que diz: \u201c<em>Todos t\u00eam direito ao meio ambiente ecologicamente equilibrado, bem de uso comum do povo e essencial \u00e0 sadia qualidade de vida, impondo-se ao poder p\u00fablico e \u00e0 coletividade o dever de defend\u00ea-lo e preserv\u00e1-lo para as presentes e futuras gera\u00e7\u00f5es<\/em>\u201d. J\u00e1 est\u00e1 demonstrado cientificamente que foi o exagero de desmatamento que fez eclodir a pandemia da covid-19 que, potencializada pela pol\u00edtica genocida do desgoverno federal, j\u00e1 ceifou a vida de mais 460 mil brasileiros\/as.<\/p>\n\n\n\n<p>Esse PL famigerado, que n\u00e3o faz sequer men\u00e7\u00e3o \u00e0s mudan\u00e7as clim\u00e1ticas do planeta, prop\u00f5e isen\u00e7\u00e3o de licenciamento ambiental (dispensa de Licen\u00e7a Pr\u00e9via, Licen\u00e7a de Instala\u00e7\u00e3o e Licen\u00e7a de Opera\u00e7\u00e3o e do parecer t\u00e9cnico de especialistas dos \u00f3rg\u00e3os ambientais) em treze tipos de atividades brutalmente impactantes, entre elas: a agricultura mercadol\u00f3gica, a monocultura de eucalipto, a pecu\u00e1ria extensiva, outorga sobre o uso das \u00e1guas, obras de saneamento b\u00e1sico, constru\u00e7\u00e3o de estradas, portos e de redes de distribui\u00e7\u00e3o de energia. Cria e torna regra a Licen\u00e7a por Ades\u00e3o e Compromisso (LAC), \u201clicenciamento autodeclarat\u00f3rio\u201d emitido pela pr\u00f3pria empresa, via internet, \u201cpara ingl\u00eas ver\u201d. Um grande absurdo que restringe a atua\u00e7\u00e3o de \u00f3rg\u00e3os fundamentais como ICMBIO<a href=\"#_ftn6\">[6]<\/a>, FUNAI<a href=\"#_ftn7\">[7]<\/a>, IPHAN<a href=\"#_ftn8\">[8]<\/a>, Minist\u00e9rios da Agricultura e da Sa\u00fade. Amea\u00e7a Unidades de Conserva\u00e7\u00e3o, Terras Ind\u00edgenas n\u00e3o demarcadas (41%), Territ\u00f3rios Quilombolas n\u00e3o titulados (87%), ao desobrigar estudos e laudos socioambientais nessas \u00e1reas de multiesp\u00e9cies e territ\u00f3rios tradicionais. Assim, o PL 3729\/04 flexibiliza indiscriminadamente as regras para libera\u00e7\u00e3o de obras com o objetivo de favorecer o agroneg\u00f3cio, grandes empreendimentos econ\u00f4micos, mineradoras, entre outros setores empresariais capitalistas. Mais do que nunca precisamos defender a Floresta Amaz\u00f4nica, o Cerrado, a Mata Atl\u00e2ntica, a Caatinga, o Pantanal, os Pampas e todos os seres vivos que lutam e vivem nesses biomas.<\/p>\n\n\n\n<div class=\"wp-block-image\"><figure class=\"alignleft size-large is-resized\"><img loading=\"lazy\" decoding=\"async\" src=\"http:\/\/gilvander.org.br\/site\/wp-content\/uploads\/2021\/05\/Nao-ao-desmonte-7.jpg\" alt=\"\" class=\"wp-image-10426\" width=\"386\" height=\"386\" srcset=\"http:\/\/gilvander.org.br\/site\/wp-content\/uploads\/2021\/05\/Nao-ao-desmonte-7.jpg 225w, http:\/\/gilvander.org.br\/site\/wp-content\/uploads\/2021\/05\/Nao-ao-desmonte-7-150x150.jpg 150w\" sizes=\"auto, (max-width: 386px) 100vw, 386px\" \/><\/figure><\/div>\n\n\n\n<p>Defender a preserva\u00e7\u00e3o ambiental tornou-se necessidade para garantirmos condi\u00e7\u00f5es objetivas de vida. Considerar \u201cautodeclara\u00e7\u00e3o\u201d de empres\u00e1rios e empresas como se fosse licenciamento ambiental \u00e9 \u201ccolocar raposa para cuidar de galinheiro\u201d. Flexibilizar ainda mais o licenciamento ambiental \u00e9 um atentado irrevers\u00edvel aos biomas e a todo o povo. Se for aprovado tamb\u00e9m no Senado Federal, o PL 3729 permitir\u00e1 que processos que garantem a prote\u00e7\u00e3o do meio ambiente sejam fragilizados ainda mais, aumentando o risco de grandes impactos para povos ind\u00edgenas, quilombolas, Unidades de Conserva\u00e7\u00e3o e ser\u00e3o abertas as porteiras para a implementa\u00e7\u00e3o de grandes projetos do interesse do grande capital \u00e0 revelia da preserva\u00e7\u00e3o ambiental.&nbsp;Por isso, exigimos que o PL 3729 seja rejeitado no Senado Federal, pois \u00e9 um retrocesso inadmiss\u00edvel com rela\u00e7\u00e3o \u00e0s leis de crimes ambientais. Basta de devasta\u00e7\u00e3o ambiental! N\u00e3o ao PL 3729\/04. Exigimos seu veto, j\u00e1!<\/p>\n\n\n\n<p>25\/05\/2021<\/p>\n\n\n\n<p>Obs.: Os v\u00eddeos nos links, abaixo, ilustram o assunto tratado acima.<\/p>\n\n\n\n<p><strong>1 &#8211; &#8220;Exigimos que o Senado rejeite o PL 3729. Desmonte do Licenciamento Ambiental, N\u00c3O&#8221; (Frei Gilvander)<\/strong><\/p>\n\n\n\n<figure class=\"wp-block-embed is-type-video is-provider-youtube wp-block-embed-youtube wp-embed-aspect-16-9 wp-has-aspect-ratio\"><div class=\"wp-block-embed__wrapper\">\n<div class=\"epyt-video-wrapper\"><iframe loading=\"lazy\"  id=\"_ytid_66119\"  width=\"810\" height=\"456\"  data-origwidth=\"810\" data-origheight=\"456\" src=\"https:\/\/www.youtube.com\/embed\/1vtb3Qo-ePs?enablejsapi=1&#038;autoplay=0&#038;cc_load_policy=0&#038;cc_lang_pref=&#038;iv_load_policy=1&#038;loop=0&#038;rel=1&#038;fs=1&#038;playsinline=0&#038;autohide=2&#038;theme=dark&#038;color=red&#038;controls=1&#038;disablekb=0&#038;\" class=\"__youtube_prefs__  epyt-is-override  no-lazyload\" title=\"YouTube player\"  allow=\"fullscreen; accelerometer; autoplay; clipboard-write; encrypted-media; gyroscope; picture-in-picture; web-share\" referrerpolicy=\"strict-origin-when-cross-origin\" allowfullscreen data-no-lazy=\"1\" data-skipgform_ajax_framebjll=\"\"><\/iframe><\/div>\n<\/div><\/figure>\n\n\n\n<p><strong>2 &#8211; Atingidos\/MAB na luta contra ArcelorMittal, em Itatiaiu\u00e7u, MG = Vale S\/A. REPARA\u00c7\u00c3O JUSTA! &#8211; 19\/5\/21<\/strong><\/p>\n\n\n\n<figure class=\"wp-block-embed is-type-video is-provider-youtube wp-block-embed-youtube wp-embed-aspect-16-9 wp-has-aspect-ratio\"><div class=\"wp-block-embed__wrapper\">\n<div class=\"epyt-video-wrapper\"><iframe loading=\"lazy\"  id=\"_ytid_66209\"  width=\"810\" height=\"456\"  data-origwidth=\"810\" data-origheight=\"456\" src=\"https:\/\/www.youtube.com\/embed\/ptg8XcpHDyQ?enablejsapi=1&#038;autoplay=0&#038;cc_load_policy=0&#038;cc_lang_pref=&#038;iv_load_policy=1&#038;loop=0&#038;rel=1&#038;fs=1&#038;playsinline=0&#038;autohide=2&#038;theme=dark&#038;color=red&#038;controls=1&#038;disablekb=0&#038;\" class=\"__youtube_prefs__  epyt-is-override  no-lazyload\" title=\"YouTube player\"  allow=\"fullscreen; accelerometer; autoplay; clipboard-write; encrypted-media; gyroscope; picture-in-picture; web-share\" referrerpolicy=\"strict-origin-when-cross-origin\" allowfullscreen data-no-lazy=\"1\" data-skipgform_ajax_framebjll=\"\"><\/iframe><\/div>\n<\/div><\/figure>\n\n\n\n<p><strong>3 &#8211; Quilombo Pontinha, Paraopeba, MG, exige REPARA\u00c7\u00c3O INTEGRAL da Vale. Renato Moreira-V\u00eddeo 2 &#8211; 15\/5\/21<\/strong><\/p>\n\n\n\n<figure class=\"wp-block-embed is-type-video is-provider-youtube wp-block-embed-youtube wp-embed-aspect-16-9 wp-has-aspect-ratio\"><div class=\"wp-block-embed__wrapper\">\n<div class=\"epyt-video-wrapper\"><iframe loading=\"lazy\"  id=\"_ytid_50160\"  width=\"810\" height=\"456\"  data-origwidth=\"810\" data-origheight=\"456\" src=\"https:\/\/www.youtube.com\/embed\/pGMtaWNksRg?enablejsapi=1&#038;autoplay=0&#038;cc_load_policy=0&#038;cc_lang_pref=&#038;iv_load_policy=1&#038;loop=0&#038;rel=1&#038;fs=1&#038;playsinline=0&#038;autohide=2&#038;theme=dark&#038;color=red&#038;controls=1&#038;disablekb=0&#038;\" class=\"__youtube_prefs__  epyt-is-override  no-lazyload\" title=\"YouTube player\"  allow=\"fullscreen; accelerometer; autoplay; clipboard-write; encrypted-media; gyroscope; picture-in-picture; web-share\" referrerpolicy=\"strict-origin-when-cross-origin\" allowfullscreen data-no-lazy=\"1\" data-skipgform_ajax_framebjll=\"\"><\/iframe><\/div>\n<\/div><\/figure>\n\n\n\n<p><strong>4 &#8211; &#8220;Rodoanel em BH e RMBH, absurdo dos absurdos: mais crimes sociambientais&#8221;-Jos\u00e9 Geraldo, MAB-V\u00eddeo 15<\/strong><\/p>\n\n\n\n<figure class=\"wp-block-embed is-type-video is-provider-youtube wp-block-embed-youtube wp-embed-aspect-16-9 wp-has-aspect-ratio\"><div class=\"wp-block-embed__wrapper\">\n<div class=\"epyt-video-wrapper\"><iframe loading=\"lazy\"  id=\"_ytid_23538\"  width=\"810\" height=\"456\"  data-origwidth=\"810\" data-origheight=\"456\" src=\"https:\/\/www.youtube.com\/embed\/zO2_GZtAxuo?enablejsapi=1&#038;autoplay=0&#038;cc_load_policy=0&#038;cc_lang_pref=&#038;iv_load_policy=1&#038;loop=0&#038;rel=1&#038;fs=1&#038;playsinline=0&#038;autohide=2&#038;theme=dark&#038;color=red&#038;controls=1&#038;disablekb=0&#038;\" class=\"__youtube_prefs__  epyt-is-override  no-lazyload\" title=\"YouTube player\"  allow=\"fullscreen; accelerometer; autoplay; clipboard-write; encrypted-media; gyroscope; picture-in-picture; web-share\" referrerpolicy=\"strict-origin-when-cross-origin\" allowfullscreen data-no-lazy=\"1\" data-skipgform_ajax_framebjll=\"\"><\/iframe><\/div>\n<\/div><\/figure>\n\n\n\n<p><strong>5 &#8211; Quilombo Pontinha, em Paraopeba, MG, violentado pela Vale S\/A. (Renato Moreira) \u2013 13\/5\/2021 \u2013V\u00eddeo 1<\/strong><\/p>\n\n\n\n<figure class=\"wp-block-embed is-type-video is-provider-youtube wp-block-embed-youtube wp-embed-aspect-16-9 wp-has-aspect-ratio\"><div class=\"wp-block-embed__wrapper\">\n<div class=\"epyt-video-wrapper\"><iframe loading=\"lazy\"  id=\"_ytid_33056\"  width=\"810\" height=\"456\"  data-origwidth=\"810\" data-origheight=\"456\" src=\"https:\/\/www.youtube.com\/embed\/f3yy48MF7eI?enablejsapi=1&#038;autoplay=0&#038;cc_load_policy=0&#038;cc_lang_pref=&#038;iv_load_policy=1&#038;loop=0&#038;rel=1&#038;fs=1&#038;playsinline=0&#038;autohide=2&#038;theme=dark&#038;color=red&#038;controls=1&#038;disablekb=0&#038;\" class=\"__youtube_prefs__  epyt-is-override  no-lazyload\" title=\"YouTube player\"  allow=\"fullscreen; accelerometer; autoplay; clipboard-write; encrypted-media; gyroscope; picture-in-picture; web-share\" referrerpolicy=\"strict-origin-when-cross-origin\" allowfullscreen data-no-lazy=\"1\" data-skipgform_ajax_framebjll=\"\"><\/iframe><\/div>\n<\/div><\/figure>\n\n\n\n<p><strong>6 &#8211; Lugares, Pessoas, Bens Naturais e Culturais Amea\u00e7ados pelo Rodoanel de BH e RMBH: a AL\u00c7A SUL<\/strong><\/p>\n\n\n\n<figure class=\"wp-block-embed is-type-video is-provider-youtube wp-block-embed-youtube wp-embed-aspect-16-9 wp-has-aspect-ratio\"><div class=\"wp-block-embed__wrapper\">\n<div class=\"epyt-video-wrapper\"><iframe loading=\"lazy\"  id=\"_ytid_98480\"  width=\"810\" height=\"456\"  data-origwidth=\"810\" data-origheight=\"456\" src=\"https:\/\/www.youtube.com\/embed\/IytsMFDI0w0?enablejsapi=1&#038;autoplay=0&#038;cc_load_policy=0&#038;cc_lang_pref=&#038;iv_load_policy=1&#038;loop=0&#038;rel=1&#038;fs=1&#038;playsinline=0&#038;autohide=2&#038;theme=dark&#038;color=red&#038;controls=1&#038;disablekb=0&#038;\" class=\"__youtube_prefs__  epyt-is-override  no-lazyload\" title=\"YouTube player\"  allow=\"fullscreen; accelerometer; autoplay; clipboard-write; encrypted-media; gyroscope; picture-in-picture; web-share\" referrerpolicy=\"strict-origin-when-cross-origin\" allowfullscreen data-no-lazy=\"1\" data-skipgform_ajax_framebjll=\"\"><\/iframe><\/div>\n<\/div><\/figure>\n\n\n\n<p><strong>7 &#8211; Luta contra a minera\u00e7\u00e3o em Minas Gerais e na Amaz\u00f4nia e os territ\u00f3rios ind\u00edgenas<\/strong><\/p>\n\n\n\n<figure class=\"wp-block-embed is-type-video is-provider-youtube wp-block-embed-youtube wp-embed-aspect-16-9 wp-has-aspect-ratio\"><div class=\"wp-block-embed__wrapper\">\n<div class=\"epyt-video-wrapper\"><iframe loading=\"lazy\"  id=\"_ytid_66924\"  width=\"810\" height=\"456\"  data-origwidth=\"810\" data-origheight=\"456\" src=\"https:\/\/www.youtube.com\/embed\/d0oeC8rcG6A?enablejsapi=1&#038;autoplay=0&#038;cc_load_policy=0&#038;cc_lang_pref=&#038;iv_load_policy=1&#038;loop=0&#038;rel=1&#038;fs=1&#038;playsinline=0&#038;autohide=2&#038;theme=dark&#038;color=red&#038;controls=1&#038;disablekb=0&#038;\" class=\"__youtube_prefs__  epyt-is-override  no-lazyload\" title=\"YouTube player\"  allow=\"fullscreen; accelerometer; autoplay; clipboard-write; encrypted-media; gyroscope; picture-in-picture; web-share\" referrerpolicy=\"strict-origin-when-cross-origin\" allowfullscreen data-no-lazy=\"1\" data-skipgform_ajax_framebjll=\"\"><\/iframe><\/div>\n<\/div><\/figure>\n\n\n\n<p><strong>8 &#8211; Frei Gilvander aponta brutal devasta\u00e7\u00e3o socioambiental que Rodoanel causar\u00e1 em BH e RMBH &#8211; V\u00eddeo 5<\/strong><\/p>\n\n\n\n<figure class=\"wp-block-embed is-type-video is-provider-youtube wp-block-embed-youtube wp-embed-aspect-16-9 wp-has-aspect-ratio\"><div class=\"wp-block-embed__wrapper\">\n<div class=\"epyt-video-wrapper\"><iframe loading=\"lazy\"  id=\"_ytid_66099\"  width=\"810\" height=\"456\"  data-origwidth=\"810\" data-origheight=\"456\" src=\"https:\/\/www.youtube.com\/embed\/NHnU4Dts__w?enablejsapi=1&#038;autoplay=0&#038;cc_load_policy=0&#038;cc_lang_pref=&#038;iv_load_policy=1&#038;loop=0&#038;rel=1&#038;fs=1&#038;playsinline=0&#038;autohide=2&#038;theme=dark&#038;color=red&#038;controls=1&#038;disablekb=0&#038;\" class=\"__youtube_prefs__  epyt-is-override  no-lazyload\" title=\"YouTube player\"  allow=\"fullscreen; accelerometer; autoplay; clipboard-write; encrypted-media; gyroscope; picture-in-picture; web-share\" referrerpolicy=\"strict-origin-when-cross-origin\" allowfullscreen data-no-lazy=\"1\" data-skipgform_ajax_framebjll=\"\"><\/iframe><\/div>\n<\/div><\/figure>\n\n\n\n<hr class=\"wp-block-separator\"\/>\n\n\n\n<p><a href=\"#_ftnref1\">[1]<\/a> Frei e padre da Ordem dos carmelitas; doutor em Educa\u00e7\u00e3o pela FAE\/UFMG; licenciado e bacharel em Filosofia pela UFPR; bacharel em Teologia pelo ITESP\/SP; mestre em Exegese B\u00edblica pelo Pontif\u00edcio Instituto B\u00edblico, em Roma, It\u00e1lia; agente da CPT, assessor do CEBI e Ocupa\u00e7\u00f5es Urbanas; prof. de \u201cMovimentos Sociais Populares e Direitos Humanos\u201d no IDH e de Teologia b\u00edblica no SAB (Servi\u00e7o de Anima\u00e7\u00e3o B\u00edblica), em Belo Horizonte, MG. E-mail:&nbsp;<a href=\"mailto:gilvanderlm@gmail.com\">gilvanderlm@gmail.com<\/a> &nbsp;\u2013&nbsp;<a href=\"http:\/\/www.gilvander.org.br\">www.gilvander.org.br<\/a> &nbsp;\u2013&nbsp;<a href=\"http:\/\/www.freigilvander.blogspot.com.br\">www.freigilvander.blogspot.com.br<\/a> &nbsp;&nbsp;&nbsp;&nbsp;&nbsp; \u2013&nbsp;&nbsp;&nbsp;&nbsp;&nbsp;&nbsp;&nbsp;<a href=\"http:\/\/www.twitter.com\/gilvanderluis\">www.twitter.com\/gilvanderluis<\/a> &nbsp;&nbsp;&nbsp;&nbsp;&nbsp;&nbsp;&nbsp; \u2013&nbsp;Facebook: Gilvander Moreira III<\/p>\n\n\n\n<p><a href=\"#_ftnref2\">[2]<\/a> Cf. Jornal Folha de S\u00e3o Paulo, Caderno Ci\u00eancia, edi\u00e7\u00e3o de 25\/10\/\/2006.<\/p>\n\n\n\n<p><a href=\"#_ftnref3\">[3]<\/a> Cf. <a href=\"http:\/\/www.unisinos.br\/_ihu\/\">www.unisinos.br\/_ihu\/<\/a> &#8211;&nbsp; ipcc.ch\/meet\/meet.html&nbsp; &#8211; <a href=\"http:\/\/ipcc-ddc.cptec.inpe.br\/ipccddcbr\/html\/asres\/scenario_home.html\">http:\/\/ipcc-ddc.cptec.inpe.br\/ipccddcbr\/html<\/a><\/p>\n\n\n\n<p><a href=\"#_ftnref4\">[4]<\/a> Palestra de Sebasti\u00e3o Salgado, no Museu de Artes e Of\u00edcios de Belo Horizonte, em 17\/10\/2006, na abertura do projeto \u201cG\u00eanesis\u201d, exposi\u00e7\u00e3o de 40 fotos in\u00e9ditas feitas por ele.<\/p>\n\n\n\n<h1 class=\"wp-block-heading\"><a href=\"#_ftnref5\">[5]<\/a> Cf. BOFF, Leonardo, <em>Do iceberg \u00e0 Arca de No\u00e9<\/em>, O nascimento de uma \u00e9tica planet\u00e1ria, Rio de Janeiro, Ed. Garamond Ltda,&nbsp; 2002.<\/h1>\n\n\n\n<p><a href=\"#_ftnref6\">[6]<\/a> Instituto Chico Mendes de Conserva\u00e7\u00e3o da Biodiversidade.<\/p>\n\n\n\n<p><a href=\"#_ftnref7\">[7]<\/a> Funda\u00e7\u00e3o Nacional do \u00cdndio.<\/p>\n\n\n\n<p><a href=\"#_ftnref8\">[8]<\/a> Instituto do Patrim\u00f4nio Hist\u00f3rico e Art\u00edstico Nacional.<\/p>\n","protected":false},"excerpt":{"rendered":"<p>Sem Licenciamento Ambiental, futuro exterminado. Por Frei Gilvander Moreira[1] Est\u00e1 gravemente ferido e sendo torturado cotidianamente o para\u00edso terrestre criado por Deus nas ondas da evolu\u00e7\u00e3o, Planeta Terra, nossa \u00danica Casa Comum. A utiliza\u00e7\u00e3o abusiva<\/p>\n","protected":false},"author":2,"featured_media":10427,"comment_status":"open","ping_status":"open","sticky":false,"template":"","format":"standard","meta":{"footnotes":""},"categories":[21,47,44,38,49,39,35,27,56,29,43,18],"tags":[],"class_list":["post-10422","post","type-post","status-publish","format-standard","has-post-thumbnail","hentry","category-artigo","category-direito-a-agua","category-direito-a-memoria","category-direito-a-saude","category-direito-a-terra","category-direitos-dos-povos-indigenas","category-direitos-dos-quilombolas","category-direitos-humanos","category-meio-ambiente","category-movimentos-sociais-populares","category-pedagogia-emancipatoria","category-videos-de-frei-gilvander"],"_links":{"self":[{"href":"http:\/\/gilvander.org.br\/site\/wp-json\/wp\/v2\/posts\/10422","targetHints":{"allow":["GET"]}}],"collection":[{"href":"http:\/\/gilvander.org.br\/site\/wp-json\/wp\/v2\/posts"}],"about":[{"href":"http:\/\/gilvander.org.br\/site\/wp-json\/wp\/v2\/types\/post"}],"author":[{"embeddable":true,"href":"http:\/\/gilvander.org.br\/site\/wp-json\/wp\/v2\/users\/2"}],"replies":[{"embeddable":true,"href":"http:\/\/gilvander.org.br\/site\/wp-json\/wp\/v2\/comments?post=10422"}],"version-history":[{"count":1,"href":"http:\/\/gilvander.org.br\/site\/wp-json\/wp\/v2\/posts\/10422\/revisions"}],"predecessor-version":[{"id":10428,"href":"http:\/\/gilvander.org.br\/site\/wp-json\/wp\/v2\/posts\/10422\/revisions\/10428"}],"wp:featuredmedia":[{"embeddable":true,"href":"http:\/\/gilvander.org.br\/site\/wp-json\/wp\/v2\/media\/10427"}],"wp:attachment":[{"href":"http:\/\/gilvander.org.br\/site\/wp-json\/wp\/v2\/media?parent=10422"}],"wp:term":[{"taxonomy":"category","embeddable":true,"href":"http:\/\/gilvander.org.br\/site\/wp-json\/wp\/v2\/categories?post=10422"},{"taxonomy":"post_tag","embeddable":true,"href":"http:\/\/gilvander.org.br\/site\/wp-json\/wp\/v2\/tags?post=10422"}],"curies":[{"name":"wp","href":"https:\/\/api.w.org\/{rel}","templated":true}]}}