{"id":10756,"date":"2021-10-06T08:30:17","date_gmt":"2021-10-06T11:30:17","guid":{"rendered":"https:\/\/gilvander.org.br\/site\/?p=10756"},"modified":"2021-10-06T08:30:19","modified_gmt":"2021-10-06T11:30:19","slug":"acampamento-sao-francisco-no-territorio-geraizeiro-no-norte-de-mg-e-alvo-de-atentado-brutal-incendio-criminoso-no-municipio-de-grao-mogol","status":"publish","type":"post","link":"http:\/\/gilvander.org.br\/site\/acampamento-sao-francisco-no-territorio-geraizeiro-no-norte-de-mg-e-alvo-de-atentado-brutal-incendio-criminoso-no-municipio-de-grao-mogol\/","title":{"rendered":"Acampamento S\u00e3o Francisco, no Territ\u00f3rio Geraizeiro no norte de MG \u00e9 alvo de atentado brutal: inc\u00eandio criminoso, no munic\u00edpio de Gr\u00e3o Mogol"},"content":{"rendered":"\n<p><strong>Acampamento S\u00e3o Francisco, no Territ\u00f3rio Geraizeiro no norte de MG \u00e9 alvo de atentado brutal: inc\u00eandio criminoso, no munic\u00edpio de Gr\u00e3o Mogol<\/strong><\/p>\n\n\n\n<figure class=\"wp-block-image size-full\"><img loading=\"lazy\" decoding=\"async\" width=\"960\" height=\"720\" src=\"https:\/\/gilvander.org.br\/site\/wp-content\/uploads\/2021\/10\/Incendio-no-territorio-geraizeiro-em-Grao-Mogol-MG-04-10-2021.jpg\" alt=\"\" class=\"wp-image-10757\" srcset=\"http:\/\/gilvander.org.br\/site\/wp-content\/uploads\/2021\/10\/Incendio-no-territorio-geraizeiro-em-Grao-Mogol-MG-04-10-2021.jpg 960w, http:\/\/gilvander.org.br\/site\/wp-content\/uploads\/2021\/10\/Incendio-no-territorio-geraizeiro-em-Grao-Mogol-MG-04-10-2021-300x225.jpg 300w, http:\/\/gilvander.org.br\/site\/wp-content\/uploads\/2021\/10\/Incendio-no-territorio-geraizeiro-em-Grao-Mogol-MG-04-10-2021-768x576.jpg 768w\" sizes=\"auto, (max-width: 960px) 100vw, 960px\" \/><\/figure>\n\n\n\n<p>No final da tarde de segunda-feira (04\/10\/2021), o Acampamento S\u00e3o Francisco, localizado na Fazenda S\u00e3o Francisco, territ\u00f3rio tradicional Geraizeiro do n\u00facleo de Lamar\u00e3o, no munic\u00edpio de Gr\u00e3o Mogol, no norte de Minas Gerais, foi alvo de um atentado: inc\u00eandio criminoso, conforme relatos dos moradores da comunidade.<\/p>\n\n\n\n<p>O inc\u00eandio ocorreu logo ap\u00f3s a celebra\u00e7\u00e3o do Dia de S\u00e3o Francisco, padroeiro do territ\u00f3rio, no in\u00edcio da noite de 04 para 05 de outubro de 2021. A celebra\u00e7\u00e3o da festa de S\u00e3o Francisco tinha como objetivo arrecadar fundos para a constru\u00e7\u00e3o de uma capela no local. Os Bombeiros e a Pol\u00edcia Militar foram acionados. Apesar de ningu\u00e9m ter ficado ferido, as comunidades est\u00e3o indignadas como a forma brutal e desumana desse crime, j\u00e1 que s\u00e3o essas popula\u00e7\u00f5es que preservam as plantas nativas, os rios na regi\u00e3o, o cerrado e cuidam do Territ\u00f3rio Tradicional Geraizeiro.<\/p>\n\n\n\n<p>O acampamento S\u00e3o Francisco completou quatro anos no \u00faltimo domingo (03\/10), v\u00e9spera do inc\u00eandio. Mais de 46 fam\u00edlias tradicionais Geraizeiras vivem por l\u00e1 desde outubro de 2017.<\/p>\n\n\n\n<p>Vale lembrar que existe uma a\u00e7\u00e3o discriminat\u00f3ria movida pelo Estado de Minas Gerais contra a empresa Floresta Minas, empresa que explora o eucalipto e carv\u00e3o na regi\u00e3o, devastando o cerrado. Segundo os Geraizeiros, o empreendimento vem amea\u00e7ando e usando parte das terras de forma ilegal, uma vez que h\u00e1 o decreto de interesse social no qual define a demarca\u00e7\u00e3o parcial do territ\u00f3rio tradicional Geraizeiro do n\u00facleo de Lamar\u00e3o.<\/p>\n\n\n\n<p>As comunidades geraizeiras de Vale das Cancelas nos munic\u00edpios de Gr\u00e3o Mogol, Padre Carvalho e Josen\u00f3polis (MG) fazem parte do Tribunal dos Povos do Cerrado e lutam pela #Justi\u00e7aqueBrotadaTerra. Ajude a compartilhar essa den\u00fancia e saiba mais: <a href=\"https:\/\/bit.ly\/3a6Tja1\">https:\/\/bit.ly\/3a6Tja1<\/a><\/p>\n\n\n\n<p><strong>Territ\u00f3rio Geraizeiro, norte de MG: atentado brutal, inc\u00eandio criminoso, no munic\u00edpio de Gr\u00e3o Mogol<\/strong> . Veja o v\u00eddeo abaixo.<\/p>\n\n\n\n<figure class=\"wp-block-embed is-type-video is-provider-youtube wp-block-embed-youtube wp-embed-aspect-16-9 wp-has-aspect-ratio\"><div class=\"wp-block-embed__wrapper\">\n<div class=\"epyt-video-wrapper\"><iframe loading=\"lazy\"  id=\"_ytid_17145\"  width=\"810\" height=\"456\"  data-origwidth=\"810\" data-origheight=\"456\" src=\"https:\/\/www.youtube.com\/embed\/wPUPO13UFm0?enablejsapi=1&#038;autoplay=0&#038;cc_load_policy=0&#038;cc_lang_pref=&#038;iv_load_policy=1&#038;loop=0&#038;rel=1&#038;fs=1&#038;playsinline=0&#038;autohide=2&#038;theme=dark&#038;color=red&#038;controls=1&#038;disablekb=0&#038;\" class=\"__youtube_prefs__  epyt-is-override  no-lazyload\" title=\"YouTube player\"  allow=\"fullscreen; accelerometer; autoplay; clipboard-write; encrypted-media; gyroscope; picture-in-picture; web-share\" referrerpolicy=\"strict-origin-when-cross-origin\" allowfullscreen data-no-lazy=\"1\" data-skipgform_ajax_framebjll=\"\"><\/iframe><\/div>\n<\/div><\/figure>\n","protected":false},"excerpt":{"rendered":"<p>Acampamento S\u00e3o Francisco, no Territ\u00f3rio Geraizeiro no norte de MG \u00e9 alvo de atentado brutal: inc\u00eandio criminoso, no munic\u00edpio de Gr\u00e3o Mogol No final da tarde de segunda-feira (04\/10\/2021), o Acampamento S\u00e3o Francisco, localizado na<\/p>\n","protected":false},"author":2,"featured_media":10757,"comment_status":"open","ping_status":"open","sticky":false,"template":"","format":"standard","meta":{"footnotes":""},"categories":[21,47,46,44,38,49,35,27,30,25,56,29,33,43,26,18],"tags":[],"class_list":["post-10756","post","type-post","status-publish","format-standard","has-post-thumbnail","hentry","category-artigo","category-direito-a-agua","category-direito-a-cultura-popular","category-direito-a-memoria","category-direito-a-saude","category-direito-a-terra","category-direitos-dos-quilombolas","category-direitos-humanos","category-fe-e-politica","category-luta-pela-terra-e-reforma-agraria","category-meio-ambiente","category-movimentos-sociais-populares","category-nota-publica","category-pedagogia-emancipatoria","category-teologia-da-libertacao","category-videos-de-frei-gilvander"],"_links":{"self":[{"href":"http:\/\/gilvander.org.br\/site\/wp-json\/wp\/v2\/posts\/10756","targetHints":{"allow":["GET"]}}],"collection":[{"href":"http:\/\/gilvander.org.br\/site\/wp-json\/wp\/v2\/posts"}],"about":[{"href":"http:\/\/gilvander.org.br\/site\/wp-json\/wp\/v2\/types\/post"}],"author":[{"embeddable":true,"href":"http:\/\/gilvander.org.br\/site\/wp-json\/wp\/v2\/users\/2"}],"replies":[{"embeddable":true,"href":"http:\/\/gilvander.org.br\/site\/wp-json\/wp\/v2\/comments?post=10756"}],"version-history":[{"count":1,"href":"http:\/\/gilvander.org.br\/site\/wp-json\/wp\/v2\/posts\/10756\/revisions"}],"predecessor-version":[{"id":10758,"href":"http:\/\/gilvander.org.br\/site\/wp-json\/wp\/v2\/posts\/10756\/revisions\/10758"}],"wp:featuredmedia":[{"embeddable":true,"href":"http:\/\/gilvander.org.br\/site\/wp-json\/wp\/v2\/media\/10757"}],"wp:attachment":[{"href":"http:\/\/gilvander.org.br\/site\/wp-json\/wp\/v2\/media?parent=10756"}],"wp:term":[{"taxonomy":"category","embeddable":true,"href":"http:\/\/gilvander.org.br\/site\/wp-json\/wp\/v2\/categories?post=10756"},{"taxonomy":"post_tag","embeddable":true,"href":"http:\/\/gilvander.org.br\/site\/wp-json\/wp\/v2\/tags?post=10756"}],"curies":[{"name":"wp","href":"https:\/\/api.w.org\/{rel}","templated":true}]}}