{"id":10759,"date":"2021-10-09T12:12:47","date_gmt":"2021-10-09T15:12:47","guid":{"rendered":"http:\/\/gilvander.org.br\/site\/?p=10759"},"modified":"2021-10-09T12:12:49","modified_gmt":"2021-10-09T15:12:49","slug":"decalogos-da-recuperacao-da-esperanca-os-dois-decalogos-da-alianca-e-da-criacao-por-frei-carlos-mesters","status":"publish","type":"post","link":"http:\/\/gilvander.org.br\/site\/decalogos-da-recuperacao-da-esperanca-os-dois-decalogos-da-alianca-e-da-criacao-por-frei-carlos-mesters\/","title":{"rendered":"DEC\u00c1LOGOS DA RECUPERA\u00c7\u00c3O DA ESPERAN\u00c7A &#8211; Os dois\u00a0dec\u00e1logos: da Alian\u00e7a e da\u00a0Cria\u00e7\u00e3o. Por Frei Carlos Mesters"},"content":{"rendered":"\n<p><strong>DEC\u00c1LOGOS DA RECUPERA\u00c7\u00c3O DA ESPERAN\u00c7A &#8211; Os dois\u00a0dec\u00e1logos: da Alian\u00e7a e da\u00a0Cria\u00e7\u00e3o. Por Frei Carlos Mesters<\/strong><\/p>\n\n\n\n<figure class=\"wp-block-image size-full is-resized\"><img loading=\"lazy\" decoding=\"async\" src=\"http:\/\/gilvander.org.br\/site\/wp-content\/uploads\/2021\/10\/CongressoBiblia-Mesters1.jpg\" alt=\"\" class=\"wp-image-10760\" width=\"778\" height=\"735\" srcset=\"http:\/\/gilvander.org.br\/site\/wp-content\/uploads\/2021\/10\/CongressoBiblia-Mesters1.jpg 508w, http:\/\/gilvander.org.br\/site\/wp-content\/uploads\/2021\/10\/CongressoBiblia-Mesters1-300x283.jpg 300w\" sizes=\"auto, (max-width: 778px) 100vw, 778px\" \/><figcaption>Frei Carlos Mesters<\/figcaption><\/figure>\n\n\n\n<p>Os dois\u00a0dec\u00e1logos: da Alian\u00e7a e da\u00a0Cria\u00e7\u00e3o: &#8220;Assim na terra como no c\u00e9u! <\/p>\n\n\n\n<p>Texto apresentado por\u00a0Frei Carlos Mesters\u00a0para retiro do Conselho Indigenista\u00a0Mission\u00e1rio (CIMI), dias 2 e 3\/11\/20213.<\/p>\n\n\n\n<p>Iluminar nossa realidade com a luz da Palavra de Deus.&nbsp; Esperar, Resistir, Cantar.<\/p>\n\n\n\n<p>Como continuar a crer que um menino vencer\u00e1 o gigante Golias (1Sam 17,1-54) que a mulher em dores de parto ser\u00e1 mais forte que o drag\u00e3o (Ap 12,1-17), os dois centavos da vi\u00fava continuam valendo mais que os milh\u00f5es dos ricos (Mc 12,41-44), que as tribos ind\u00edgenas e a sua cultura tem futuro e dever\u00e3o enriquecer a vida de todos n\u00f3s?<\/p>\n\n\n\n<p>Eis, <strong>abaixo, o texto na \u00edntegra, em pdf.<\/strong><\/p>\n\n\n\n<div data-wp-interactive=\"core\/file\" class=\"wp-block-file\"><object data-wp-bind--hidden=\"!state.hasPdfPreview\" hidden class=\"wp-block-file__embed\" data=\"http:\/\/gilvander.org.br\/site\/wp-content\/uploads\/2021\/10\/Decalogos-da-recuperacao-da-Esperanca-Os-dois-Decalogos-o-da-Alianca-e-o-da-Criacao-Texto-de-Carlos-Mesters-Retiro-do-Cimi-2-e-3-11-20213.pdf\" type=\"application\/pdf\" style=\"width:100%;height:600px\" aria-label=\"Incorporado de Incorporado de Decalogos-da-recuperacao-da-Esperanca-Os-dois-Decalogos-o-da-Alianca-e-o-da-Criacao-Texto-de-Carlos-Mesters-Retiro-do-Cimi-2-e-3-11-20213..\"><\/object><a href=\"http:\/\/gilvander.org.br\/site\/wp-content\/uploads\/2021\/10\/Decalogos-da-recuperacao-da-Esperanca-Os-dois-Decalogos-o-da-Alianca-e-o-da-Criacao-Texto-de-Carlos-Mesters-Retiro-do-Cimi-2-e-3-11-20213.pdf\">Decalogos-da-recuperacao-da-Esperanca-Os-dois-Decalogos-o-da-Alianca-e-o-da-Criacao-Texto-de-Carlos-Mesters-Retiro-do-Cimi-2-e-3-11-20213<\/a><a href=\"http:\/\/gilvander.org.br\/site\/wp-content\/uploads\/2021\/10\/Decalogos-da-recuperacao-da-Esperanca-Os-dois-Decalogos-o-da-Alianca-e-o-da-Criacao-Texto-de-Carlos-Mesters-Retiro-do-Cimi-2-e-3-11-20213.pdf\" class=\"wp-block-file__button\" download>Baixar<\/a><\/div>\n","protected":false},"excerpt":{"rendered":"<p>DEC\u00c1LOGOS DA RECUPERA\u00c7\u00c3O DA ESPERAN\u00c7A &#8211; Os dois\u00a0dec\u00e1logos: da Alian\u00e7a e da\u00a0Cria\u00e7\u00e3o. Por Frei Carlos Mesters Os dois\u00a0dec\u00e1logos: da Alian\u00e7a e da\u00a0Cria\u00e7\u00e3o: &#8220;Assim na terra como no c\u00e9u! Texto apresentado por\u00a0Frei Carlos Mesters\u00a0para retiro do<\/p>\n","protected":false},"author":2,"featured_media":10760,"comment_status":"open","ping_status":"open","sticky":false,"template":"","format":"standard","meta":{"footnotes":""},"categories":[21,47,40,46,44,38,49,39,35,27,56,29,43,26],"tags":[],"class_list":["post-10759","post","type-post","status-publish","format-standard","has-post-thumbnail","hentry","category-artigo","category-direito-a-agua","category-direito-a-cidade","category-direito-a-cultura-popular","category-direito-a-memoria","category-direito-a-saude","category-direito-a-terra","category-direitos-dos-povos-indigenas","category-direitos-dos-quilombolas","category-direitos-humanos","category-meio-ambiente","category-movimentos-sociais-populares","category-pedagogia-emancipatoria","category-teologia-da-libertacao"],"_links":{"self":[{"href":"http:\/\/gilvander.org.br\/site\/wp-json\/wp\/v2\/posts\/10759","targetHints":{"allow":["GET"]}}],"collection":[{"href":"http:\/\/gilvander.org.br\/site\/wp-json\/wp\/v2\/posts"}],"about":[{"href":"http:\/\/gilvander.org.br\/site\/wp-json\/wp\/v2\/types\/post"}],"author":[{"embeddable":true,"href":"http:\/\/gilvander.org.br\/site\/wp-json\/wp\/v2\/users\/2"}],"replies":[{"embeddable":true,"href":"http:\/\/gilvander.org.br\/site\/wp-json\/wp\/v2\/comments?post=10759"}],"version-history":[{"count":1,"href":"http:\/\/gilvander.org.br\/site\/wp-json\/wp\/v2\/posts\/10759\/revisions"}],"predecessor-version":[{"id":10762,"href":"http:\/\/gilvander.org.br\/site\/wp-json\/wp\/v2\/posts\/10759\/revisions\/10762"}],"wp:featuredmedia":[{"embeddable":true,"href":"http:\/\/gilvander.org.br\/site\/wp-json\/wp\/v2\/media\/10760"}],"wp:attachment":[{"href":"http:\/\/gilvander.org.br\/site\/wp-json\/wp\/v2\/media?parent=10759"}],"wp:term":[{"taxonomy":"category","embeddable":true,"href":"http:\/\/gilvander.org.br\/site\/wp-json\/wp\/v2\/categories?post=10759"},{"taxonomy":"post_tag","embeddable":true,"href":"http:\/\/gilvander.org.br\/site\/wp-json\/wp\/v2\/tags?post=10759"}],"curies":[{"name":"wp","href":"https:\/\/api.w.org\/{rel}","templated":true}]}}