{"id":10771,"date":"2021-10-11T17:15:55","date_gmt":"2021-10-11T20:15:55","guid":{"rendered":"https:\/\/gilvander.org.br\/site\/?p=10771"},"modified":"2021-10-11T17:15:57","modified_gmt":"2021-10-11T20:15:57","slug":"a-campanha-salve-uma-nascente-da-cpt-precisa-de-nos-contribua-se-possivel","status":"publish","type":"post","link":"http:\/\/gilvander.org.br\/site\/a-campanha-salve-uma-nascente-da-cpt-precisa-de-nos-contribua-se-possivel\/","title":{"rendered":"A Campanha \u201cSalve Uma Nascente\u201d, da CPT, precisa de n\u00f3s. Contribua, se poss\u00edvel!"},"content":{"rendered":"\n<p><strong>A Campanha \u201cSalve Uma Nascente\u201d, da CPT, precisa de n\u00f3s. Contribua, se poss\u00edvel!<\/strong><\/p>\n\n\n\n<figure class=\"wp-block-image size-full is-resized\"><img loading=\"lazy\" decoding=\"async\" src=\"https:\/\/gilvander.org.br\/site\/wp-content\/uploads\/2021\/10\/A8HlxB7.png\" alt=\"\" class=\"wp-image-10772\" width=\"780\" height=\"630\" srcset=\"http:\/\/gilvander.org.br\/site\/wp-content\/uploads\/2021\/10\/A8HlxB7.png 670w, http:\/\/gilvander.org.br\/site\/wp-content\/uploads\/2021\/10\/A8HlxB7-300x242.png 300w, http:\/\/gilvander.org.br\/site\/wp-content\/uploads\/2021\/10\/A8HlxB7-100x80.png 100w\" sizes=\"auto, (max-width: 780px) 100vw, 780px\" \/><figcaption><em>Revitaliza\u00e7\u00e3o de nascentes. Fotos: Arquivo da CPT<\/em><\/figcaption><\/figure>\n\n\n\n<p>O Cerrado abriga nascentes de 8 das 12 bacias hidrogr\u00e1ficas do pa\u00eds. Mas, a cada ano, 10 pequenos rios morrem. Voc\u00ea pode nos ajudar a frear esta devasta\u00e7\u00e3o.<\/p>\n\n\n\n<p><strong>O Cerrado \u00e9 a mais importante \u00e1rea de recarga h\u00eddrica do Brasil.<\/strong>&nbsp;\u00c9 nele que brotam importantes rios que percorrem nosso Pa\u00eds. O Cerrado&nbsp;<strong>equivale a mais de 1\/3 do territ\u00f3rio brasileiro<\/strong>&nbsp;e&nbsp;<strong>\u00e9 a savana mais biodiversa do mundo<\/strong>, mas, na contram\u00e3o de toda essa riqueza, o planejamento pol\u00edtico brasileiro enxerga o Cerrado como regi\u00e3o de expans\u00e3o da fronteira agr\u00edcola.<\/p>\n\n\n\n<p>O cen\u00e1rio \u00e9 estarrecedor. Somente em 2020, o desmatamento no Cerrado totalizou 7,3 mil km\u00b2 e&nbsp;<strong>foram registrados mais de 63 mil focos de inc\u00eandio<\/strong>, segundo dados do Instituto Nacional de Pesquisas Espaciais (Inpe). Devido a suas caracter\u00edsticas de vegeta\u00e7\u00e3o resistente e tortuosa, o Cerrado \u00e9 visto por alguns como um bioma &#8220;dispens\u00e1vel&#8221; ou resiliente \u00e0 destrui\u00e7\u00e3o. Mas nada disso \u00e9 verdade!<\/p>\n\n\n\n<p><strong>Boa parte do Cerrado n\u00e3o se regenera e destru\u00ed-lo significa destruir as fontes de \u00e1gua do nosso pa\u00eds.<\/strong><\/p>\n\n\n\n<p><strong>A Campanha #SalveUmaNascente completou 60% da primeira meta. Com a sua ajuda podemos garantir que as \u00e1guas \ud83d\udca6 continuem brotando no Cerrado e abastecendo o nosso pa\u00eds. Afinal, o Cerrado \u00e9 a mais importante \u00e1rea de recarga h\u00eddrica do Brasil.<\/strong><\/p>\n\n\n\n<p><strong>Agradecemos sua contribui\u00e7\u00e3o, mas contamos com voc\u00ea para continuar a mobiliza\u00e7\u00e3o, queremos chegar a meta de 05 nascentes recuperadas.<\/strong><\/p>\n\n\n\n<p><strong>Para mais informa\u00e7\u00f5es, acesse, contribua e divulgue o link a seguir: <a href=\"https:\/\/benfeitoria.com\/salveumanascente\">https:\/\/benfeitoria.com\/salveumanascente<\/a><\/strong><\/p>\n\n\n\n<p><strong>Lembre-se, sem doa\u00e7\u00e3o n\u00e3o h\u00e1 Projeto! #TudoOuNada #SalveUmaNascente<\/strong><\/p>\n","protected":false},"excerpt":{"rendered":"<p>A Campanha \u201cSalve Uma Nascente\u201d, da CPT, precisa de n\u00f3s. Contribua, se poss\u00edvel! O Cerrado abriga nascentes de 8 das 12 bacias hidrogr\u00e1ficas do pa\u00eds. Mas, a cada ano, 10 pequenos rios morrem. Voc\u00ea pode<\/p>\n","protected":false},"author":2,"featured_media":10772,"comment_status":"open","ping_status":"open","sticky":false,"template":"","format":"standard","meta":{"footnotes":""},"categories":[21,47,46,44,38,49,39,27,30,25,56,29,43,24,26],"tags":[],"class_list":["post-10771","post","type-post","status-publish","format-standard","has-post-thumbnail","hentry","category-artigo","category-direito-a-agua","category-direito-a-cultura-popular","category-direito-a-memoria","category-direito-a-saude","category-direito-a-terra","category-direitos-dos-povos-indigenas","category-direitos-humanos","category-fe-e-politica","category-luta-pela-terra-e-reforma-agraria","category-meio-ambiente","category-movimentos-sociais-populares","category-pedagogia-emancipatoria","category-romaria-das-aguas-e-da-terra-de-mg","category-teologia-da-libertacao"],"_links":{"self":[{"href":"http:\/\/gilvander.org.br\/site\/wp-json\/wp\/v2\/posts\/10771","targetHints":{"allow":["GET"]}}],"collection":[{"href":"http:\/\/gilvander.org.br\/site\/wp-json\/wp\/v2\/posts"}],"about":[{"href":"http:\/\/gilvander.org.br\/site\/wp-json\/wp\/v2\/types\/post"}],"author":[{"embeddable":true,"href":"http:\/\/gilvander.org.br\/site\/wp-json\/wp\/v2\/users\/2"}],"replies":[{"embeddable":true,"href":"http:\/\/gilvander.org.br\/site\/wp-json\/wp\/v2\/comments?post=10771"}],"version-history":[{"count":1,"href":"http:\/\/gilvander.org.br\/site\/wp-json\/wp\/v2\/posts\/10771\/revisions"}],"predecessor-version":[{"id":10773,"href":"http:\/\/gilvander.org.br\/site\/wp-json\/wp\/v2\/posts\/10771\/revisions\/10773"}],"wp:featuredmedia":[{"embeddable":true,"href":"http:\/\/gilvander.org.br\/site\/wp-json\/wp\/v2\/media\/10772"}],"wp:attachment":[{"href":"http:\/\/gilvander.org.br\/site\/wp-json\/wp\/v2\/media?parent=10771"}],"wp:term":[{"taxonomy":"category","embeddable":true,"href":"http:\/\/gilvander.org.br\/site\/wp-json\/wp\/v2\/categories?post=10771"},{"taxonomy":"post_tag","embeddable":true,"href":"http:\/\/gilvander.org.br\/site\/wp-json\/wp\/v2\/tags?post=10771"}],"curies":[{"name":"wp","href":"https:\/\/api.w.org\/{rel}","templated":true}]}}