{"id":10774,"date":"2021-10-11T18:37:36","date_gmt":"2021-10-11T21:37:36","guid":{"rendered":"https:\/\/gilvander.org.br\/site\/?p=10774"},"modified":"2021-10-11T19:18:24","modified_gmt":"2021-10-11T22:18:24","slug":"frei-gilvander-na-radio-itatiaia-dia-10-05-2021-defendendo-os-direitos-de-130-ocupacoes-de-belo-horizonte-mg","status":"publish","type":"post","link":"http:\/\/gilvander.org.br\/site\/frei-gilvander-na-radio-itatiaia-dia-10-05-2021-defendendo-os-direitos-de-130-ocupacoes-de-belo-horizonte-mg\/","title":{"rendered":"Frei Gilvander na R\u00e1dio Itatiaia, dia 05\/10\/21, defendendo os Direitos de 130 Ocupa\u00e7\u00f5es de Belo Horizonte, MG"},"content":{"rendered":"\n<p><strong>Frei Gilvander na R\u00e1dio Itatiaia, dia 05\/05\/2021, defendendo os Direitos de 130 Ocupa\u00e7\u00f5es de Belo<\/strong> <strong>Horizonte, MG<\/strong><\/p>\n\n\n\n<figure class=\"wp-block-embed is-type-rich is-provider-spotify wp-block-embed-spotify wp-embed-aspect-21-9 wp-has-aspect-ratio\"><div class=\"wp-block-embed__wrapper\">\n<iframe loading=\"lazy\" title=\"Spotify Embed: Frei Gilvander na R\u00e1dio Itatiaia, dia 05\/10\/2021, defendendo os Direitos de 130 Ocupa\u00e7\u00f5es de Belo Horizonte, MG\" width=\"100%\" height=\"152\" frameborder=\"0\" allowfullscreen allow=\"autoplay; clipboard-write; encrypted-media; fullscreen; picture-in-picture\" src=\"https:\/\/open.spotify.com\/embed\/episode\/59Al88ruQakmeEA5a0ejt9?si=4mp3BxaTTbeS8Y9itoF2XQ&#038;dl_branch=1\"><\/iframe>\n<\/div><\/figure>\n\n\n\n<p><strong>Frei Gilvander na R\u00e1dio Itatiaia, dia 10\/05\/2021, defendendo os Direitos de 130 Ocupa\u00e7\u00f5es de Belo Horizonte, MG<\/strong><\/p>\n\n\n\n<figure class=\"wp-block-image size-full is-resized\"><img loading=\"lazy\" decoding=\"async\" src=\"https:\/\/gilvander.org.br\/site\/wp-content\/uploads\/2021\/10\/96442961_2423-23redux..jpg\" alt=\"\" class=\"wp-image-10775\" width=\"780\" height=\"439\" srcset=\"http:\/\/gilvander.org.br\/site\/wp-content\/uploads\/2021\/10\/96442961_2423-23redux..jpg 640w, http:\/\/gilvander.org.br\/site\/wp-content\/uploads\/2021\/10\/96442961_2423-23redux.-300x169.jpg 300w\" sizes=\"auto, (max-width: 780px) 100vw, 780px\" \/><figcaption>Ocupa\u00e7\u00e3o Esperan\u00e7a, na regi\u00e3o da Izidora, em Belo Horizonte, MG. Foto: BBC News<\/figcaption><\/figure>\n\n\n\n<p>Divulga\u00e7\u00e3o: Frei Gilvander Moreira, da CPT, das CEBs, do CEBI, do SAB e da assessoria de Movimentos Populares, em Minas Gerais.<\/p>\n\n\n\n<p>Acompanhe a luta pela terra e por Direitos tamb\u00e9m via&nbsp;<a href=\"http:\/\/www.gilvander.org.br\/\" rel=\"noreferrer noopener\" target=\"_blank\">www.gilvander.org.br<\/a>&nbsp;&nbsp;&#8211;&nbsp;<a href=\"http:\/\/www.freigilvander.blogspot.com\/\" rel=\"noreferrer noopener\" target=\"_blank\">www.freigilvander.blogspot.com&nbsp;<\/a>&nbsp;<a href=\"http:\/\/www.cebimg.org.br\/\" rel=\"noreferrer noopener\" target=\"_blank\">www.cebimg.org.br<\/a>&nbsp;&nbsp;&#8211;&nbsp;<a href=\"http:\/\/www.cptmg.org.br\/\" rel=\"noreferrer noopener\" target=\"_blank\">www.cptmg.org.br<\/a>&nbsp;&nbsp;&#8211;&nbsp;<a href=\"http:\/\/www.cptminas.blogspot.com.br\/\" rel=\"noreferrer noopener\" target=\"_blank\">www.cptminas.blogspot.com.br<\/a><\/p>\n\n\n\n<p>Todos os v\u00eddeos, m\u00fasicas e imagens n\u00e3o utilizam v\u00eddeos pertencentes a seus respectivos propriet\u00e1rios.&nbsp;O material \u00e9 utilizado apenas para fins educacionais e se enquadra nas normas de uso aceit\u00e1vel.&nbsp;N\u00e3o se pretende infringir direitos autorais.&nbsp;Se voc\u00ea \u00e9 o propriet\u00e1rio do conte\u00fado legal de qualquer v\u00eddeo, m\u00fasica e imagem aqui usados \u200b\u200be gostaria que fossem removidos, por favor, entre em contato, Qualquer infra\u00e7\u00e3o n\u00e3o foi feita de prop\u00f3sito e ser\u00e1 retificada para a satisfa\u00e7\u00e3o de todas as partes.<\/p>\n\n\n\n<p>No Instagram: Frei Gilvander Moreira (gilvanderluismoreira)<\/p>\n\n\n\n<p>No Spotify: Frei Gilvander luta pela terra e por direitos<\/p>\n\n\n\n<p>* Veja-se no Canal Frei Gilvander Luta pela Terra e por Direitos, nenhum link:&nbsp;<a href=\"https:\/\/www.youtube.com\/user\/fgilvander\" rel=\"noreferrer noopener\" target=\"_blank\">https:\/\/www.youtube.com\/user\/fgilvander<\/a>&nbsp;, a\u00e7\u00e3o o sininho, receba como notifica\u00e7\u00f5es de envio de v\u00eddeos e assista diversos v\u00eddeos de luta por direitos sociais.<\/p>\n\n\n\n<p>Se assistir e gostar, compartilhe.&nbsp;Encomenda.&nbsp;#ForaRodoanel #DespejoZero # Palavra\u00c9ticacomFreiGilvander #NaLutaPorDireitos # \u00c1guasParaaVida # BarragemN\u00e3o #FreiGilvander # PalavrasDeF\u00e9ComFreiGilvander<\/p>\n","protected":false},"excerpt":{"rendered":"<p>Frei Gilvander na R\u00e1dio Itatiaia, dia 05\/05\/2021, defendendo os Direitos de 130 Ocupa\u00e7\u00f5es de Belo Horizonte, MG Frei Gilvander na R\u00e1dio Itatiaia, dia 10\/05\/2021, defendendo os Direitos de 130 Ocupa\u00e7\u00f5es de Belo Horizonte, MG Divulga\u00e7\u00e3o:<\/p>\n","protected":false},"author":2,"featured_media":10775,"comment_status":"open","ping_status":"open","sticky":false,"template":"","format":"standard","meta":{"footnotes":""},"categories":[50,47,44,38,56,43,57,26],"tags":[],"class_list":["post-10774","post","type-post","status-publish","format-standard","has-post-thumbnail","hentry","category-audio-de-frei-gilvander","category-direito-a-agua","category-direito-a-memoria","category-direito-a-saude","category-meio-ambiente","category-pedagogia-emancipatoria","category-podcast","category-teologia-da-libertacao"],"_links":{"self":[{"href":"http:\/\/gilvander.org.br\/site\/wp-json\/wp\/v2\/posts\/10774","targetHints":{"allow":["GET"]}}],"collection":[{"href":"http:\/\/gilvander.org.br\/site\/wp-json\/wp\/v2\/posts"}],"about":[{"href":"http:\/\/gilvander.org.br\/site\/wp-json\/wp\/v2\/types\/post"}],"author":[{"embeddable":true,"href":"http:\/\/gilvander.org.br\/site\/wp-json\/wp\/v2\/users\/2"}],"replies":[{"embeddable":true,"href":"http:\/\/gilvander.org.br\/site\/wp-json\/wp\/v2\/comments?post=10774"}],"version-history":[{"count":2,"href":"http:\/\/gilvander.org.br\/site\/wp-json\/wp\/v2\/posts\/10774\/revisions"}],"predecessor-version":[{"id":10777,"href":"http:\/\/gilvander.org.br\/site\/wp-json\/wp\/v2\/posts\/10774\/revisions\/10777"}],"wp:featuredmedia":[{"embeddable":true,"href":"http:\/\/gilvander.org.br\/site\/wp-json\/wp\/v2\/media\/10775"}],"wp:attachment":[{"href":"http:\/\/gilvander.org.br\/site\/wp-json\/wp\/v2\/media?parent=10774"}],"wp:term":[{"taxonomy":"category","embeddable":true,"href":"http:\/\/gilvander.org.br\/site\/wp-json\/wp\/v2\/categories?post=10774"},{"taxonomy":"post_tag","embeddable":true,"href":"http:\/\/gilvander.org.br\/site\/wp-json\/wp\/v2\/tags?post=10774"}],"curies":[{"name":"wp","href":"https:\/\/api.w.org\/{rel}","templated":true}]}}