{"id":11120,"date":"2022-03-29T11:34:55","date_gmt":"2022-03-29T14:34:55","guid":{"rendered":"http:\/\/gilvander.org.br\/site\/?p=11120"},"modified":"2022-03-29T11:35:00","modified_gmt":"2022-03-29T14:35:00","slug":"tributo-a-joaci-ornelas-grande-violeiro-de-mg-e-militante-na-defesa-da-cultura-popular-e-da-justica-social","status":"publish","type":"post","link":"http:\/\/gilvander.org.br\/site\/tributo-a-joaci-ornelas-grande-violeiro-de-mg-e-militante-na-defesa-da-cultura-popular-e-da-justica-social\/","title":{"rendered":"Tributo a Joaci Ornelas: grande violeiro de MG e militante na defesa da cultura popular e da justi\u00e7a social"},"content":{"rendered":"\n<p><strong>Tributo a Joaci Ornelas: grande violeiro de MG e militante na defesa da cultura popular e da justi\u00e7a social.<\/strong> Por Frei Gilvander Moreira<a href=\"#_ftn1\">[1]<\/a><\/p>\n\n\n\n<figure class=\"wp-block-image size-full\"><img loading=\"lazy\" decoding=\"async\" width=\"800\" height=\"530\" src=\"http:\/\/gilvander.org.br\/site\/wp-content\/uploads\/2022\/03\/WhatsApp-Image-2022-03-28-at-22.09.24.jpeg\" alt=\"\" class=\"wp-image-11121\" srcset=\"http:\/\/gilvander.org.br\/site\/wp-content\/uploads\/2022\/03\/WhatsApp-Image-2022-03-28-at-22.09.24.jpeg 800w, http:\/\/gilvander.org.br\/site\/wp-content\/uploads\/2022\/03\/WhatsApp-Image-2022-03-28-at-22.09.24-300x199.jpeg 300w, http:\/\/gilvander.org.br\/site\/wp-content\/uploads\/2022\/03\/WhatsApp-Image-2022-03-28-at-22.09.24-768x509.jpeg 768w\" sizes=\"auto, (max-width: 800px) 100vw, 800px\" \/><figcaption>O violeiro Joaci Ornelas fez sua travessia para cantar ao lado de Deus, que tamb\u00e9m \u00e9 violeiro.<\/figcaption><\/figure>\n\n\n\n<p>Nosso querido violeiro Joaci Ornelas fez sua travessia e partiu para a vida plena, se encantou, virou estrela, ontem, 28\/3\/22, por volta das 13H30, v\u00edtima de c\u00e2ncer no intestino, que se espalhou pelo corpo. Vel\u00f3rio hoje, 3f., 29\/3\/22, no Cemit\u00e9rio da Paz, vel\u00f3rio 2, das 13h \u00e0s 17h, no Cai\u00e7ara, em Belo Horizonte, MG. Joaci Ornelas, uma das pessoas mais humanas que tive a alegria de conhecer. Um amigo-irm\u00e3o. Grande violeiro, cantador da fina e leg\u00edtima cultura popular. Aprendeu muito na arte de tocar viola e compor m\u00fasicas inspiradoras e ensinou muito outras pessoas a tocar viola e viol\u00e3o, e cantar. Al\u00e9m de cuidar da cultura<\/p>\n\n\n\n<p>popular, Joaci preocupava-se em marcar presen\u00e7a na luta pela supera\u00e7\u00e3o das injusti\u00e7as Sociais. Ele participou conosco da luta do Assentamento Pastorinhas, do MST, em Brumadinho, MG, no in\u00edcio dos anos 2000.\u00a0 Humilde, \u00e9tico, solid\u00e1rio, grande lutador, nos deixa um legado imenso. Joaci Ornelas continua vivo em n\u00f3s de muitas formas. Antes de partir, Joaci disse ao violeiro Wilsom Dias: \u201cEstou leve como uma pluma. Agora \u00e9 com voc\u00eas!\u201d Meu abra\u00e7o solid\u00e1rio a todos\/as que sentem sua partida para vida plena antes da hora. Frei Gilvander Moreira \u2013 <a href=\"http:\/\/www.gilvander.org.br\">www.gilvander.org.br<\/a><\/p>\n\n\n\n<p><strong>Eis, abaixo, tr\u00eas amostras em v\u00eddeos com Joaci Ornelas<\/strong><\/p>\n\n\n\n<p><strong>1 &#8211; N\u00f3 Caipira &#8211; Joaci Ornelas<\/strong><\/p>\n\n\n\n<figure class=\"wp-block-embed is-type-video is-provider-youtube wp-block-embed-youtube wp-embed-aspect-16-9 wp-has-aspect-ratio\"><div class=\"wp-block-embed__wrapper\">\n<div class=\"epyt-video-wrapper\"><iframe loading=\"lazy\"  id=\"_ytid_39802\"  width=\"810\" height=\"456\"  data-origwidth=\"810\" data-origheight=\"456\" src=\"https:\/\/www.youtube.com\/embed\/wGdZLH0dAUw?enablejsapi=1&#038;autoplay=0&#038;cc_load_policy=0&#038;cc_lang_pref=&#038;iv_load_policy=1&#038;loop=0&#038;rel=1&#038;fs=1&#038;playsinline=0&#038;autohide=2&#038;theme=dark&#038;color=red&#038;controls=1&#038;disablekb=0&#038;\" class=\"__youtube_prefs__  epyt-is-override  no-lazyload\" title=\"YouTube player\"  allow=\"fullscreen; accelerometer; autoplay; clipboard-write; encrypted-media; gyroscope; picture-in-picture; web-share\" referrerpolicy=\"strict-origin-when-cross-origin\" allowfullscreen data-no-lazy=\"1\" data-skipgform_ajax_framebjll=\"\"><\/iframe><\/div>\n<\/div><\/figure>\n\n\n\n<p><strong>2 &#8211; Seis Violeiros: Gustavo, Bilora, Chico, Pereira, Wilson e Joaci Ornelas, em Belo Horizonte\/MG. Parte III\/V\u00eddeo 3<\/strong><\/p>\n\n\n\n<figure class=\"wp-block-embed is-type-video is-provider-youtube wp-block-embed-youtube wp-embed-aspect-16-9 wp-has-aspect-ratio\"><div class=\"wp-block-embed__wrapper\">\n<div class=\"epyt-video-wrapper\"><iframe loading=\"lazy\"  id=\"_ytid_22723\"  width=\"810\" height=\"456\"  data-origwidth=\"810\" data-origheight=\"456\" src=\"https:\/\/www.youtube.com\/embed\/22Gqv4FmOrM?enablejsapi=1&#038;autoplay=0&#038;cc_load_policy=0&#038;cc_lang_pref=&#038;iv_load_policy=1&#038;loop=0&#038;rel=1&#038;fs=1&#038;playsinline=0&#038;autohide=2&#038;theme=dark&#038;color=red&#038;controls=1&#038;disablekb=0&#038;\" class=\"__youtube_prefs__  epyt-is-override  no-lazyload\" title=\"YouTube player\"  allow=\"fullscreen; accelerometer; autoplay; clipboard-write; encrypted-media; gyroscope; picture-in-picture; web-share\" referrerpolicy=\"strict-origin-when-cross-origin\" allowfullscreen data-no-lazy=\"1\" data-skipgform_ajax_framebjll=\"\"><\/iframe><\/div>\n<\/div><\/figure>\n\n\n\n<p><strong>3 &#8211; Viva a Viola! Seis Violeiros: Gustavo, Bilora, Chico, Pereira, Wilson e Joaci Ornelas. Parte II &#8211; V\u00eddeo 2<\/strong><\/p>\n\n\n\n<figure class=\"wp-block-embed is-type-video is-provider-youtube wp-block-embed-youtube wp-embed-aspect-16-9 wp-has-aspect-ratio\"><div class=\"wp-block-embed__wrapper\">\n<div class=\"epyt-video-wrapper\"><iframe loading=\"lazy\"  id=\"_ytid_96542\"  width=\"810\" height=\"456\"  data-origwidth=\"810\" data-origheight=\"456\" src=\"https:\/\/www.youtube.com\/embed\/cJlRhzdQSCE?enablejsapi=1&#038;autoplay=0&#038;cc_load_policy=0&#038;cc_lang_pref=&#038;iv_load_policy=1&#038;loop=0&#038;rel=1&#038;fs=1&#038;playsinline=0&#038;autohide=2&#038;theme=dark&#038;color=red&#038;controls=1&#038;disablekb=0&#038;\" class=\"__youtube_prefs__  epyt-is-override  no-lazyload\" title=\"YouTube player\"  allow=\"fullscreen; accelerometer; autoplay; clipboard-write; encrypted-media; gyroscope; picture-in-picture; web-share\" referrerpolicy=\"strict-origin-when-cross-origin\" allowfullscreen data-no-lazy=\"1\" data-skipgform_ajax_framebjll=\"\"><\/iframe><\/div>\n<\/div><\/figure>\n\n\n\n<hr class=\"wp-block-separator\"\/>\n\n\n\n<p><a href=\"#_ftnref1\">[1]<\/a> Frei e padre da Ordem dos carmelitas; doutor em Educa\u00e7\u00e3o pela FAE\/UFMG; licenciado e bacharel em Filosofia pela UFPR; bacharel em Teologia pelo ITESP\/SP; mestre em Exegese B\u00edblica pelo Pontif\u00edcio Instituto B\u00edblico, em Roma, It\u00e1lia; agente e assessor da CPT\/MG, assessor do CEBI e Ocupa\u00e7\u00f5es Urbanas; prof. de Teologia b\u00edblica no SAB (Servi\u00e7o de Anima\u00e7\u00e3o B\u00edblica), em Belo Horizonte, MG; colunista dos sites <a href=\"http:\/\/www.domtotal.com\">www.domtotal.com<\/a> , <a href=\"http:\/\/www.brasildefatomg.com.br\">www.brasildefatomg.com.br<\/a> , <a href=\"http:\/\/www.revistaconsciencia.com\">www.revistaconsciencia.com<\/a> , <a href=\"http:\/\/www.racismoambiental.net.br\">www.racismoambiental.net.br<\/a> e outros. E-mail:&nbsp;<a href=\"mailto:gilvanderlm@gmail.com\">gilvanderlm@gmail.com<\/a> &nbsp;\u2013&nbsp;<a href=\"http:\/\/www.gilvander.org.br\">www.gilvander.org.br<\/a> &nbsp;\u2013&nbsp;<a href=\"http:\/\/www.freigilvander.blogspot.com.br\">www.freigilvander.blogspot.com.br<\/a> &nbsp;&nbsp;&nbsp;&nbsp;&nbsp; \u2013&nbsp;&nbsp;&nbsp;&nbsp;&nbsp;&nbsp;&nbsp;<a href=\"http:\/\/www.twitter.com\/gilvanderluis\">www.twitter.com\/gilvanderluis<\/a> &nbsp;&nbsp;&nbsp;&nbsp;&nbsp;&nbsp;&nbsp; \u2013&nbsp;Facebook: Gilvander Moreira III<\/p>\n","protected":false},"excerpt":{"rendered":"<p>Tributo a Joaci Ornelas: grande violeiro de MG e militante na defesa da cultura popular e da justi\u00e7a social. Por Frei Gilvander Moreira[1] Nosso querido violeiro Joaci Ornelas fez sua travessia e partiu para a<\/p>\n","protected":false},"author":2,"featured_media":11121,"comment_status":"open","ping_status":"open","sticky":false,"template":"","format":"standard","meta":{"footnotes":""},"categories":[21,46,44,43,32,18],"tags":[],"class_list":["post-11120","post","type-post","status-publish","format-standard","has-post-thumbnail","hentry","category-artigo","category-direito-a-cultura-popular","category-direito-a-memoria","category-pedagogia-emancipatoria","category-videos","category-videos-de-frei-gilvander"],"_links":{"self":[{"href":"http:\/\/gilvander.org.br\/site\/wp-json\/wp\/v2\/posts\/11120","targetHints":{"allow":["GET"]}}],"collection":[{"href":"http:\/\/gilvander.org.br\/site\/wp-json\/wp\/v2\/posts"}],"about":[{"href":"http:\/\/gilvander.org.br\/site\/wp-json\/wp\/v2\/types\/post"}],"author":[{"embeddable":true,"href":"http:\/\/gilvander.org.br\/site\/wp-json\/wp\/v2\/users\/2"}],"replies":[{"embeddable":true,"href":"http:\/\/gilvander.org.br\/site\/wp-json\/wp\/v2\/comments?post=11120"}],"version-history":[{"count":1,"href":"http:\/\/gilvander.org.br\/site\/wp-json\/wp\/v2\/posts\/11120\/revisions"}],"predecessor-version":[{"id":11122,"href":"http:\/\/gilvander.org.br\/site\/wp-json\/wp\/v2\/posts\/11120\/revisions\/11122"}],"wp:featuredmedia":[{"embeddable":true,"href":"http:\/\/gilvander.org.br\/site\/wp-json\/wp\/v2\/media\/11121"}],"wp:attachment":[{"href":"http:\/\/gilvander.org.br\/site\/wp-json\/wp\/v2\/media?parent=11120"}],"wp:term":[{"taxonomy":"category","embeddable":true,"href":"http:\/\/gilvander.org.br\/site\/wp-json\/wp\/v2\/categories?post=11120"},{"taxonomy":"post_tag","embeddable":true,"href":"http:\/\/gilvander.org.br\/site\/wp-json\/wp\/v2\/tags?post=11120"}],"curies":[{"name":"wp","href":"https:\/\/api.w.org\/{rel}","templated":true}]}}