{"id":11185,"date":"2022-04-26T14:03:16","date_gmt":"2022-04-26T17:03:16","guid":{"rendered":"https:\/\/gilvander.org.br\/site\/?p=11185"},"modified":"2022-04-29T14:16:02","modified_gmt":"2022-04-29T17:16:02","slug":"governo-de-mg-esteriliza-e-amordaca-consulta-previa-live-e-informada-dos-povos-tradicionais-por-frei-gilvander","status":"publish","type":"post","link":"http:\/\/gilvander.org.br\/site\/governo-de-mg-esteriliza-e-amordaca-consulta-previa-live-e-informada-dos-povos-tradicionais-por-frei-gilvander\/","title":{"rendered":"Governo de MG esteriliza e amorda\u00e7a Consulta Pr\u00e9via, Live e Informada dos Povos Tradicionais. Por Frei Gilvander"},"content":{"rendered":"\n<p><strong>Governo de MG esteriliza e amorda\u00e7a Consulta Pr\u00e9via, Live e Informada dos Povos Tradicionais<\/strong>. Por Frei Gilvander Moreira<a id=\"_ftnref1\" href=\"#_ftn1\">[1]<\/a><\/p>\n\n\n\n<figure class=\"wp-block-image size-full is-resized\"><img loading=\"lazy\" decoding=\"async\" src=\"https:\/\/gilvander.org.br\/site\/wp-content\/uploads\/2022\/04\/Faded-Realm-1-1024x1024-1.jpg\" alt=\"\" class=\"wp-image-11186\" width=\"781\" height=\"781\" srcset=\"http:\/\/gilvander.org.br\/site\/wp-content\/uploads\/2022\/04\/Faded-Realm-1-1024x1024-1.jpg 1024w, http:\/\/gilvander.org.br\/site\/wp-content\/uploads\/2022\/04\/Faded-Realm-1-1024x1024-1-300x300.jpg 300w, http:\/\/gilvander.org.br\/site\/wp-content\/uploads\/2022\/04\/Faded-Realm-1-1024x1024-1-150x150.jpg 150w, http:\/\/gilvander.org.br\/site\/wp-content\/uploads\/2022\/04\/Faded-Realm-1-1024x1024-1-768x768.jpg 768w\" sizes=\"auto, (max-width: 781px) 100vw, 781px\" \/><\/figure>\n\n\n\n<p>Dia 20 de abril \u00faltimo (2022), participamos de Audi\u00eancia P\u00fablica da Comiss\u00e3o de Direitos Humanos da Assembleia Legislativa de Minas Gerais (ALMG), ocasi\u00e3o em que todas as Entidades e Organiza\u00e7\u00f5es de Direitos Humanos e Povos e Comunidades Tradicionais repudiaram com veem\u00eancia e exigiram a revoga\u00e7\u00e3o e a anula\u00e7\u00e3o da Resolu\u00e7\u00e3o da SEMAD<a href=\"#_ftn2\" id=\"_ftnref2\">[2]<\/a>\/SEDESE<a href=\"#_ftn3\" id=\"_ftnref3\">[3]<\/a>, do Governo de Minas Gerais, publicada dia 05 de abril de 2022, no Di\u00e1rio Oficial do estado, porque \u00e9 inconstitucional, esteriliza, amorda\u00e7a e mata a Consulta Pr\u00e9via, Livre e Informada (CPLI) dos Povos e Comunidades Tradicionais no estado de Minas Gerais. Viola brutalmente todos os direitos dos Povos e Comunidades Tradicionais. A injusta Resolu\u00e7\u00e3o fere princ\u00edpios b\u00e1sicos de participa\u00e7\u00e3o e da pr\u00f3pria Conven\u00e7\u00e3o 169 da OIT<a href=\"#_ftn4\" id=\"_ftnref4\">[4]<\/a> da ONU<a href=\"#_ftn5\" id=\"_ftnref5\">[5]<\/a>, que faz parte do ordenamento jur\u00eddico do pa\u00eds, desde 2004. A Conven\u00e7\u00e3o 169 da OIT \u201c<em>tem por objetivo ser um instrumento de prote\u00e7\u00e3o e salvaguarda dos direitos de Povos e Comunidades Tradicionais, garantindo-lhes, entre outros, o direito \u00e0 autoatribui\u00e7\u00e3o\/autodeclara\u00e7\u00e3o, o direito \u00e0 consulta e de participa\u00e7\u00e3o da tomada de decis\u00f5es que possam trazer impactos ao seu modo de vida<\/em>\u201d. A famigerada Resolu\u00e7\u00e3o faz uma invers\u00e3o: os Povos e Comunidades Tradicionais s\u00e3o tratados como SOBREPOSTOS \u00e0s \u00e1reas dos projetos. Defende a ideia de que injusti\u00e7a \u00e9 os Povos e Comunidades Tradicionais estarem em \u00e1reas de interesse da gula sem fim do grande capital. A ilegal Resolu\u00e7\u00e3o restringe muito o n\u00famero de comunidades diretamente afetadas, que ser\u00e3o consultadas sob morda\u00e7a. Diz que s\u00f3 ser\u00e3o consultadas Comunidades certificadas ap\u00f3s Certid\u00e3o de Autorreconhecimento como Comunidade Tradicional emitida pela CEPCT-MG<a href=\"#_ftn6\" id=\"_ftnref6\">[6]<\/a>, FUNAI<a href=\"#_ftn7\" id=\"_ftnref7\">[7]<\/a> e Funda\u00e7\u00e3o Palmares. Sabemos que pouqu\u00edssimas Comunidades s\u00e3o certificadas e j\u00e1 h\u00e1 um bom tempo a CEPCT-MG n\u00e3o emite mais certid\u00e3o. O CEDEFES<a href=\"#_ftn8\" id=\"_ftnref8\">[8]<\/a> j\u00e1 inventariou mais de 1.000 Comunidades Quilombolas em Minas Gerais e h\u00e1 milhares de outras Comunidades Tradicionais em processo de autorreconhecimento e\/ou em fase de solicita\u00e7\u00e3o de certificado. No mais, a autoatribui\u00e7\u00e3o em si, j\u00e1 seria suficiente, segundo a Conven\u00e7\u00e3o 169 da OIT, garantindo a autonomia emancipat\u00f3ria dos Povos e Comunidades Tradicionais. Por isto, restringir a CPLI \u00e0s comunidades j\u00e1 certificadas \u00e9 grave infra\u00e7\u00e3o por parte da Resolu\u00e7\u00e3o da SEMAD e SEDESE, que joga para a invisibilidade as comunidades que n\u00e3o se apresentaram oficialmente para as institui\u00e7\u00f5es p\u00fablicas e\/ou optaram por n\u00e3o se apresentar ainda, mas que tem seus iguais direitos garantidos e constitu\u00eddos.<\/p>\n\n\n\n<p>Conforme bem apontado pelas representantes da Defensoria P\u00fablica do Estado de Minas Gerais (DPE\/MG), Dra. Ana Cl\u00e1udia Alexandre, e do CEDEFES, Dra. Alenice Baeta, durante a Audi\u00eancia P\u00fablica conduzida pelas Deputadas Estaduais Andreia de Jesus e Beatriz Cerqueira, esta Resolu\u00e7\u00e3o \u00e9 nitidamente um ato de retrocesso, o que n\u00e3o \u00e9 admitido pelas cortes internacionais e por todo o corol\u00e1rio de normas internacionais no \u00e2mbito dos Direitos Humanos. A \u201cProibi\u00e7\u00e3o do N\u00e3o-Retrocesso\u201d \u00e9 instituto fulcral e deve ser severamente respeitado, pois configura-se claro interesse por parte do estado de Minas Gerais em reestabelecer o \u201cRegime de Tutela\u201d, j\u00e1 superado por meio das conquistas emancipat\u00f3rias e de autonomia, sobretudo, no \u00e2mbito da alteridade sociocultural e hist\u00f3rica, respeitando de forma incondicional as especificidades culturais e territoriais de cada Povo e Comunidade Tradicional. Tal resolu\u00e7\u00e3o revela, todavia, por parte do estado de Minas Gerais o seu arraigado Racismo Socioambiental e a Discrimina\u00e7\u00e3o institucional para com os Povos e Comunidades Tradicionais e desrespeito total aos seus direitos constitu\u00eddos.<\/p>\n\n\n\n<p>Esta inconstitucional Resolu\u00e7\u00e3o prev\u00ea que, n\u00e3o havendo consenso na Consulta aos Povos e Comunidades Tradicionais, a decis\u00e3o final ser\u00e1 da SEMAD, mesmo que os Povos e Comunidades consultados neguem a aprova\u00e7\u00e3o do empreendimento. Isto \u00e9, portanto, tentativa insana e irrespons\u00e1vel de retomar a tutela dos Povos Tradicionais, o que \u00e9 inadmiss\u00edvel! Se a SEMAD com a C\u00e2mera de Atividades Miner\u00e1rias (CMI) do COPAM<a href=\"#_ftn9\" id=\"_ftnref9\">[9]<\/a> tem aprovado todos os grandes projetos das grandes mineradoras, \u00e9 \u00f3bvio que \u00e9 injusto, inconstitucional e viola\u00e7\u00e3o ao que est\u00e1 prescrito na Conven\u00e7\u00e3o 169, deixar a SEMAD decidir. Isto significa, na pr\u00e1tica, atropelar e violentar os direitos dos Povos e Comunidades Tradicionais, pois, injustamente, a SEMAD tem atuado de forma subserviente aos interesses das grandes empresas.<\/p>\n\n\n\n<p>\u00c9 imoral, injusto e inconstitucional, conforme definido na Resolu\u00e7\u00e3o, atribuir ao respons\u00e1vel pela CLPI &#8211; entre eles as empresas com seus grandes interesses capitalistas \u2013 o poder de definir quem s\u00e3o os Povos e Comunidades Tradicionais (PCTs) afetados, qual \u00e9 a \u00e1rea diretamente afetada (ADA), ditar prazos, estabelecer a metodologia, o plano e conduzir todo o processo regido pela boa-f\u00e9 das partes envolvidas. Inadmiss\u00edvel isso tudo.<\/p>\n\n\n\n<p>Esta Resolu\u00e7\u00e3o \u00e9 injusta tamb\u00e9m porque imp\u00f5e prazos que violam o car\u00e1ter livre e informado da consulta, como por exemplo, o prazo de 45 dias corridos para a elabora\u00e7\u00e3o de Protocolos de Consultas e 120 dias para a conclus\u00e3o da consulta.Isso \u00e9 desrespeito ao tempo das Comunidades Tradicionais. Para ser Livre a Consulta, quem deve determinar o tempo s\u00e3o as Comunidades Tradicionais; n\u00e3o pode ser uma Consulta acelerada, no ritmo dos interesses do grande capital. Outro absurdo desta Resolu\u00e7\u00e3o: apregoa que as empresas poder\u00e3o contratar empresas consultoras para elaborar a Consulta Pr\u00e9via, Livre e Informada. Isso \u00e9 o mesmo que colocar raposa para arrumar o galinheiro. Esta injusta Resolu\u00e7\u00e3o foi publicada ap\u00f3s o Minist\u00e9rio P\u00fablico expedir Recomenda\u00e7\u00e3o para suspender as Audi\u00eancias P\u00fablicas do Projeto do Bloco 8 da Mineradora SAM, em Gr\u00e3o Mogol e Fruta de Leite, no norte de MG. S\u00e3o ilegais e inconstitucionais os EIA-RIMA<a href=\"#_ftn10\" id=\"_ftnref10\">[10]<\/a> da minera\u00e7\u00e3o da SAM no norte de MG, sem antes fazer a Consulta Pr\u00e9via, Livre e Informada. Da mesma forma, o edital de licita\u00e7\u00e3o do Rodoanel, rodomin\u00e9rio, na Regi\u00e3o Metropolitana de Belo Horizonte (RMBH). Absurdo dos absurdos o Governo de MG continuar insistindo em fazer a licita\u00e7\u00e3o do Rodoanel, obra fara\u00f4nica, autorit\u00e1ria, eleitoreira, hidrocida, ecocida, drag\u00e3o do Apocalipse, estrada da morte que levar\u00e1 Belo Horizonte e RMBH da grave crise h\u00eddrica ao colapso h\u00eddrico. Tudo isso sem fazer a Consulta Pr\u00e9via, Livre e Informada a mais de dez Comunidades Quilombolas e dezenas de outras Comunidades Tradicionais que est\u00e3o no trajeto do Rodoanel. \u00c9 injusto e inconstitucional facultar \u00e0s empresas determinarem qual \u00e9 a \u201c\u00e1rea diretamente afetada\u201d e restringir a Consulta Livre, Pr\u00e9via e Informada a esta eventual \u201c\u00e1rea diretamente afetada\u201d. Os efeitos socioambientais dos grandes empreendimentos ocorrem de forma sist\u00eamica e cont\u00ednua para al\u00e9m do per\u00edmetro deliberado e interessadamente compreendido como \u201c\u00e1rea diretamente afetada\u201d.<\/p>\n\n\n\n<p>Esta Resolu\u00e7\u00e3o \u00e9 semelhante \u00e0s resolu\u00e7\u00f5es bolsonaristas do desgoverno Federal que tem o objetivo de desmontar todos os instrumentos legais de prote\u00e7\u00e3o dos direitos humanos, sociais e ambientais, conquistados com muita luta. Esta covarde Resolu\u00e7\u00e3o vai contra a legisla\u00e7\u00e3o, somos contra ela; \u00e9 um retrocesso \u00e0s conquistas dos Povos e Comunidades Tradicionais. O Governo de MG, Romeu Zema, est\u00e1 facilitando a todo custo o licenciamento com esta Resolu\u00e7\u00e3o e com Audi\u00eancias P\u00fablicas ilegais que s\u00e3o farsas p\u00fablicas. Reiteramos nosso posicionamento: somos contr\u00e1rios a esta resolu\u00e7\u00e3o violentadora de direitos. Exigimos que esta Resolu\u00e7\u00e3o seja Cancelada, anulada e jogada na lata de lixo da hist\u00f3ria.<\/p>\n\n\n\n<p>A Comiss\u00e3o Pastoral da Terra (CPT) e outras mais de 100 Comunidades Tradicionais, organiza\u00e7\u00f5es da sociedade civil, Movimentos Sociais Populares publicaram Nota denunciando que o Governo de MG, ao expedir a Resolu\u00e7\u00e3o conjunta da SEMAD\/SEDESE, est\u00e1 violando a Conven\u00e7\u00e3o 169 da OIT\/ONU e entidades exigem revoga\u00e7\u00e3o\/anula\u00e7\u00e3o imediata desta resolu\u00e7\u00e3o. Esta Resolu\u00e7\u00e3o \u00e9 mais uma manobra do Governo Zema, a servi\u00e7o dos grandes empreendimentos, das mineradoras e empresas do setor de energia, grandes empresas da idolatria do mercado, para criar uma apar\u00eancia de di\u00e1logo. A verdade \u00e9 que ela \u00e9 violenta e retira os direitos dos Povos e Comunidades Tradicionais.<\/p>\n\n\n\n<p>Precisamos dizer o \u00f3bvio aqui: \u00e0 SEDESE compete fortalecer e ampliar instrumentos de democracia direta e participativa; al\u00e9m de promover a\u00e7\u00f5es afirmativas e de enfrentamento \u00e0 discrimina\u00e7\u00e3o racial contra a popula\u00e7\u00e3o negra, povos ind\u00edgenas, quilombolas e comunidades tradicionais. No entanto, injustamente, ao se posicionar como coautora desta inconstitucional Resolu\u00e7\u00e3o, a SEDESE est\u00e1 traindo sua miss\u00e3o. Como pode a SEDESE e a SEMAD fazerem uma Resolu\u00e7\u00e3o \u00e0 revelia da Comiss\u00e3o de Povos e Tradicionais do Governo de MG?<\/p>\n\n\n\n<p>Diante das mudan\u00e7as clim\u00e1ticas causadas pela imensa devasta\u00e7\u00e3o ambiental que os capitalistas v\u00eam causando via agroneg\u00f3cio, monoculturas, desmatamentos, garimpo etc., \u00e9 absurdo dos absurdos uma Resolu\u00e7\u00e3o fajuta, ilegal, inconstitucional como esta da SEMAD\/SEDESE e todas as resolu\u00e7\u00f5es, portarias e decretos seja do desgoverno federal bolsonarista ou do desgoverno Zema, que visam apenas \u201cpassar a boiada\u201d, acelerando a implanta\u00e7\u00e3o de grandes projetos do grande capital que t\u00eam sido brutalmente devastadores socioambientalmente. Esta resolu\u00e7\u00e3o p\u00f5e um manto de legalidade para pavimentar viola\u00e7\u00e3o brutal dos direitos dos Povos e Comunidades Tradicionais.<\/p>\n\n\n\n<p>Mais que claro que o tal \u201cDi\u00e1logo Social\u201d usado como diretriz do atual governo ZEMA e suas Secretarias parece que n\u00e3o se aplica mesmo aos Povos e Comunidades Tradicionais, mas sim aos interesses do capital, dos empreendimentos econ\u00f4micos que geram somente a degrada\u00e7\u00e3o socioambiental de territ\u00f3rios e a pobreza do nosso povo. Perguntamos: o que teria motivado a elabora\u00e7\u00e3o desta Resolu\u00e7\u00e3o esdr\u00faxula? Queremos explica\u00e7\u00f5es e transpar\u00eancia sobre este processo absurdo e cobramos firmes posicionamentos por parte do Minist\u00e9rio P\u00fablico e da Defensoria P\u00fablica em n\u00edvel estadual e federal a respeito.<\/p>\n\n\n\n<p>Basta de devasta\u00e7\u00e3o socioambiental! Exigimos respeito aos direitos dos Povos e Comunidades Tradicionais. Que o Minist\u00e9rio P\u00fablico e o Judici\u00e1rio anulem esta brutal Resolu\u00e7\u00e3o. Viva os Povos e Comunidades Tradicionais e Fora todos que insistem em passar o trator em cima dos Povos e Comunidades Tradicionais!<\/p>\n\n\n\n<p><strong>Refer\u00eancias<\/strong>.<\/p>\n\n\n\n<p><a href=\"http:\/\/www.cptmg.org.br\/portal\/nota-tecnica-da-aba-sobre-a-resolucao-conjunta-sedese-semad-no-01-de-04-04-2022\/\">http:\/\/www.cptmg.org.br\/portal\/nota-tecnica-da-aba-sobre-a-resolucao-conjunta-sedese-semad-no-01-de-04-04-2022\/<\/a><\/p>\n\n\n\n<p><a href=\"http:\/\/www.cptmg.org.br\/portal\/governo-de-mg-viola-convencao-169-da-oit-e-entidades-exigem-revogacao-imediata-da-medida\/\">http:\/\/www.cptmg.org.br\/portal\/governo-de-mg-viola-convencao-169-da-oit-e-entidades-exigem-revogacao-imediata-da-medida\/<\/a><\/p>\n\n\n\n<p><a href=\"http:\/\/www.cptmg.org.br\/portal\/organizacoes-apontam-inconstitucionalidade-da-resolucao-conjunta-da-sedese-e-semad-do-governo-de-mg-e-exigem-revogacao\/\">http:\/\/www.cptmg.org.br\/portal\/organizacoes-apontam-inconstitucionalidade-da-resolucao-conjunta-da-sedese-e-semad-do-governo-de-mg-e-exigem-revogacao\/<\/a><\/p>\n\n\n\n<p>26\/4\/2022<\/p>\n\n\n\n<p><strong>Obs<\/strong>.: As videorreportagens nos links, abaixo, versam sobre o assunto tratado, acima.<\/p>\n\n\n\n<p><strong>1 &#8211; Frei Gilvander: Resolu\u00e7\u00e3o do Governo de MG violenta direitos dos Povos Tradicionais a Consulta CPLI<\/strong><\/p>\n\n\n\n<figure class=\"wp-block-embed is-type-video is-provider-youtube wp-block-embed-youtube wp-embed-aspect-16-9 wp-has-aspect-ratio\"><div class=\"wp-block-embed__wrapper\">\n<div class=\"epyt-video-wrapper\"><iframe loading=\"lazy\"  id=\"_ytid_92009\"  width=\"810\" height=\"456\"  data-origwidth=\"810\" data-origheight=\"456\" src=\"https:\/\/www.youtube.com\/embed\/HnAVOMXjh9c?enablejsapi=1&#038;autoplay=0&#038;cc_load_policy=0&#038;cc_lang_pref=&#038;iv_load_policy=1&#038;loop=0&#038;rel=1&#038;fs=1&#038;playsinline=0&#038;autohide=2&#038;theme=dark&#038;color=red&#038;controls=1&#038;disablekb=0&#038;\" class=\"__youtube_prefs__  epyt-is-override  no-lazyload\" title=\"YouTube player\"  allow=\"fullscreen; accelerometer; autoplay; clipboard-write; encrypted-media; gyroscope; picture-in-picture; web-share\" referrerpolicy=\"strict-origin-when-cross-origin\" allowfullscreen data-no-lazy=\"1\" data-skipgform_ajax_framebjll=\"\"><\/iframe><\/div>\n<\/div><\/figure>\n\n\n\n<p><strong>2 &#8211; \u201c\u00c9 necess\u00e1rio Resolu\u00e7\u00e3o do Governo de MG sobre a Consulta aos Povos Tradicionais?\u201d (Dep. Andreia)<\/strong><\/p>\n\n\n\n<figure class=\"wp-block-embed is-type-video is-provider-youtube wp-block-embed-youtube wp-embed-aspect-16-9 wp-has-aspect-ratio\"><div class=\"wp-block-embed__wrapper\">\n<div class=\"epyt-video-wrapper\"><iframe loading=\"lazy\"  id=\"_ytid_58354\"  width=\"810\" height=\"456\"  data-origwidth=\"810\" data-origheight=\"456\" src=\"https:\/\/www.youtube.com\/embed\/St_Jdd1Yvbo?enablejsapi=1&#038;autoplay=0&#038;cc_load_policy=0&#038;cc_lang_pref=&#038;iv_load_policy=1&#038;loop=0&#038;rel=1&#038;fs=1&#038;playsinline=0&#038;autohide=2&#038;theme=dark&#038;color=red&#038;controls=1&#038;disablekb=0&#038;\" class=\"__youtube_prefs__  epyt-is-override  no-lazyload\" title=\"YouTube player\"  allow=\"fullscreen; accelerometer; autoplay; clipboard-write; encrypted-media; gyroscope; picture-in-picture; web-share\" referrerpolicy=\"strict-origin-when-cross-origin\" allowfullscreen data-no-lazy=\"1\" data-skipgform_ajax_framebjll=\"\"><\/iframe><\/div>\n<\/div><\/figure>\n\n\n\n<p><strong>3 &#8211; Geraizeiros exigem anula\u00e7\u00e3o da Resolu\u00e7\u00e3o do Governo de MG sobre Consulta Pr\u00e9via Livre e Informada<\/strong><\/p>\n\n\n\n<figure class=\"wp-block-embed is-type-video is-provider-youtube wp-block-embed-youtube wp-embed-aspect-16-9 wp-has-aspect-ratio\"><div class=\"wp-block-embed__wrapper\">\n<div class=\"epyt-video-wrapper\"><iframe loading=\"lazy\"  id=\"_ytid_27297\"  width=\"810\" height=\"456\"  data-origwidth=\"810\" data-origheight=\"456\" src=\"https:\/\/www.youtube.com\/embed\/8PjK1daSq04?enablejsapi=1&#038;autoplay=0&#038;cc_load_policy=0&#038;cc_lang_pref=&#038;iv_load_policy=1&#038;loop=0&#038;rel=1&#038;fs=1&#038;playsinline=0&#038;autohide=2&#038;theme=dark&#038;color=red&#038;controls=1&#038;disablekb=0&#038;\" class=\"__youtube_prefs__  epyt-is-override  no-lazyload\" title=\"YouTube player\"  allow=\"fullscreen; accelerometer; autoplay; clipboard-write; encrypted-media; gyroscope; picture-in-picture; web-share\" referrerpolicy=\"strict-origin-when-cross-origin\" allowfullscreen data-no-lazy=\"1\" data-skipgform_ajax_framebjll=\"\"><\/iframe><\/div>\n<\/div><\/figure>\n\n\n\n<p><strong>4 &#8211; Prof. Matheus REPUDIA Resolu\u00e7\u00e3o do Governo de MG sobre Consulta Pr\u00e9via\/Livre aos Povos Tradicionais<\/strong><\/p>\n\n\n\n<figure class=\"wp-block-embed is-type-video is-provider-youtube wp-block-embed-youtube wp-embed-aspect-16-9 wp-has-aspect-ratio\"><div class=\"wp-block-embed__wrapper\">\n<div class=\"epyt-video-wrapper\"><iframe loading=\"lazy\"  id=\"_ytid_72213\"  width=\"810\" height=\"456\"  data-origwidth=\"810\" data-origheight=\"456\" src=\"https:\/\/www.youtube.com\/embed\/_Vj6IHGltDo?enablejsapi=1&#038;autoplay=0&#038;cc_load_policy=0&#038;cc_lang_pref=&#038;iv_load_policy=1&#038;loop=0&#038;rel=1&#038;fs=1&#038;playsinline=0&#038;autohide=2&#038;theme=dark&#038;color=red&#038;controls=1&#038;disablekb=0&#038;\" class=\"__youtube_prefs__  epyt-is-override  no-lazyload\" title=\"YouTube player\"  allow=\"fullscreen; accelerometer; autoplay; clipboard-write; encrypted-media; gyroscope; picture-in-picture; web-share\" referrerpolicy=\"strict-origin-when-cross-origin\" allowfullscreen data-no-lazy=\"1\" data-skipgform_ajax_framebjll=\"\"><\/iframe><\/div>\n<\/div><\/figure>\n\n\n\n<p><strong>5 &#8211; Dra. Laiza: &#8220;Resolu\u00e7\u00e3o da SEMAD e SEDESE \u00e9 inconstitucional com v\u00edcios insan\u00e1veis. Deve ser anulada&#8221;<\/strong><\/p>\n\n\n\n<figure class=\"wp-block-embed is-type-video is-provider-youtube wp-block-embed-youtube wp-embed-aspect-16-9 wp-has-aspect-ratio\"><div class=\"wp-block-embed__wrapper\">\n<div class=\"epyt-video-wrapper\"><iframe loading=\"lazy\"  id=\"_ytid_41846\"  width=\"810\" height=\"456\"  data-origwidth=\"810\" data-origheight=\"456\" src=\"https:\/\/www.youtube.com\/embed\/zTWVgImtCo0?enablejsapi=1&#038;autoplay=0&#038;cc_load_policy=0&#038;cc_lang_pref=&#038;iv_load_policy=1&#038;loop=0&#038;rel=1&#038;fs=1&#038;playsinline=0&#038;autohide=2&#038;theme=dark&#038;color=red&#038;controls=1&#038;disablekb=0&#038;\" class=\"__youtube_prefs__  epyt-is-override  no-lazyload\" title=\"YouTube player\"  allow=\"fullscreen; accelerometer; autoplay; clipboard-write; encrypted-media; gyroscope; picture-in-picture; web-share\" referrerpolicy=\"strict-origin-when-cross-origin\" allowfullscreen data-no-lazy=\"1\" data-skipgform_ajax_framebjll=\"\"><\/iframe><\/div>\n<\/div><\/figure>\n\n\n\n<p><strong>6 &#8211; Dra. Ana Cl\u00e1udia: \u201cResolu\u00e7\u00e3o do Governo de MG imp\u00f5e RETROCESSO aos Direitos dos Povos Tradicionais.\u201d<\/strong><\/p>\n\n\n\n<figure class=\"wp-block-embed is-type-video is-provider-youtube wp-block-embed-youtube wp-embed-aspect-16-9 wp-has-aspect-ratio\"><div class=\"wp-block-embed__wrapper\">\n<div class=\"epyt-video-wrapper\"><iframe loading=\"lazy\"  id=\"_ytid_29835\"  width=\"810\" height=\"456\"  data-origwidth=\"810\" data-origheight=\"456\" src=\"https:\/\/www.youtube.com\/embed\/PVgG7gzMJ5w?enablejsapi=1&#038;autoplay=0&#038;cc_load_policy=0&#038;cc_lang_pref=&#038;iv_load_policy=1&#038;loop=0&#038;rel=1&#038;fs=1&#038;playsinline=0&#038;autohide=2&#038;theme=dark&#038;color=red&#038;controls=1&#038;disablekb=0&#038;\" class=\"__youtube_prefs__  epyt-is-override  no-lazyload\" title=\"YouTube player\"  allow=\"fullscreen; accelerometer; autoplay; clipboard-write; encrypted-media; gyroscope; picture-in-picture; web-share\" referrerpolicy=\"strict-origin-when-cross-origin\" allowfullscreen data-no-lazy=\"1\" data-skipgform_ajax_framebjll=\"\"><\/iframe><\/div>\n<\/div><\/figure>\n\n\n\n<p><strong>7 &#8211; Tatinha Alves, CEPCTs\/MG: \u201cResolu\u00e7\u00e3o \u00e9 inconstitucional e facilita a entrada de mineradoras nos &#8230;\u201d<\/strong><\/p>\n\n\n\n<figure class=\"wp-block-embed is-type-video is-provider-youtube wp-block-embed-youtube wp-embed-aspect-16-9 wp-has-aspect-ratio\"><div class=\"wp-block-embed__wrapper\">\n<div class=\"epyt-video-wrapper\"><iframe loading=\"lazy\"  id=\"_ytid_91243\"  width=\"810\" height=\"456\"  data-origwidth=\"810\" data-origheight=\"456\" src=\"https:\/\/www.youtube.com\/embed\/U8Yda6biYz4?enablejsapi=1&#038;autoplay=0&#038;cc_load_policy=0&#038;cc_lang_pref=&#038;iv_load_policy=1&#038;loop=0&#038;rel=1&#038;fs=1&#038;playsinline=0&#038;autohide=2&#038;theme=dark&#038;color=red&#038;controls=1&#038;disablekb=0&#038;\" class=\"__youtube_prefs__  epyt-is-override  no-lazyload\" title=\"YouTube player\"  allow=\"fullscreen; accelerometer; autoplay; clipboard-write; encrypted-media; gyroscope; picture-in-picture; web-share\" referrerpolicy=\"strict-origin-when-cross-origin\" allowfullscreen data-no-lazy=\"1\" data-skipgform_ajax_framebjll=\"\"><\/iframe><\/div>\n<\/div><\/figure>\n\n\n\n<p><strong>8 &#8211; Dra. Alenice, do CEDEFES: \u201cResolu\u00e7\u00e3o do Governo de MG: retrocesso q violenta os Povos Tradicionais.\u201d<\/strong><\/p>\n\n\n\n<figure class=\"wp-block-embed is-type-video is-provider-youtube wp-block-embed-youtube wp-embed-aspect-16-9 wp-has-aspect-ratio\"><div class=\"wp-block-embed__wrapper\">\n<div class=\"epyt-video-wrapper\"><iframe loading=\"lazy\"  id=\"_ytid_56357\"  width=\"810\" height=\"456\"  data-origwidth=\"810\" data-origheight=\"456\" src=\"https:\/\/www.youtube.com\/embed\/Q7LwGcj9Lbs?enablejsapi=1&#038;autoplay=0&#038;cc_load_policy=0&#038;cc_lang_pref=&#038;iv_load_policy=1&#038;loop=0&#038;rel=1&#038;fs=1&#038;playsinline=0&#038;autohide=2&#038;theme=dark&#038;color=red&#038;controls=1&#038;disablekb=0&#038;\" class=\"__youtube_prefs__  epyt-is-override  no-lazyload\" title=\"YouTube player\"  allow=\"fullscreen; accelerometer; autoplay; clipboard-write; encrypted-media; gyroscope; picture-in-picture; web-share\" referrerpolicy=\"strict-origin-when-cross-origin\" allowfullscreen data-no-lazy=\"1\" data-skipgform_ajax_framebjll=\"\"><\/iframe><\/div>\n<\/div><\/figure>\n\n\n\n<p><strong>9 &#8211; Dra. Alessandra lista s\u00e9rie de ilegalidades da Resolu\u00e7\u00e3o que viola direitos dos Povos Tradicionais<\/strong><\/p>\n\n\n\n<figure class=\"wp-block-embed is-type-video is-provider-youtube wp-block-embed-youtube wp-embed-aspect-16-9 wp-has-aspect-ratio\"><div class=\"wp-block-embed__wrapper\">\n<div class=\"epyt-video-wrapper\"><iframe loading=\"lazy\"  id=\"_ytid_52704\"  width=\"810\" height=\"456\"  data-origwidth=\"810\" data-origheight=\"456\" src=\"https:\/\/www.youtube.com\/embed\/ip_S9FbSNZU?enablejsapi=1&#038;autoplay=0&#038;cc_load_policy=0&#038;cc_lang_pref=&#038;iv_load_policy=1&#038;loop=0&#038;rel=1&#038;fs=1&#038;playsinline=0&#038;autohide=2&#038;theme=dark&#038;color=red&#038;controls=1&#038;disablekb=0&#038;\" class=\"__youtube_prefs__  epyt-is-override  no-lazyload\" title=\"YouTube player\"  allow=\"fullscreen; accelerometer; autoplay; clipboard-write; encrypted-media; gyroscope; picture-in-picture; web-share\" referrerpolicy=\"strict-origin-when-cross-origin\" allowfullscreen data-no-lazy=\"1\" data-skipgform_ajax_framebjll=\"\"><\/iframe><\/div>\n<\/div><\/figure>\n\n\n\n<hr class=\"wp-block-separator\"\/>\n\n\n\n<p><strong>10- \u201cResolu\u00e7\u00e3o sob medida p beneficiar mineradoras&#8221;(Frei Gilvander). Vale viola direitos d Xukuru-Kariri<\/strong><\/p>\n\n\n\n<figure class=\"wp-block-embed is-type-video is-provider-youtube wp-block-embed-youtube wp-embed-aspect-16-9 wp-has-aspect-ratio\"><div class=\"wp-block-embed__wrapper\">\n<div class=\"epyt-video-wrapper\"><iframe loading=\"lazy\"  id=\"_ytid_55338\"  width=\"810\" height=\"456\"  data-origwidth=\"810\" data-origheight=\"456\" src=\"https:\/\/www.youtube.com\/embed\/WJj6gIFKXQc?enablejsapi=1&#038;autoplay=0&#038;cc_load_policy=0&#038;cc_lang_pref=&#038;iv_load_policy=1&#038;loop=0&#038;rel=1&#038;fs=1&#038;playsinline=0&#038;autohide=2&#038;theme=dark&#038;color=red&#038;controls=1&#038;disablekb=0&#038;\" class=\"__youtube_prefs__  epyt-is-override  no-lazyload\" title=\"YouTube player\"  allow=\"fullscreen; accelerometer; autoplay; clipboard-write; encrypted-media; gyroscope; picture-in-picture; web-share\" referrerpolicy=\"strict-origin-when-cross-origin\" allowfullscreen data-no-lazy=\"1\" data-skipgform_ajax_framebjll=\"\"><\/iframe><\/div>\n<\/div><\/figure>\n\n\n\n<p><strong>11 &#8211; Dep. Beatriz prop\u00f5e SUSPENDER Resolu\u00e7\u00e3o do Governo de MG: morda\u00e7a de Direitos dos Povos Tradicionais<\/strong><\/p>\n\n\n\n<figure class=\"wp-block-embed is-type-video is-provider-youtube wp-block-embed-youtube wp-embed-aspect-16-9 wp-has-aspect-ratio\"><div class=\"wp-block-embed__wrapper\">\n<div class=\"epyt-video-wrapper\"><iframe loading=\"lazy\"  id=\"_ytid_71043\"  width=\"810\" height=\"456\"  data-origwidth=\"810\" data-origheight=\"456\" src=\"https:\/\/www.youtube.com\/embed\/YXqLd_q-oVs?enablejsapi=1&#038;autoplay=0&#038;cc_load_policy=0&#038;cc_lang_pref=&#038;iv_load_policy=1&#038;loop=0&#038;rel=1&#038;fs=1&#038;playsinline=0&#038;autohide=2&#038;theme=dark&#038;color=red&#038;controls=1&#038;disablekb=0&#038;\" class=\"__youtube_prefs__  epyt-is-override  no-lazyload\" title=\"YouTube player\"  allow=\"fullscreen; accelerometer; autoplay; clipboard-write; encrypted-media; gyroscope; picture-in-picture; web-share\" referrerpolicy=\"strict-origin-when-cross-origin\" allowfullscreen data-no-lazy=\"1\" data-skipgform_ajax_framebjll=\"\"><\/iframe><\/div>\n<\/div><\/figure>\n\n\n\n<p><a id=\"_ftn1\" href=\"#_ftnref1\">[1]<\/a> Frei e padre da Ordem dos carmelitas; doutor em Educa\u00e7\u00e3o pela FAE\/UFMG; licenciado e bacharel em Filosofia pela UFPR; bacharel em Teologia pelo ITESP\/SP; mestre em Exegese B\u00edblica pelo Pontif\u00edcio Instituto B\u00edblico, em Roma, It\u00e1lia; agente e assessor da CPT\/MG, assessor do CEBI e Ocupa\u00e7\u00f5es Urbanas; prof. de Teologia b\u00edblica no SAB (Servi\u00e7o de Anima\u00e7\u00e3o B\u00edblica), em Belo Horizonte, MG; colunista dos sites <a href=\"http:\/\/www.domtotal.com\">www.domtotal.com<\/a> , <a href=\"http:\/\/www.brasildefatomg.com.br\">www.brasildefatomg.com.br<\/a> , <a href=\"http:\/\/www.revistaconsciencia.com\">www.revistaconsciencia.com<\/a> , <a href=\"http:\/\/www.racismoambiental.net.br\">www.racismoambiental.net.br<\/a> e outros. E-mail:\u00a0<a href=\"mailto:gilvanderlm@gmail.com\">gilvanderlm@gmail.com<\/a> \u00a0\u2013\u00a0<a href=\"http:\/\/www.gilvander.org.br\">www.gilvander.org.br<\/a> \u00a0\u2013\u00a0<a href=\"http:\/\/www.freigilvander.blogspot.com.br\">www.freigilvander.blogspot.com.br<\/a> \u00a0\u00a0\u00a0\u00a0\u00a0 \u2013\u00a0\u00a0\u00a0\u00a0\u00a0\u00a0\u00a0<a href=\"http:\/\/www.twitter.com\/gilvanderluis\">www.twitter.com\/gilvanderluis<\/a> \u00a0\u00a0\u00a0\u00a0\u00a0\u00a0\u00a0 \u2013\u00a0Facebook: Gilvander Moreira III<\/p>\n\n\n\n<p><a href=\"#_ftnref2\" id=\"_ftn2\">[2]<\/a> Secretaria Estadual de Meio Ambiente e desenvolvimento Sustent\u00e1vel.<\/p>\n\n\n\n<p><a href=\"#_ftnref3\" id=\"_ftn3\">[3]<\/a> Secretaria Estadual de Desenvolvimento Social.<\/p>\n\n\n\n<p><a href=\"#_ftnref4\" id=\"_ftn4\">[4]<\/a> Organiza\u00e7\u00e3o Internacional do Trabalho.<\/p>\n\n\n\n<p><a href=\"#_ftnref5\" id=\"_ftn5\">[5]<\/a> Organiza\u00e7\u00e3o das Na\u00e7\u00f5es Unidas.<\/p>\n\n\n\n<p><a href=\"#_ftnref6\" id=\"_ftn6\">[6]<\/a> Comiss\u00e3o estadual de Povos e Comunidades Tradicionais de Minas Gerais.<\/p>\n\n\n\n<p><a href=\"#_ftnref7\" id=\"_ftn7\">[7]<\/a> Funda\u00e7\u00e3o Nacional do \u00cdndio.<\/p>\n\n\n\n<p><a href=\"#_ftnref8\" id=\"_ftn8\">[8]<\/a> Centro de Documenta\u00e7\u00e3o Eloy Ferreira da Silva \u2013 <a href=\"http:\/\/www.cedefes.org.br\">www.cedefes.org.br<\/a><\/p>\n\n\n\n<p><a href=\"#_ftnref9\" id=\"_ftn9\">[9]<\/a> Conselho Estadual de Pol\u00edtica Ambiental.<\/p>\n\n\n\n<p><a href=\"#_ftnref10\" id=\"_ftn10\">[10]<\/a> Estudos de Impacto Ambiental e Relat\u00f3rio de Impactos ao Meio Ambiente.<\/p>\n","protected":false},"excerpt":{"rendered":"<p>Governo de MG esteriliza e amorda\u00e7a Consulta Pr\u00e9via, Live e Informada dos Povos Tradicionais. Por Frei Gilvander Moreira[1] Dia 20 de abril \u00faltimo (2022), participamos de Audi\u00eancia P\u00fablica da Comiss\u00e3o de Direitos Humanos da Assembleia<\/p>\n","protected":false},"author":2,"featured_media":11186,"comment_status":"open","ping_status":"open","sticky":false,"template":"","format":"standard","meta":{"footnotes":""},"categories":[21,22,47,46,44,38,49,48,41,37,39,35,27,30,28,25,56,29,43,26,18],"tags":[],"class_list":["post-11185","post","type-post","status-publish","format-standard","has-post-thumbnail","hentry","category-artigo","category-cebs-comunidades-eclesiais-de-base","category-direito-a-agua","category-direito-a-cultura-popular","category-direito-a-memoria","category-direito-a-saude","category-direito-a-terra","category-direitos-das-mulheres","category-direitos-dos-carroceiros","category-direitos-dos-ciganos","category-direitos-dos-povos-indigenas","category-direitos-dos-quilombolas","category-direitos-humanos","category-fe-e-politica","category-luta-pela-moradia","category-luta-pela-terra-e-reforma-agraria","category-meio-ambiente","category-movimentos-sociais-populares","category-pedagogia-emancipatoria","category-teologia-da-libertacao","category-videos-de-frei-gilvander"],"_links":{"self":[{"href":"http:\/\/gilvander.org.br\/site\/wp-json\/wp\/v2\/posts\/11185","targetHints":{"allow":["GET"]}}],"collection":[{"href":"http:\/\/gilvander.org.br\/site\/wp-json\/wp\/v2\/posts"}],"about":[{"href":"http:\/\/gilvander.org.br\/site\/wp-json\/wp\/v2\/types\/post"}],"author":[{"embeddable":true,"href":"http:\/\/gilvander.org.br\/site\/wp-json\/wp\/v2\/users\/2"}],"replies":[{"embeddable":true,"href":"http:\/\/gilvander.org.br\/site\/wp-json\/wp\/v2\/comments?post=11185"}],"version-history":[{"count":2,"href":"http:\/\/gilvander.org.br\/site\/wp-json\/wp\/v2\/posts\/11185\/revisions"}],"predecessor-version":[{"id":11191,"href":"http:\/\/gilvander.org.br\/site\/wp-json\/wp\/v2\/posts\/11185\/revisions\/11191"}],"wp:featuredmedia":[{"embeddable":true,"href":"http:\/\/gilvander.org.br\/site\/wp-json\/wp\/v2\/media\/11186"}],"wp:attachment":[{"href":"http:\/\/gilvander.org.br\/site\/wp-json\/wp\/v2\/media?parent=11185"}],"wp:term":[{"taxonomy":"category","embeddable":true,"href":"http:\/\/gilvander.org.br\/site\/wp-json\/wp\/v2\/categories?post=11185"},{"taxonomy":"post_tag","embeddable":true,"href":"http:\/\/gilvander.org.br\/site\/wp-json\/wp\/v2\/tags?post=11185"}],"curies":[{"name":"wp","href":"https:\/\/api.w.org\/{rel}","templated":true}]}}