{"id":11592,"date":"2022-11-21T10:27:26","date_gmt":"2022-11-21T13:27:26","guid":{"rendered":"http:\/\/gilvander.org.br\/site\/?p=11592"},"modified":"2022-11-21T10:27:29","modified_gmt":"2022-11-21T13:27:29","slug":"comunidade-do-tejuco-de-brumadinho-mg-bloqueia-acessos-ao-seu-territorio-e-denuncia-cumplicidade-de-instituicoes-de-justica-com-mineradoras","status":"publish","type":"post","link":"http:\/\/gilvander.org.br\/site\/comunidade-do-tejuco-de-brumadinho-mg-bloqueia-acessos-ao-seu-territorio-e-denuncia-cumplicidade-de-instituicoes-de-justica-com-mineradoras\/","title":{"rendered":"Comunidade do Tejuco, de Brumadinho, MG, bloqueia acessos ao seu territ\u00f3rio e denuncia cumplicidade de Institui\u00e7\u00f5es de Justi\u00e7a com Mineradoras"},"content":{"rendered":"\n<p><strong>Comunidade do Tejuco, de Brumadinho, MG, bloqueia acessos ao seu territ\u00f3rio e denuncia cumplicidade de Institui\u00e7\u00f5es de Justi\u00e7a com Mineradoras. <\/strong>Nota \u00e0 Imprensa e \u00e0 sociedade<\/p>\n\n\n\n<figure class=\"wp-block-image size-large\"><img loading=\"lazy\" decoding=\"async\" width=\"1024\" height=\"768\" src=\"http:\/\/gilvander.org.br\/site\/wp-content\/uploads\/2022\/11\/WhatsApp-Image-2022-11-21-at-05.50.47-1024x768.jpeg\" alt=\"\" class=\"wp-image-11593\" srcset=\"http:\/\/gilvander.org.br\/site\/wp-content\/uploads\/2022\/11\/WhatsApp-Image-2022-11-21-at-05.50.47-1024x768.jpeg 1024w, http:\/\/gilvander.org.br\/site\/wp-content\/uploads\/2022\/11\/WhatsApp-Image-2022-11-21-at-05.50.47-300x225.jpeg 300w, http:\/\/gilvander.org.br\/site\/wp-content\/uploads\/2022\/11\/WhatsApp-Image-2022-11-21-at-05.50.47-768x576.jpeg 768w, http:\/\/gilvander.org.br\/site\/wp-content\/uploads\/2022\/11\/WhatsApp-Image-2022-11-21-at-05.50.47.jpeg 1280w\" sizes=\"auto, (max-width: 1024px) 100vw, 1024px\" \/><figcaption><em>Bloqueio das entradas da Comunidade tradicional do Tejuco, em Brumadinho, MG, dia 21\/11\/2022, por tempo indeterminado. Fotos: CPT\/MG<\/em><\/figcaption><\/figure>\n\n\n\n<p><strong>\u201cReivindicamos o retorno da gest\u00e3o comunit\u00e1ria da \u00c1gua pela Comunidade do Tejuco e a prote\u00e7\u00e3o das nossas nascentes.\u201d<\/strong><\/p>\n\n\n\n<p>A comunidade do Tejuco, atingida e golpeada pelo crime da mineradora Vale S\/A, em Brumadinho, MG, iniciou hoje, dia 21 de novembro de 2022, desde 4 horas da madrugada o bloqueio de todas as entradas da comunidade. A luta \u00e9 contra o Acordo entre Minist\u00e9rio P\u00fablico de MG, Vale S\/A e Prefeitura de Brumadinho que imp\u00f5em a entrada da COPASA, Companhia de \u00c1gua e Saneamento do estado de Minas Gerais. A comunidade defende a revitaliza\u00e7\u00e3o e prote\u00e7\u00e3o das nascentes hist\u00f3ricas que est\u00e3o cobi\u00e7adas pelas mineradoras. A comunidade est\u00e1 disposta a manter o bloqueio at\u00e9 que suas demandas sejam atendidas. Em defesa das condi\u00e7\u00f5es objetivas de vida e das \u00c1guas no Tejuco. Esta mobiliza\u00e7\u00e3o \u00e9 em defesa dos direitos da comunidade e do meio ambiente, amea\u00e7ados pelo avan\u00e7o desenfreado das empresas do setor de minera\u00e7\u00e3o e pela pol\u00edtica de repara\u00e7\u00e3o do crime da mineradora Vale S\/A.<\/p>\n\n\n\n<div class=\"wp-block-image\"><figure class=\"alignleft size-large is-resized\"><img loading=\"lazy\" decoding=\"async\" src=\"http:\/\/gilvander.org.br\/site\/wp-content\/uploads\/2022\/11\/WhatsApp-Image-2022-11-21-at-08.03.41-1024x768.jpeg\" alt=\"\" class=\"wp-image-11594\" width=\"530\" height=\"398\" srcset=\"http:\/\/gilvander.org.br\/site\/wp-content\/uploads\/2022\/11\/WhatsApp-Image-2022-11-21-at-08.03.41-1024x768.jpeg 1024w, http:\/\/gilvander.org.br\/site\/wp-content\/uploads\/2022\/11\/WhatsApp-Image-2022-11-21-at-08.03.41-300x225.jpeg 300w, http:\/\/gilvander.org.br\/site\/wp-content\/uploads\/2022\/11\/WhatsApp-Image-2022-11-21-at-08.03.41-768x576.jpeg 768w, http:\/\/gilvander.org.br\/site\/wp-content\/uploads\/2022\/11\/WhatsApp-Image-2022-11-21-at-08.03.41.jpeg 1280w\" sizes=\"auto, (max-width: 530px) 100vw, 530px\" \/><\/figure><\/div>\n\n\n\n<p>H\u00e1 muitos anos, nossa comunidade sofre com os impactos desumanos dos empreendimentos miner\u00e1rios. O que come\u00e7ou pequeno, tornou-se grande e coloca, neste momento, a vida, a sa\u00fade e o bem viver das pessoas em risco grave.<\/p>\n\n\n\n<p>Com o crime da Vale S\/A e do Estado em 25 de janeiro de 2019, as condi\u00e7\u00f5es de exist\u00eancia tornaram-se invi\u00e1veis. Querem nos expulsar daqui, mas vamos resistir. Somos uma comunidade em processo de reconhecimento enquanto comunidade tradicional.<\/p>\n\n\n\n<p>Nossos reservat\u00f3rios comunit\u00e1rios de \u00e1gua foram contaminados e assoreados pela a\u00e7\u00e3o de mineradoras. Ficamos sem acesso \u00e0 \u00e1gua, apesar de sermos dotados de v\u00e1rias nascentes nos arredores. Adoecemos f\u00edsica e emocionalmente. Sentimos coceiras, sofremos com v\u00f4mito, dores intestinais, diarreias e temos manchas na pele em v\u00e1rias partes do corpo.<\/p>\n\n\n\n<div class=\"wp-block-image\"><figure class=\"alignright size-large is-resized\"><img loading=\"lazy\" decoding=\"async\" src=\"http:\/\/gilvander.org.br\/site\/wp-content\/uploads\/2022\/11\/WhatsApp-Image-2022-11-21-at-08.03.36-768x1024.jpeg\" alt=\"\" class=\"wp-image-11595\" width=\"524\" height=\"698\" srcset=\"http:\/\/gilvander.org.br\/site\/wp-content\/uploads\/2022\/11\/WhatsApp-Image-2022-11-21-at-08.03.36-768x1024.jpeg 768w, http:\/\/gilvander.org.br\/site\/wp-content\/uploads\/2022\/11\/WhatsApp-Image-2022-11-21-at-08.03.36-225x300.jpeg 225w, http:\/\/gilvander.org.br\/site\/wp-content\/uploads\/2022\/11\/WhatsApp-Image-2022-11-21-at-08.03.36.jpeg 960w\" sizes=\"auto, (max-width: 524px) 100vw, 524px\" \/><\/figure><\/div>\n\n\n\n<p>A mineradora Vale s\u00f3 reconheceu os danos \u00e0 comunidade ap\u00f3s dois anos de muita luta. As institui\u00e7\u00f5es de Justi\u00e7a foram omissas, c\u00famplices, melhor dizendo.<\/p>\n\n\n\n<p>Em janeiro de 2022 foi firmado um Termo de Compromisso (TAC \u00c1gua) entre a Vale S\/A, COPASA, MP\/MG, DPE\/MG e AECOM, sem a participa\u00e7\u00e3o da comunidade. O Compromisso n\u00e3o atendeu as reivindica\u00e7\u00f5es comunit\u00e1rias.<\/p>\n\n\n\n<p>N\u00e3o queremos a COPASA aqui na nossa comunidade do Tejuco. Denunciamos que, por detr\u00e1s de um argumento dito t\u00e9cnico, se est\u00e1 vendendo uma solu\u00e7\u00e3o ben\u00e9fica apenas \u00e0s mineradoras da regi\u00e3o, querem avan\u00e7ar invadindo nossas nascentes e territ\u00f3rio.<\/p>\n\n\n\n<p><strong>Denunciamos que o Minist\u00e9rio P\u00fablico de Minas Gerais est\u00e1 complacente com as viola\u00e7\u00f5es de direitos das mineradoras em Brumadinho<\/strong>!<\/p>\n\n\n\n<p>Querem nos fazer pagar pela \u00e1gua, nos desconectar das nascentes e serras, para deixar a minera\u00e7\u00e3o \u00e0 vontade para seguir devastando nosso territ\u00f3rio e as fontes d\u2019\u00e1gua. Isso \u00e9 vergonhoso e inaceit\u00e1vel.<\/p>\n\n\n\n<p>Depois de matarem 272 joias e depois outra joia, de contaminarem as nascentes e o rio Paraopeba, nos deixarem contaminados por altas concentra\u00e7\u00f5es de metais pesados que podem provocar at\u00e9 c\u00e2ncer, agora insistem em desmatar para construir novas estradas de minera\u00e7\u00e3o, querem fazer outra pilha de rejeitos em nossa comunidade, querem novas licen\u00e7as ambientais para destru\u00edrem a Serra do Carrapato e o Pico dos Tr\u00eas Irm\u00e3os. Isso tudo \u00e9 criminoso, absurdo inaceit\u00e1vel.<\/p>\n\n\n\n<p><strong>Reivindicamos o retorno da gest\u00e3o comunit\u00e1ria da \u00c1gua pela Comunidade do Tejuco e a prote\u00e7\u00e3o das nossas nascentes<\/strong>. N\u00e3o queremos a COPASA em nossa comunidade, queremos ser ouvidos e o TAC \u00e1gua deve ser revisto imediatamente. Ainda, a tentativa de implantar novas pilhas de rejeitos da Mineral do Brasil e a explora\u00e7\u00e3o da mineradora LARF\/MIB devem ser embargadas e extintas. Exigimos que a minera\u00e7\u00e3o respeite a vida na nossa comunidade do Tejuco! Nossa comunidade deve ser protegida de tanta destrui\u00e7\u00e3o. Nosso direito \u00e0s condi\u00e7\u00f5es objetivas de Vida deve ser respeitado!<\/p>\n\n\n\n<p>Assina esta nota:<\/p>\n\n\n\n<p>Comunidade tradicional do Tejuco, de Brumadinho, MG.<\/p>\n\n\n\n<p>Apoio: Comiss\u00e3o Pastoral da Terra (CPT\/MG)<\/p>\n\n\n\n<p>Brumadinho, MG, 21 de novembro de 2022.<\/p>\n\n\n\n<p><strong>Comunidade do Tejuco bloqueia acessos e exige retorno da Gest\u00e3o Comunit\u00e1ria da \u00c1gua em Brumadinho\/MG<\/strong><\/p>\n\n\n\n<figure class=\"wp-block-embed is-type-video is-provider-youtube wp-block-embed-youtube wp-embed-aspect-16-9 wp-has-aspect-ratio\"><div class=\"wp-block-embed__wrapper\">\n<div class=\"epyt-video-wrapper\"><iframe loading=\"lazy\"  id=\"_ytid_95328\"  width=\"810\" height=\"456\"  data-origwidth=\"810\" data-origheight=\"456\" src=\"https:\/\/www.youtube.com\/embed\/YJiWL-yprhY?enablejsapi=1&#038;autoplay=0&#038;cc_load_policy=0&#038;cc_lang_pref=&#038;iv_load_policy=1&#038;loop=0&#038;rel=1&#038;fs=1&#038;playsinline=0&#038;autohide=2&#038;theme=dark&#038;color=red&#038;controls=1&#038;disablekb=0&#038;\" class=\"__youtube_prefs__  epyt-is-override  no-lazyload\" title=\"YouTube player\"  allow=\"fullscreen; accelerometer; autoplay; clipboard-write; encrypted-media; gyroscope; picture-in-picture; web-share\" referrerpolicy=\"strict-origin-when-cross-origin\" allowfullscreen data-no-lazy=\"1\" data-skipgform_ajax_framebjll=\"\"><\/iframe><\/div>\n<\/div><\/figure>\n","protected":false},"excerpt":{"rendered":"<p>Comunidade do Tejuco, de Brumadinho, MG, bloqueia acessos ao seu territ\u00f3rio e denuncia cumplicidade de Institui\u00e7\u00f5es de Justi\u00e7a com Mineradoras. Nota \u00e0 Imprensa e \u00e0 sociedade \u201cReivindicamos o retorno da gest\u00e3o comunit\u00e1ria da \u00c1gua pela<\/p>\n","protected":false},"author":2,"featured_media":11593,"comment_status":"open","ping_status":"open","sticky":false,"template":"","format":"standard","meta":{"footnotes":""},"categories":[47,40,46,44,38,49,48,35,27,30,28,25,56,29,33,43,26,18],"tags":[],"class_list":["post-11592","post","type-post","status-publish","format-standard","has-post-thumbnail","hentry","category-direito-a-agua","category-direito-a-cidade","category-direito-a-cultura-popular","category-direito-a-memoria","category-direito-a-saude","category-direito-a-terra","category-direitos-das-mulheres","category-direitos-dos-quilombolas","category-direitos-humanos","category-fe-e-politica","category-luta-pela-moradia","category-luta-pela-terra-e-reforma-agraria","category-meio-ambiente","category-movimentos-sociais-populares","category-nota-publica","category-pedagogia-emancipatoria","category-teologia-da-libertacao","category-videos-de-frei-gilvander"],"_links":{"self":[{"href":"http:\/\/gilvander.org.br\/site\/wp-json\/wp\/v2\/posts\/11592","targetHints":{"allow":["GET"]}}],"collection":[{"href":"http:\/\/gilvander.org.br\/site\/wp-json\/wp\/v2\/posts"}],"about":[{"href":"http:\/\/gilvander.org.br\/site\/wp-json\/wp\/v2\/types\/post"}],"author":[{"embeddable":true,"href":"http:\/\/gilvander.org.br\/site\/wp-json\/wp\/v2\/users\/2"}],"replies":[{"embeddable":true,"href":"http:\/\/gilvander.org.br\/site\/wp-json\/wp\/v2\/comments?post=11592"}],"version-history":[{"count":1,"href":"http:\/\/gilvander.org.br\/site\/wp-json\/wp\/v2\/posts\/11592\/revisions"}],"predecessor-version":[{"id":11596,"href":"http:\/\/gilvander.org.br\/site\/wp-json\/wp\/v2\/posts\/11592\/revisions\/11596"}],"wp:featuredmedia":[{"embeddable":true,"href":"http:\/\/gilvander.org.br\/site\/wp-json\/wp\/v2\/media\/11593"}],"wp:attachment":[{"href":"http:\/\/gilvander.org.br\/site\/wp-json\/wp\/v2\/media?parent=11592"}],"wp:term":[{"taxonomy":"category","embeddable":true,"href":"http:\/\/gilvander.org.br\/site\/wp-json\/wp\/v2\/categories?post=11592"},{"taxonomy":"post_tag","embeddable":true,"href":"http:\/\/gilvander.org.br\/site\/wp-json\/wp\/v2\/tags?post=11592"}],"curies":[{"name":"wp","href":"https:\/\/api.w.org\/{rel}","templated":true}]}}