{"id":11624,"date":"2022-12-06T13:53:36","date_gmt":"2022-12-06T16:53:36","guid":{"rendered":"http:\/\/gilvander.org.br\/site\/?p=11624"},"modified":"2022-12-06T13:55:46","modified_gmt":"2022-12-06T16:55:46","slug":"luta-por-direitos-faz-nascer-esperanca-por-frei-gilvander","status":"publish","type":"post","link":"http:\/\/gilvander.org.br\/site\/luta-por-direitos-faz-nascer-esperanca-por-frei-gilvander\/","title":{"rendered":"Luta por direitos faz nascer esperan\u00e7a. Por frei Gilvander"},"content":{"rendered":"\n<p><strong>Luta por direitos faz nascer esperan\u00e7a<\/strong>. Por frei Gilvander Moreira<a id=\"_ftnref1\" href=\"#_ftn1\"><sup>[1]<\/sup><\/a><\/p>\n\n\n\n<figure class=\"wp-block-image size-large\"><img loading=\"lazy\" decoding=\"async\" width=\"1024\" height=\"682\" src=\"http:\/\/gilvander.org.br\/site\/wp-content\/uploads\/2022\/12\/camponesescpt-1024x682.jpg\" alt=\"\" class=\"wp-image-11625\" srcset=\"http:\/\/gilvander.org.br\/site\/wp-content\/uploads\/2022\/12\/camponesescpt-1024x682.jpg 1024w, http:\/\/gilvander.org.br\/site\/wp-content\/uploads\/2022\/12\/camponesescpt-300x200.jpg 300w, http:\/\/gilvander.org.br\/site\/wp-content\/uploads\/2022\/12\/camponesescpt-768x512.jpg 768w, http:\/\/gilvander.org.br\/site\/wp-content\/uploads\/2022\/12\/camponesescpt-1536x1023.jpg 1536w, http:\/\/gilvander.org.br\/site\/wp-content\/uploads\/2022\/12\/camponesescpt-420x280.jpg 420w, http:\/\/gilvander.org.br\/site\/wp-content\/uploads\/2022\/12\/camponesescpt.jpg 1600w\" sizes=\"auto, (max-width: 1024px) 100vw, 1024px\" \/><\/figure>\n\n\n\n<p>Na esteira da pedagogia de Paulo Freire, os Sem Terra, os Sem Casa, os Ind\u00edgenas desterritorializados, os Quilombolas etc., na luta pela terra e pelo territ\u00f3rio, criam e constroem saberes no calor da viv\u00eancia existencial dessa luta por direitos fundamentais. Educa-se na luta por direitos. Por isso, dizemos que a experi\u00eancia da luta pela terra e pelos outros direitos educa e emancipa. \u201c<em>Se h\u00e1 saber que s\u00f3 se incorpora ao homem experimentalmente, existencialmente, este \u00e9 o saber democr\u00e1tico. Saber que pretendemos, \u00e0s vezes, os brasileiros, na insist\u00eancia de nossas tend\u00eancias verbalistas, transferir ao povo nocionalmente<\/em>\u201d (FREIRE, 2002, p. 100). A Comiss\u00e3o Pastoral da Terra (CPT), o Movimento dos Trabalhadores Rurais Sem Terra (MST) e muitos outros movimentos sociais camponeses buscam sempre aprender com as lutas camponesas e revolucion\u00e1rias do passado, mas tamb\u00e9m busca constantemente aprender com os erros de lutas do passado, lutas que pretendiam ser emancipat\u00f3rias.<\/p>\n\n\n\n<p>Ao longo de v\u00e1rias d\u00e9cadas, a esquerda latino-americana cometeu v\u00e1rios erros pol\u00edticos e hermen\u00eauticos graves. Marta Harnecker, pensadora latino-americana, aponta v\u00e1rios erros cometidos por essa esquerda: a) o vanguardismo, que leva a messianismos (salvadores da p\u00e1tria) e a grupos iluminados; b) o verticalismo e o autoritarismo, que n\u00e3o constr\u00f3i sujeitos emancipados e emancipat\u00f3rios e nega um princ\u00edpio da luta popular que diz que \u00e9 melhor dar um passo com mil companheiros que dar mil passos sozinho; c) copiar modelos de outros pa\u00edses, o que fez, por exemplo, considerar o cristianismo como \u00f3pio do povo. Isso na Am\u00e9rica Latina fez ignorar a participa\u00e7\u00e3o important\u00edssima de muitas pessoas crist\u00e3s nos processos revolucion\u00e1rios pela Teologia da Liberta\u00e7\u00e3o (padre Camilo Torres, na Col\u00f4mbia e Mari\u00e1tegui, no Peru, por exemplo) e a ignorar a presen\u00e7a e o protagonismo dos povos ind\u00edgenas na Bol\u00edvia, por exemplo; d) o teoricismo, o dogmatismo e o estrategismo, que ignorou um ensinamento b\u00e1sico de L\u00eanin o qual dizia que devemos partir sempre das necessidades elementares e fundamentais do povo;<a href=\"#_ftn2\" id=\"_ftnref2\"><sup>[2]<\/sup><\/a> e) o subjetivismo que gera falsa vis\u00e3o da realidade e muitas vezes imp\u00f5e um autoengano; f) a concep\u00e7\u00e3o de revolu\u00e7\u00e3o como assalto ao poder que levou \u00e0 cren\u00e7a de que uma minoria far\u00e1 as transforma\u00e7\u00f5es necess\u00e1rias;<a href=\"#_ftn3\" id=\"_ftnref3\"><sup>[3]<\/sup><\/a> g) a desvaloriza\u00e7\u00e3o da democracia, batendo na tecla de que o que importa \u00e9 estabelecer a \u2018ditadura do proletariado\u2019; h) o emprego de uma linguagem inadequada, incompreens\u00edvel para o povo, linguagem n\u00e3o popular; i) a considera\u00e7\u00e3o dos movimentos sociais como meras correias de transmiss\u00e3o do partido pol\u00edtico. O pr\u00f3prio L\u00eanin, no final de sua vida, estava preocupado com as deforma\u00e7\u00f5es do Estado criado pelos revolucion\u00e1rios e admitia greves contra o burocratismo estatal; j) o desconhecimento do fator \u00e9tnico-cultural dos povos, popula\u00e7\u00f5es ind\u00edgenas, quilombolas etc.<a href=\"#_ftn4\" id=\"_ftnref4\"><sup>[4]<\/sup><\/a>.<\/p>\n\n\n\n<p>Al\u00e9m desses erros pol\u00edticos, podemos elencar tamb\u00e9m o machismo, a ignor\u00e2ncia sobre as quest\u00f5es de g\u00eanero e ecol\u00f3gicas, e os desafios postos pelas revolu\u00e7\u00f5es tecnol\u00f3gica e cibern\u00e9tica. Para que a luta pela terra possa ser tratada como pedagogia de emancipa\u00e7\u00e3o humana ela n\u00e3o pode recair em nenhum dos erros e equ\u00edvocos mencionados acima. Mais: deve super\u00e1-los, o que \u00e9 um desafio imenso.<\/p>\n\n\n\n<p>Um olhar atento aos relatos dos sujeitos que lutam pela terra e por territ\u00f3rio entrev\u00ea que a luta pela terra e por territ\u00f3rio se inicia quando se supera o conformismo e a resigna\u00e7\u00e3o e se inicia uma etapa de inconformismo, de indigna\u00e7\u00e3o, de rebeldia e de esperan\u00e7a que, como combust\u00edvel\/alimento, sustenta a marcha da luta por direitos. Frisamos que \u201cesperan\u00e7a n\u00e3o \u00e9 a \u00faltima que morre\u201d, pois a esperan\u00e7a \u00e9 filha da luta, que faz parir a esperan\u00e7a. Se a luta morre, a esperan\u00e7a morre. Logo, n\u00e3o h\u00e1 esperan\u00e7a sem luta e n\u00e3o h\u00e1 luta sem inconformismo, indigna\u00e7\u00e3o e rebeldia. Nesse sentido afirma Paulo Freire: \u201c<em>Sem um m\u00ednimo de esperan\u00e7a n\u00e3o podemos sequer come\u00e7ar o embate mas, sem o embate, a esperan\u00e7a, como necessidade ontol\u00f3gica, se desarvora, se desendere\u00e7a e se torna desesperan\u00e7a que, \u00e0s vezes, se alonga em tr\u00e1gico desespero. Da\u00ed a precis\u00e3o de uma educa\u00e7\u00e3o da esperan\u00e7a<\/em>\u201d (FREIRE, 2009, p. 11).<\/p>\n\n\n\n<p>De acordo com Paulo Freire, no exerc\u00edcio dial\u00f3gico de uma pedagogia cr\u00edtica \u201c<em>a nova experi\u00eancia de sonho se instaura na medida mesma em que a hist\u00f3ria n\u00e3o se imobiliza<\/em>\u201d (FREIRE, 2009, p. 92). Com di\u00e1logo, em in\u00fameras reuni\u00f5es de prepara\u00e7\u00e3o de lutas e\/ou de avalia\u00e7\u00e3o, os Sem Terra, sujeitos do campo, na luta pela terra, os Sem Teto, os Ind\u00edgenas desterritorializados, os quilombolas e todos Povos e Comunidades Tradicionais na luta pelo territ\u00f3rio, vivenciam experi\u00eancias de utopias fundadas na participa\u00e7\u00e3o, na solidariedade, em rela\u00e7\u00f5es sim\u00e9tricas e na esperan\u00e7a que se constr\u00f3i processualmente na luta coletiva por direitos.<\/p>\n\n\n\n<p>Diante do exposto, conclu\u00edmos que \u00e9 na mobiliza\u00e7\u00e3o desencadeada pelas lutas coletivas que os sujeitos da luta pela terra e por todos os outros direitos saem do individualismo, da resigna\u00e7\u00e3o, do pessimismo e, de cabe\u00e7a erguida, passam a experimentar que podem transgredir o que o Estado e o capital imp\u00f5em de forma autorit\u00e1ria e brutal.<\/p>\n\n\n\n<p><strong>Refer\u00eancia<\/strong><\/p>\n\n\n\n<p>FREIRE, Paulo. <strong>Pedagogia da Esperan\u00e7a: um reencontro com a Pedagogia do Oprimido<\/strong>. 16\u00aa edi\u00e7\u00e3o. Rio de Janeiro: Paz e Terra, 2009.<\/p>\n\n\n\n<p>Idem<strong>. Educa\u00e7\u00e3o como pr\u00e1tica da liberdade<\/strong>. Rio de Janeiro: Paz e Terra, 2002.<\/p>\n\n\n\n<p>06\/12\/2022<\/p>\n\n\n\n<p><strong>Obs<\/strong>.: As videorreportagens nos links, abaixo, versam sobre o assunto tratado, acima.<\/p>\n\n\n\n<p><strong>1 &#8211; Santana e Jo\u00e3o, casal exemplar no P.A Paulo Freire, em Arinos, MG! Exemplo de luta pela terra! Vid 3<\/strong><\/p>\n\n\n\n<figure class=\"wp-block-embed is-type-video is-provider-youtube wp-block-embed-youtube wp-embed-aspect-16-9 wp-has-aspect-ratio\"><div class=\"wp-block-embed__wrapper\">\n<div class=\"epyt-video-wrapper\"><iframe loading=\"lazy\"  id=\"_ytid_82474\"  width=\"810\" height=\"456\"  data-origwidth=\"810\" data-origheight=\"456\" src=\"https:\/\/www.youtube.com\/embed\/UCaKFUuJqzQ?enablejsapi=1&#038;autoplay=0&#038;cc_load_policy=0&#038;cc_lang_pref=&#038;iv_load_policy=1&#038;loop=0&#038;rel=1&#038;fs=1&#038;playsinline=0&#038;autohide=2&#038;theme=dark&#038;color=red&#038;controls=1&#038;disablekb=0&#038;\" class=\"__youtube_prefs__  epyt-is-override  no-lazyload\" title=\"YouTube player\"  allow=\"fullscreen; accelerometer; autoplay; clipboard-write; encrypted-media; gyroscope; picture-in-picture; web-share\" referrerpolicy=\"strict-origin-when-cross-origin\" allowfullscreen data-no-lazy=\"1\" data-skipgform_ajax_framebjll=\"\"><\/iframe><\/div>\n<\/div><\/figure>\n\n\n\n<p><strong>2 &#8211; De Riachinho\/MG: Dona Ant\u00f4nia, 1\u00aa professora do sert\u00e3o do Urucuia, e Sr. Vadu: uma hist\u00f3ria exemplar<\/strong><\/p>\n\n\n\n<figure class=\"wp-block-embed is-type-video is-provider-youtube wp-block-embed-youtube wp-embed-aspect-16-9 wp-has-aspect-ratio\"><div class=\"wp-block-embed__wrapper\">\n<div class=\"epyt-video-wrapper\"><iframe loading=\"lazy\"  id=\"_ytid_37653\"  width=\"810\" height=\"456\"  data-origwidth=\"810\" data-origheight=\"456\" src=\"https:\/\/www.youtube.com\/embed\/A_mKCkdu2rw?enablejsapi=1&#038;autoplay=0&#038;cc_load_policy=0&#038;cc_lang_pref=&#038;iv_load_policy=1&#038;loop=0&#038;rel=1&#038;fs=1&#038;playsinline=0&#038;autohide=2&#038;theme=dark&#038;color=red&#038;controls=1&#038;disablekb=0&#038;\" class=\"__youtube_prefs__  epyt-is-override  no-lazyload\" title=\"YouTube player\"  allow=\"fullscreen; accelerometer; autoplay; clipboard-write; encrypted-media; gyroscope; picture-in-picture; web-share\" referrerpolicy=\"strict-origin-when-cross-origin\" allowfullscreen data-no-lazy=\"1\" data-skipgform_ajax_framebjll=\"\"><\/iframe><\/div>\n<\/div><\/figure>\n\n\n\n<p><strong>3 &#8211; Horta Comunit\u00e1ria e Escola Ind\u00edgena na Retomada Ind\u00edgena Kamak\u00e3 Mongoi\u00f3, em Brumadinho, MG: BELEZA!<\/strong><\/p>\n\n\n\n<figure class=\"wp-block-embed is-type-video is-provider-youtube wp-block-embed-youtube wp-embed-aspect-16-9 wp-has-aspect-ratio\"><div class=\"wp-block-embed__wrapper\">\n<div class=\"epyt-video-wrapper\"><iframe loading=\"lazy\"  id=\"_ytid_72307\"  width=\"810\" height=\"456\"  data-origwidth=\"810\" data-origheight=\"456\" src=\"https:\/\/www.youtube.com\/embed\/Odyp67Oibt0?enablejsapi=1&#038;autoplay=0&#038;cc_load_policy=0&#038;cc_lang_pref=&#038;iv_load_policy=1&#038;loop=0&#038;rel=1&#038;fs=1&#038;playsinline=0&#038;autohide=2&#038;theme=dark&#038;color=red&#038;controls=1&#038;disablekb=0&#038;\" class=\"__youtube_prefs__  epyt-is-override  no-lazyload\" title=\"YouTube player\"  allow=\"fullscreen; accelerometer; autoplay; clipboard-write; encrypted-media; gyroscope; picture-in-picture; web-share\" referrerpolicy=\"strict-origin-when-cross-origin\" allowfullscreen data-no-lazy=\"1\" data-skipgform_ajax_framebjll=\"\"><\/iframe><\/div>\n<\/div><\/figure>\n\n\n\n<p><strong>4 &#8211; &#8220;N\u00e3o aceitamos despejo nem mortos!&#8221; Povo da Ocupa\u00e7\u00e3o F\u00e1bio Alves no Barreiro, em BH\/MG. V\u00eddeo 5<\/strong><\/p>\n\n\n\n<figure class=\"wp-block-embed is-type-video is-provider-youtube wp-block-embed-youtube wp-embed-aspect-16-9 wp-has-aspect-ratio\"><div class=\"wp-block-embed__wrapper\">\n<div class=\"epyt-video-wrapper\"><iframe loading=\"lazy\"  id=\"_ytid_56810\"  width=\"810\" height=\"456\"  data-origwidth=\"810\" data-origheight=\"456\" src=\"https:\/\/www.youtube.com\/embed\/HZxfMsfv0-Y?enablejsapi=1&#038;autoplay=0&#038;cc_load_policy=0&#038;cc_lang_pref=&#038;iv_load_policy=1&#038;loop=0&#038;rel=1&#038;fs=1&#038;playsinline=0&#038;autohide=2&#038;theme=dark&#038;color=red&#038;controls=1&#038;disablekb=0&#038;\" class=\"__youtube_prefs__  epyt-is-override  no-lazyload\" title=\"YouTube player\"  allow=\"fullscreen; accelerometer; autoplay; clipboard-write; encrypted-media; gyroscope; picture-in-picture; web-share\" referrerpolicy=\"strict-origin-when-cross-origin\" allowfullscreen data-no-lazy=\"1\" data-skipgform_ajax_framebjll=\"\"><\/iframe><\/div>\n<\/div><\/figure>\n\n\n\n<p><strong>5 &#8211; Com + de 600 casas, Povo da Ocupa\u00e7\u00e3o Prof. F\u00e1bio Alves, no Barreiro, BH\/MG, jamais aceitar\u00e1 despejo<\/strong><\/p>\n\n\n\n<figure class=\"wp-block-embed is-type-video is-provider-youtube wp-block-embed-youtube wp-embed-aspect-16-9 wp-has-aspect-ratio\"><div class=\"wp-block-embed__wrapper\">\n<div class=\"epyt-video-wrapper\"><iframe loading=\"lazy\"  id=\"_ytid_71777\"  width=\"810\" height=\"456\"  data-origwidth=\"810\" data-origheight=\"456\" src=\"https:\/\/www.youtube.com\/embed\/1tYZDbZaMck?enablejsapi=1&#038;autoplay=0&#038;cc_load_policy=0&#038;cc_lang_pref=&#038;iv_load_policy=1&#038;loop=0&#038;rel=1&#038;fs=1&#038;playsinline=0&#038;autohide=2&#038;theme=dark&#038;color=red&#038;controls=1&#038;disablekb=0&#038;\" class=\"__youtube_prefs__  epyt-is-override  no-lazyload\" title=\"YouTube player\"  allow=\"fullscreen; accelerometer; autoplay; clipboard-write; encrypted-media; gyroscope; picture-in-picture; web-share\" referrerpolicy=\"strict-origin-when-cross-origin\" allowfullscreen data-no-lazy=\"1\" data-skipgform_ajax_framebjll=\"\"><\/iframe><\/div>\n<\/div><\/figure>\n\n\n\n<p><strong>6 &#8211; Davi Kopenawa e Yanomami\/Watoriki comemoram vit\u00f3ria de Lula e reivindicam demandas urgentes-09\/11\/22<\/strong><\/p>\n\n\n\n<figure class=\"wp-block-embed is-type-video is-provider-youtube wp-block-embed-youtube wp-embed-aspect-16-9 wp-has-aspect-ratio\"><div class=\"wp-block-embed__wrapper\">\n<div class=\"epyt-video-wrapper\"><iframe loading=\"lazy\"  id=\"_ytid_25082\"  width=\"810\" height=\"456\"  data-origwidth=\"810\" data-origheight=\"456\" src=\"https:\/\/www.youtube.com\/embed\/ftdShvv0Mrk?enablejsapi=1&#038;autoplay=0&#038;cc_load_policy=0&#038;cc_lang_pref=&#038;iv_load_policy=1&#038;loop=0&#038;rel=1&#038;fs=1&#038;playsinline=0&#038;autohide=2&#038;theme=dark&#038;color=red&#038;controls=1&#038;disablekb=0&#038;\" class=\"__youtube_prefs__  epyt-is-override  no-lazyload\" title=\"YouTube player\"  allow=\"fullscreen; accelerometer; autoplay; clipboard-write; encrypted-media; gyroscope; picture-in-picture; web-share\" referrerpolicy=\"strict-origin-when-cross-origin\" allowfullscreen data-no-lazy=\"1\" data-skipgform_ajax_framebjll=\"\"><\/iframe><\/div>\n<\/div><\/figure>\n\n\n\n<p><strong>7 &#8211; STF pro\u00edbe despejo sem alternativa adequada e pr\u00e9via &#8211; Por frei Gilvander &#8211; 10\/11\/2022<\/strong><\/p>\n\n\n\n<figure class=\"wp-block-embed is-type-video is-provider-youtube wp-block-embed-youtube wp-embed-aspect-16-9 wp-has-aspect-ratio\"><div class=\"wp-block-embed__wrapper\">\n<div class=\"epyt-video-wrapper\"><iframe loading=\"lazy\"  id=\"_ytid_50047\"  width=\"810\" height=\"456\"  data-origwidth=\"810\" data-origheight=\"456\" src=\"https:\/\/www.youtube.com\/embed\/zniYPdEDreg?enablejsapi=1&#038;autoplay=0&#038;cc_load_policy=0&#038;cc_lang_pref=&#038;iv_load_policy=1&#038;loop=0&#038;rel=1&#038;fs=1&#038;playsinline=0&#038;autohide=2&#038;theme=dark&#038;color=red&#038;controls=1&#038;disablekb=0&#038;\" class=\"__youtube_prefs__  epyt-is-override  no-lazyload\" title=\"YouTube player\"  allow=\"fullscreen; accelerometer; autoplay; clipboard-write; encrypted-media; gyroscope; picture-in-picture; web-share\" referrerpolicy=\"strict-origin-when-cross-origin\" allowfullscreen data-no-lazy=\"1\" data-skipgform_ajax_framebjll=\"\"><\/iframe><\/div>\n<\/div><\/figure>\n\n\n\n<p><strong>8 &#8211; M\u00edstica Kamak\u00e3 Mongoi\u00f3 e m\u00fasica ind\u00edgena: final da VII Semana de Antropologia e Arqueologia da UFMG<\/strong><\/p>\n\n\n\n<figure class=\"wp-block-embed is-type-video is-provider-youtube wp-block-embed-youtube wp-embed-aspect-16-9 wp-has-aspect-ratio\"><div class=\"wp-block-embed__wrapper\">\n<div class=\"epyt-video-wrapper\"><iframe loading=\"lazy\"  id=\"_ytid_31844\"  width=\"810\" height=\"456\"  data-origwidth=\"810\" data-origheight=\"456\" src=\"https:\/\/www.youtube.com\/embed\/pjKA3IUdnZc?enablejsapi=1&#038;autoplay=0&#038;cc_load_policy=0&#038;cc_lang_pref=&#038;iv_load_policy=1&#038;loop=0&#038;rel=1&#038;fs=1&#038;playsinline=0&#038;autohide=2&#038;theme=dark&#038;color=red&#038;controls=1&#038;disablekb=0&#038;\" class=\"__youtube_prefs__  epyt-is-override  no-lazyload\" title=\"YouTube player\"  allow=\"fullscreen; accelerometer; autoplay; clipboard-write; encrypted-media; gyroscope; picture-in-picture; web-share\" referrerpolicy=\"strict-origin-when-cross-origin\" allowfullscreen data-no-lazy=\"1\" data-skipgform_ajax_framebjll=\"\"><\/iframe><\/div>\n<\/div><\/figure>\n\n\n\n<p><strong>9 &#8211; Despejo \u00e9 viol\u00eancia, destr\u00f3i casas, hist\u00f3ria e sonhos Ocupa\u00e7\u00e3o Novo Horizonte\/Ribeir\u00e3o das Neves\/MG<\/strong><\/p>\n\n\n\n<figure class=\"wp-block-embed is-type-video is-provider-youtube wp-block-embed-youtube wp-embed-aspect-16-9 wp-has-aspect-ratio\"><div class=\"wp-block-embed__wrapper\">\n<div class=\"epyt-video-wrapper\"><iframe loading=\"lazy\"  id=\"_ytid_39878\"  width=\"810\" height=\"456\"  data-origwidth=\"810\" data-origheight=\"456\" src=\"https:\/\/www.youtube.com\/embed\/x27vxbEUOs8?enablejsapi=1&#038;autoplay=0&#038;cc_load_policy=0&#038;cc_lang_pref=&#038;iv_load_policy=1&#038;loop=0&#038;rel=1&#038;fs=1&#038;playsinline=0&#038;autohide=2&#038;theme=dark&#038;color=red&#038;controls=1&#038;disablekb=0&#038;\" class=\"__youtube_prefs__  epyt-is-override  no-lazyload\" title=\"YouTube player\"  allow=\"fullscreen; accelerometer; autoplay; clipboard-write; encrypted-media; gyroscope; picture-in-picture; web-share\" referrerpolicy=\"strict-origin-when-cross-origin\" allowfullscreen data-no-lazy=\"1\" data-skipgform_ajax_framebjll=\"\"><\/iframe><\/div>\n<\/div><\/figure>\n\n\n\n<p><strong>10 &#8211; Trajet\u00f3ria apaixonante do Povo Ind\u00edgena Kamak\u00e3 Mongoi\u00f3 at\u00e9 Retomada de Territ\u00f3rio em Brumadinho\/MG<\/strong><\/p>\n\n\n\n<figure class=\"wp-block-embed is-type-video is-provider-youtube wp-block-embed-youtube wp-embed-aspect-16-9 wp-has-aspect-ratio\"><div class=\"wp-block-embed__wrapper\">\n<div class=\"epyt-video-wrapper\"><iframe loading=\"lazy\"  id=\"_ytid_42841\"  width=\"810\" height=\"456\"  data-origwidth=\"810\" data-origheight=\"456\" src=\"https:\/\/www.youtube.com\/embed\/mXyLwVUBAW8?enablejsapi=1&#038;autoplay=0&#038;cc_load_policy=0&#038;cc_lang_pref=&#038;iv_load_policy=1&#038;loop=0&#038;rel=1&#038;fs=1&#038;playsinline=0&#038;autohide=2&#038;theme=dark&#038;color=red&#038;controls=1&#038;disablekb=0&#038;\" class=\"__youtube_prefs__  epyt-is-override  no-lazyload\" title=\"YouTube player\"  allow=\"fullscreen; accelerometer; autoplay; clipboard-write; encrypted-media; gyroscope; picture-in-picture; web-share\" referrerpolicy=\"strict-origin-when-cross-origin\" allowfullscreen data-no-lazy=\"1\" data-skipgform_ajax_framebjll=\"\"><\/iframe><\/div>\n<\/div><\/figure>\n\n\n\n<hr class=\"wp-block-separator\"\/>\n\n\n\n<p><a href=\"#_ftnref1\" id=\"_ftn1\">[1]<\/a> Frei e padre da Ordem dos carmelitas; doutor em Educa\u00e7\u00e3o pela FAE\/UFMG; licenciado e bacharel em Filosofia pela UFPR; bacharel em Teologia pelo ITESP\/SP; mestre em Exegese B\u00edblica pelo Pontif\u00edcio Instituto B\u00edblico, em Roma, It\u00e1lia; agente e assessor da CPT\/MG, assessor do CEBI e Ocupa\u00e7\u00f5es Urbanas; prof. de Teologia b\u00edblica no SAB (Servi\u00e7o de Anima\u00e7\u00e3o B\u00edblica), em Belo Horizonte, MG; colunista dos sites <a href=\"http:\/\/www.domtotal.com\">www.domtotal.com<\/a> , <a href=\"http:\/\/www.brasildefatomg.com.br\">www.brasildefatomg.com.br<\/a> , <a href=\"http:\/\/www.revistaconsciencia.com\">www.revistaconsciencia.com<\/a> , <a href=\"http:\/\/www.racismoambiental.net.br\">www.racismoambiental.net.br<\/a> e outros. E-mail:&nbsp;<a href=\"mailto:gilvanderlm@gmail.com\">gilvanderlm@gmail.com<\/a> &nbsp;\u2013&nbsp;<a href=\"http:\/\/www.gilvander.org.br\">www.gilvander.org.br<\/a> &nbsp;\u2013&nbsp;<a href=\"http:\/\/www.freigilvander.blogspot.com.br\">www.freigilvander.blogspot.com.br<\/a> &nbsp;&nbsp;&nbsp;&nbsp;&nbsp; \u2013&nbsp;&nbsp;&nbsp;&nbsp;&nbsp;&nbsp;&nbsp;<a href=\"http:\/\/www.twitter.com\/gilvanderluis\">www.twitter.com\/gilvanderluis<\/a> &nbsp;&nbsp;&nbsp;&nbsp;&nbsp;&nbsp;&nbsp; \u2013&nbsp;Facebook: Gilvander Moreira III<\/p>\n\n\n\n<p><a href=\"#_ftnref2\" id=\"_ftn2\">[2]<\/a> Cf. entrevista coletiva de Marta Harnecker, disponibilizada na internet no link <a href=\"https:\/\/www.youtube.com\/watch?v=IxG1-W4KK6o\">https:\/\/www.youtube.com\/watch?v=IxG1-W4KK6o<\/a><\/p>\n\n\n\n<p><a href=\"#_ftnref3\" id=\"_ftn3\">[3]<\/a> Cf. entrevista coletiva de Marta Harnecker, disponibilizada na internet no link <a href=\"https:\/\/www.youtube.com\/watch?v=KYpe2nlAFzk\">https:\/\/www.youtube.com\/watch?v=KYpe2nlAFzk<\/a><\/p>\n\n\n\n<p><a href=\"#_ftnref4\" id=\"_ftn4\">[4]<\/a> Cf. entrevista coletiva de Marta Harnecker, disponibilizada na internet no link <a href=\"https:\/\/www.youtube.com\/watch?v=OT8Y8_7V85o\">https:\/\/www.youtube.com\/watch?v=OT8Y8_7V85o<\/a><\/p>\n","protected":false},"excerpt":{"rendered":"<p>Luta por direitos faz nascer esperan\u00e7a. Por frei Gilvander Moreira[1] Na esteira da pedagogia de Paulo Freire, os Sem Terra, os Sem Casa, os Ind\u00edgenas desterritorializados, os Quilombolas etc., na luta pela terra e pelo<\/p>\n","protected":false},"author":2,"featured_media":11625,"comment_status":"open","ping_status":"open","sticky":false,"template":"","format":"standard","meta":{"footnotes":""},"categories":[17],"tags":[],"class_list":["post-11624","post","type-post","status-publish","format-standard","has-post-thumbnail","hentry","category-destaque"],"_links":{"self":[{"href":"http:\/\/gilvander.org.br\/site\/wp-json\/wp\/v2\/posts\/11624","targetHints":{"allow":["GET"]}}],"collection":[{"href":"http:\/\/gilvander.org.br\/site\/wp-json\/wp\/v2\/posts"}],"about":[{"href":"http:\/\/gilvander.org.br\/site\/wp-json\/wp\/v2\/types\/post"}],"author":[{"embeddable":true,"href":"http:\/\/gilvander.org.br\/site\/wp-json\/wp\/v2\/users\/2"}],"replies":[{"embeddable":true,"href":"http:\/\/gilvander.org.br\/site\/wp-json\/wp\/v2\/comments?post=11624"}],"version-history":[{"count":1,"href":"http:\/\/gilvander.org.br\/site\/wp-json\/wp\/v2\/posts\/11624\/revisions"}],"predecessor-version":[{"id":11626,"href":"http:\/\/gilvander.org.br\/site\/wp-json\/wp\/v2\/posts\/11624\/revisions\/11626"}],"wp:featuredmedia":[{"embeddable":true,"href":"http:\/\/gilvander.org.br\/site\/wp-json\/wp\/v2\/media\/11625"}],"wp:attachment":[{"href":"http:\/\/gilvander.org.br\/site\/wp-json\/wp\/v2\/media?parent=11624"}],"wp:term":[{"taxonomy":"category","embeddable":true,"href":"http:\/\/gilvander.org.br\/site\/wp-json\/wp\/v2\/categories?post=11624"},{"taxonomy":"post_tag","embeddable":true,"href":"http:\/\/gilvander.org.br\/site\/wp-json\/wp\/v2\/tags?post=11624"}],"curies":[{"name":"wp","href":"https:\/\/api.w.org\/{rel}","templated":true}]}}