{"id":11859,"date":"2023-02-11T11:51:31","date_gmt":"2023-02-11T14:51:31","guid":{"rendered":"http:\/\/gilvander.org.br\/site\/?p=11859"},"modified":"2023-02-11T11:51:33","modified_gmt":"2023-02-11T14:51:33","slug":"mais-de-150-familias-do-jd-ibirite-e-morada-da-serra-ibirite-mg-no-mp-mg-luta-por-moradia-digna-video","status":"publish","type":"post","link":"http:\/\/gilvander.org.br\/site\/mais-de-150-familias-do-jd-ibirite-e-morada-da-serra-ibirite-mg-no-mp-mg-luta-por-moradia-digna-video\/","title":{"rendered":"Mais de 150 fam\u00edlias do Jd. Ibirit\u00e9 e Morada da Serra, Ibirit\u00e9\/MG no MP\/MG: Luta por moradia digna! (V\u00eddeo)"},"content":{"rendered":"\n<p><strong>Mais de 150 fam\u00edlias do Jd. Ibirit\u00e9 e Morada da Serra, Ibirit\u00e9\/MG no MP\/MG: Luta por moradia digna! <\/strong>(Videorreportagem)<\/p>\n\n\n\n<figure class=\"wp-block-embed is-type-video is-provider-youtube wp-block-embed-youtube wp-embed-aspect-16-9 wp-has-aspect-ratio\"><div class=\"wp-block-embed__wrapper\">\n<div class=\"epyt-video-wrapper\"><iframe loading=\"lazy\"  id=\"_ytid_78000\"  width=\"810\" height=\"456\"  data-origwidth=\"810\" data-origheight=\"456\" src=\"https:\/\/www.youtube.com\/embed\/uaHBw3rzanc?enablejsapi=1&#038;autoplay=0&#038;cc_load_policy=0&#038;cc_lang_pref=&#038;iv_load_policy=1&#038;loop=0&#038;rel=1&#038;fs=1&#038;playsinline=0&#038;autohide=2&#038;theme=dark&#038;color=red&#038;controls=1&#038;disablekb=0&#038;\" class=\"__youtube_prefs__  epyt-is-override  no-lazyload\" title=\"YouTube player\"  allow=\"fullscreen; accelerometer; autoplay; clipboard-write; encrypted-media; gyroscope; picture-in-picture; web-share\" referrerpolicy=\"strict-origin-when-cross-origin\" allowfullscreen data-no-lazy=\"1\" data-skipgform_ajax_framebjll=\"\"><\/iframe><\/div>\n<\/div><\/figure>\n\n\n\n<p>Fam\u00edlias do Jd. Ibirit\u00e9 e Morada da Serra, em Ibirit\u00e9\/MG no MP\/MG: Luta por Regulariza\u00e7\u00e3o Fundi\u00e1ria (REURBS) e anula\u00e7\u00e3o\/revis\u00e3o dos acordos sob coa\u00e7\u00e3o (demoli\u00e7\u00e3o de 40 casas), por direito de morar dignamente. V\u00eddeo 2 \u2013 07\/02\/23 Filmagem, Edi\u00e7\u00e3o e Divulga\u00e7\u00e3o: Frei Gilvander Moreira, da CPT, do CEBI, do SAB e da assessoria de Movimentos Populares, em Minas Gerais. Acompanhe a luta pela terra e por Direitos tamb\u00e9m via www.gilvander.org.br \u2013 www.freigilvander.blogspot.com &#8211; www.cebimg.org.br &#8211; www.cptmg.org.br &#8211; www.cptminas.blogspot.com.br Todos os v\u00eddeos, m\u00fasicas e imagens utilizados no v\u00eddeo pertencem aos seus respectivos propriet\u00e1rios. O material \u00e9 utilizado apenas para fins educacionais e se enquadra nas diretrizes de uso aceit\u00e1vel. N\u00e3o se pretende infringir direitos autorais. Se voc\u00ea \u00e9 o propriet\u00e1rio do conte\u00fado legal de qualquer v\u00eddeo, m\u00fasica e imagem aqui usados e gostaria que fossem removidos, por favor, entre em contato conosco (Frei Gilvander \u2013 gilvanderlm@gmail.com ), Se assistir e gostar, compartilhe. <\/p>\n\n\n\n<figure class=\"wp-block-image size-large\"><img loading=\"lazy\" decoding=\"async\" width=\"1024\" height=\"576\" src=\"http:\/\/gilvander.org.br\/site\/wp-content\/uploads\/2023\/02\/Snapshot_3-1024x576.jpg\" alt=\"\" class=\"wp-image-11860\" srcset=\"http:\/\/gilvander.org.br\/site\/wp-content\/uploads\/2023\/02\/Snapshot_3-1024x576.jpg 1024w, http:\/\/gilvander.org.br\/site\/wp-content\/uploads\/2023\/02\/Snapshot_3-300x169.jpg 300w, http:\/\/gilvander.org.br\/site\/wp-content\/uploads\/2023\/02\/Snapshot_3-768x432.jpg 768w, http:\/\/gilvander.org.br\/site\/wp-content\/uploads\/2023\/02\/Snapshot_3-1536x864.jpg 1536w, http:\/\/gilvander.org.br\/site\/wp-content\/uploads\/2023\/02\/Snapshot_3.jpg 1920w\" sizes=\"auto, (max-width: 1024px) 100vw, 1024px\" \/><\/figure>\n\n\n\n<p>Sugerimos. <a href=\"https:\/\/www.youtube.com\/hashtag\/forarodoanel\">#ForaRodoanel<\/a> <a href=\"https:\/\/www.youtube.com\/hashtag\/despejozero\">#DespejoZero<\/a> <a href=\"https:\/\/www.youtube.com\/hashtag\/palavra%C3%A9ticacomfreigilvander\">#Palavra\u00c9ticacomFreiGilvander<\/a> <a href=\"https:\/\/www.youtube.com\/hashtag\/nalutapordireitos\">#NaLutaPorDireitos<\/a> <a href=\"https:\/\/www.youtube.com\/hashtag\/%C3%A1guasparaavida\">#\u00c1guasParaaVida<\/a> <a href=\"https:\/\/www.youtube.com\/hashtag\/barragemn%C3%A3o\">#BarragemN\u00e3o<\/a> <a href=\"https:\/\/www.youtube.com\/hashtag\/freigilvander\">#FreiGilvander<\/a> <a href=\"https:\/\/www.youtube.com\/hashtag\/palavrasdef%C3%A9comfreigilvander\">#PalavrasDeF\u00e9ComFreiGilvander<\/a><\/p>\n","protected":false},"excerpt":{"rendered":"<p>Mais de 150 fam\u00edlias do Jd. Ibirit\u00e9 e Morada da Serra, Ibirit\u00e9\/MG no MP\/MG: Luta por moradia digna! (Videorreportagem) Fam\u00edlias do Jd. Ibirit\u00e9 e Morada da Serra, em Ibirit\u00e9\/MG no MP\/MG: Luta por Regulariza\u00e7\u00e3o Fundi\u00e1ria<\/p>\n","protected":false},"author":2,"featured_media":11860,"comment_status":"open","ping_status":"open","sticky":false,"template":"","format":"standard","meta":{"footnotes":""},"categories":[21,40,38,49,48,27,30,28,29,23,43,18],"tags":[],"class_list":["post-11859","post","type-post","status-publish","format-standard","has-post-thumbnail","hentry","category-artigo","category-direito-a-cidade","category-direito-a-saude","category-direito-a-terra","category-direitos-das-mulheres","category-direitos-humanos","category-fe-e-politica","category-luta-pela-moradia","category-movimentos-sociais-populares","category-ocupacao-urbana","category-pedagogia-emancipatoria","category-videos-de-frei-gilvander"],"_links":{"self":[{"href":"http:\/\/gilvander.org.br\/site\/wp-json\/wp\/v2\/posts\/11859","targetHints":{"allow":["GET"]}}],"collection":[{"href":"http:\/\/gilvander.org.br\/site\/wp-json\/wp\/v2\/posts"}],"about":[{"href":"http:\/\/gilvander.org.br\/site\/wp-json\/wp\/v2\/types\/post"}],"author":[{"embeddable":true,"href":"http:\/\/gilvander.org.br\/site\/wp-json\/wp\/v2\/users\/2"}],"replies":[{"embeddable":true,"href":"http:\/\/gilvander.org.br\/site\/wp-json\/wp\/v2\/comments?post=11859"}],"version-history":[{"count":1,"href":"http:\/\/gilvander.org.br\/site\/wp-json\/wp\/v2\/posts\/11859\/revisions"}],"predecessor-version":[{"id":11861,"href":"http:\/\/gilvander.org.br\/site\/wp-json\/wp\/v2\/posts\/11859\/revisions\/11861"}],"wp:featuredmedia":[{"embeddable":true,"href":"http:\/\/gilvander.org.br\/site\/wp-json\/wp\/v2\/media\/11860"}],"wp:attachment":[{"href":"http:\/\/gilvander.org.br\/site\/wp-json\/wp\/v2\/media?parent=11859"}],"wp:term":[{"taxonomy":"category","embeddable":true,"href":"http:\/\/gilvander.org.br\/site\/wp-json\/wp\/v2\/categories?post=11859"},{"taxonomy":"post_tag","embeddable":true,"href":"http:\/\/gilvander.org.br\/site\/wp-json\/wp\/v2\/tags?post=11859"}],"curies":[{"name":"wp","href":"https:\/\/api.w.org\/{rel}","templated":true}]}}