{"id":11862,"date":"2023-02-14T12:57:16","date_gmt":"2023-02-14T15:57:16","guid":{"rendered":"http:\/\/gilvander.org.br\/site\/?p=11862"},"modified":"2023-02-14T12:57:18","modified_gmt":"2023-02-14T15:57:18","slug":"luta-pela-terra-e-pelas-necessidades-basicas-gera-emancipacao-por-frei-gilvander","status":"publish","type":"post","link":"http:\/\/gilvander.org.br\/site\/luta-pela-terra-e-pelas-necessidades-basicas-gera-emancipacao-por-frei-gilvander\/","title":{"rendered":"Luta pela terra e pelas necessidades b\u00e1sicas gera emancipa\u00e7\u00e3o. Por frei Gilvander"},"content":{"rendered":"\n<p><strong>Luta pela terra e pelas necessidades b\u00e1sicas gera emancipa\u00e7\u00e3o<\/strong>. Por frei Gilvander Moreira<a id=\"_ftnref1\" href=\"#_ftn1\"><sup>[1]<\/sup><\/a><\/p>\n\n\n\n<figure class=\"wp-block-image size-full is-resized\"><img loading=\"lazy\" decoding=\"async\" src=\"http:\/\/gilvander.org.br\/site\/wp-content\/uploads\/2023\/02\/WhatsApp-Image-2022-11-02-at-09.27.25.jpeg\" alt=\"\" class=\"wp-image-11863\" width=\"782\" height=\"522\" srcset=\"http:\/\/gilvander.org.br\/site\/wp-content\/uploads\/2023\/02\/WhatsApp-Image-2022-11-02-at-09.27.25.jpeg 599w, http:\/\/gilvander.org.br\/site\/wp-content\/uploads\/2023\/02\/WhatsApp-Image-2022-11-02-at-09.27.25-300x200.jpeg 300w, http:\/\/gilvander.org.br\/site\/wp-content\/uploads\/2023\/02\/WhatsApp-Image-2022-11-02-at-09.27.25-420x280.jpeg 420w\" sizes=\"auto, (max-width: 782px) 100vw, 782px\" \/><figcaption>Os \u00faltimos raios de sol do dia 07\/02\/2020, ainda iluminavam o fim da tarde em Uni\u00e3o dos Palmares, na Zona da Mata de Alagoas, quando em marcha, cerca de 200 jovens, de bandeiras nas m\u00e3os, cantando can\u00e7\u00f5es de liberdade, inauguravam o Bosque da Resist\u00eancia Ana Primavesi. L\u00e1, as m\u00e3os dos filhos e filhas da luta pela terra, plantaram mil mudas de \u00e1rvores simbolizando a disposi\u00e7\u00e3o na luta pela terra e pelos bens da natureza. Foto: Matheus Alves<\/figcaption><\/figure>\n\n\n\n<p>Que tipo de utopia os camponeses e camponesas Sem Terra cultivam e se nutrem na luta pela terra enquanto pedagogia de emancipa\u00e7\u00e3o humana? N\u00e3o pode ser a simples estatiza\u00e7\u00e3o de todas as propriedades rurais. Tamb\u00e9m n\u00e3o pode ser qualquer tipo de socializa\u00e7\u00e3o da terra. H\u00e1 de se considerar as diversidades culturais, regionais, hist\u00f3ricas e de identidades do campesinato. A autonomia dos Sem Terra, sujeitos sociais coletivos que lutam pela terra no campo, se torna imposs\u00edvel sem a autonomia dos sujeitos individuais, isto \u00e9, das camponesas e dos camponeses Sem Terra que se comprometem em tal luta. Logo, toda e qualquer posi\u00e7\u00e3o pessoal ou dos movimentos sociais populares, rela\u00e7\u00e3o interpessoal ou social, que cerceia o processo de autonomiza\u00e7\u00e3o obstaculariza a emancipa\u00e7\u00e3o pessoal e social, que \u00e9 um grande objetivo da luta pela terra como pedagogia de emancipa\u00e7\u00e3o humana. N\u00e3o nos referimos aqui \u00e0 autonomia no sentido de poder fazer o que quiser, mas no sentido de fazer hist\u00f3ria com as pr\u00f3prias m\u00e3os desenvolvendo o infinito potencial de humaniza\u00e7\u00e3o existente em cada ser humano.<\/p>\n\n\n\n<p>Ao explanar sobre as necessidades pessoais, Karl Marx estabeleceu a prioridade da satisfa\u00e7\u00e3o das necessidades materiais objetivas em rela\u00e7\u00e3o \u00e0s necessidades espirituais, mas observamos que o povo tem tanta fome de p\u00e3o &#8211; necessidade material (base da vida) &#8211; quanto fome de Deus \u2013 necessidade espiritual. \u00d3bvio que Marx n\u00e3o se referia \u00e0 necessidade espiritual no sentido religioso, mas no sentido de tudo o que \u00e9 simb\u00f3lico \u2013 sonhos, autoestima, desejos, aspira\u00e7\u00f5es etc. -, para al\u00e9m da base material da vida. N\u00e3o d\u00e1 para relegar as necessidades espirituais\/simb\u00f3licas para segundo ou terceiro plano e muito menos ignor\u00e1-las. N\u00e3o \u00e9 inquestion\u00e1vel a afirma\u00e7\u00e3o segundo a qual \u2018religi\u00e3o, futebol e pol\u00edtica n\u00e3o se discutem\u2019.&nbsp; Muitas vezes, as pessoas brigam mais por quest\u00f5es religiosas do que por quest\u00f5es estritamente pol\u00edticas, at\u00e9 porque toda quest\u00e3o religiosa \u00e9 tamb\u00e9m uma quest\u00e3o pol\u00edtica. Nesse sentido, o pensador Ovidio Hern\u00e1ndez fez refer\u00eancia a Abraham Maslow, que elaborou uma teoria sobre as escalas de necessidades humanas, assim raciocinando: \u201c<em>Ele coloca, de forma geral, a prioridade da satisfa\u00e7\u00e3o das necessidades de sobreviv\u00eancia (alimenta\u00e7\u00e3o, prote\u00e7\u00e3o f\u00edsica etc.); Num lugar intermedi\u00e1rio, situa a satisfa\u00e7\u00e3o das necessidades de autoestima (a import\u00e2ncia da considera\u00e7\u00e3o, do respeito, da perten\u00e7a e da identidade na esfera individual e social, e o amor aos outros e a si pr\u00f3prio) e considera que, nestas bases de sustenta\u00e7\u00e3o, desenvolvem e satisfazem, entre outras, as necessidades superiores de autonomia e autorrealiza\u00e7\u00e3o<\/em>\u201d (HERN\u00c1NDEZ, 2005, p. 132).<\/p>\n\n\n\n<p>H\u00e1 uma \u00edntima rela\u00e7\u00e3o entre as necessidades materiais \u2013 necessidades de sobreviv\u00eancia (alimenta\u00e7\u00e3o e prote\u00e7\u00e3o f\u00edsica; aqui se coloca a moradia, acesso \u00e0 terra, por exemplo) -, as necessidades de autoestima \u2013 considera\u00e7\u00e3o, respeito e cultivo da identidade pessoal e amor aos outros e a si mesmo \u2013 e as necessidades superiores de autonomia e de autorrealiza\u00e7\u00e3o. Concordamos com o pensador Jorge Acanda e com Abraham Maslow no sentido de que n\u00e3o h\u00e1 como realizar e desenvolver a autonomia pessoal e social e construir autorrealiza\u00e7\u00e3o sem atendimento \u00e0s necessidades b\u00e1sicas elementares materiais e de autoestima. Aqui est\u00e1 um ponto central da luta pela terra, porque se trata de uma luta concreta que viabiliza o atendimento, primeiro, das necessidades b\u00e1sicas de alimenta\u00e7\u00e3o, pelo plantio nas terras ocupadas; em seguida, a autoestima das camponesas e dos camponeses Sem Terra, nas ocupa\u00e7\u00f5es em luta pela terra melhora gradativamente, porque as pessoas passam a ser consideradas, acolhidas e respeitadas na sua dignidade. Esse caminho se aproxima da conquista da necessidade mais ampla, que \u00e9 a de emancipa\u00e7\u00e3o e autorrealiza\u00e7\u00e3o.<\/p>\n\n\n\n<p>Na madrugada do dia 21 de dezembro de 2003, no munic\u00edpio de Brumadinho, regi\u00e3o metropolitana de Belo Horizonte, MG, ap\u00f3s tr\u00eas anos de acampamento ao lado de uma estrada, ao lado de uma fazenda improdutiva, vinte fam\u00edlias ocuparam uma propriedade de 154 hectares, sendo 14 hectares de capim e o resto Mata Atl\u00e2ntica. Alugaram um trator de um campon\u00eas da regi\u00e3o e araram a terra dos 14 hectares de capim. As vinte fam\u00edlias trabalharam tr\u00eas dias e tr\u00eas noites \u2018sem parar\u2019 plantando os 14 hectares de terra com sementes de hortali\u00e7as, porque as crian\u00e7as estavam an\u00eamicas e tinham que obter alimento o mais r\u00e1pido poss\u00edvel. \u201cNossos filhos estavam an\u00eamicos, mas foi s\u00f3 come\u00e7arem a comer os alimentos produzidos com aduba\u00e7\u00e3o org\u00e2nica e agroecol\u00f3gica, gra\u00e7as a Deus, est\u00e3o todos bem nutridos, o que \u00e9 atestado pela Pastoral da Crian\u00e7a\u201d, informou-nos, feliz da vida, dia 22 de setembro de 2007, a Sem Terra Val\u00e9ria Ant\u00f4nia Silva Carneiro, assentada no Assentamento Pastorinhas desde 2006<a href=\"#_ftn2\" id=\"_ftnref2\">[2]<\/a>.&nbsp;<\/p>\n\n\n\n<p>Na luta pela terra, pelo menos em parte, contempla-se o que a Organiza\u00e7\u00e3o das Na\u00e7\u00f5es Unidas para a Educa\u00e7\u00e3o, a Ci\u00eancia e a Cultura (UNESCO) enunciou, em 1995, como sendo as quatro aprendizagens b\u00e1sicas: aprender a conhecer, aprender a conviver, aprender a fazer e aprender a ser (DELORS, 2010, p. 31), mas, aten\u00e7\u00e3o! Aprender sempre tomando-se por base os sujeitos injusti\u00e7ados, valorizando suas experi\u00eancias, problematizando a realidade sempre desde a perspectiva dos Sem Terra, eliminando a hierarquia entre os saberes, incentivando a criatividade e a compreens\u00e3o de que o outro que est\u00e1 na horizontalidade n\u00e3o \u00e9 um inimigo, mas algu\u00e9m sem o qual n\u00e3o posso me emancipar e nem autorrealizar.<\/p>\n\n\n\n<p>A luta pela terra como pedagogia de emancipa\u00e7\u00e3o humana realiza, em alguma medida, o que apregoou Giulio Girard: \u201c<em>\u00c9, essencialmente, quebrar a comunidade educativa que traduz a sociedade de domina\u00e7\u00e3o para criar uma que anuncie a sociedade da autogest\u00e3o. A educa\u00e7\u00e3o libertadora deve, portanto, superar primeiro a rela\u00e7\u00e3o autorit\u00e1ria entre educadores e alunos. N\u00e3o suprime a autoridade, mas transforma radicalmente seu significado. [&#8230;] substituir\u00e1 as motiva\u00e7\u00f5es tradicionais baseadas na competi\u00e7\u00e3o, no individualismo e no ego\u00edsmo, motiva\u00e7\u00f5es de outra ordem que se baseiam na generosidade, no esp\u00edrito de equipe e na solidariedade com os oprimidos. [&#8230;] a educa\u00e7\u00e3o libertadora \u00e9 iluminada por essa busca de sentido<\/em>\u201d (GIRARDI, 1998, p. 54-55).<\/p>\n\n\n\n<p>A luta pela terra constitui-se, portanto, como pedagogia de emancipa\u00e7\u00e3o humana por v\u00e1rios aspectos. Primeiro: nela, a reflex\u00e3o \u00e9 feita sempre no sentido de compreender a sociedade existente como sendo uma constru\u00e7\u00e3o hist\u00f3rica capitalista, de classes com interesses antag\u00f4nicos, em que a classe trabalhadora e o campesinato s\u00e3o injusti\u00e7ados. A domina\u00e7\u00e3o \u00e9 questionada teoricamente e na pr\u00e1tica. Segundo: a regra geral \u00e9 cuidar para que posturas autorit\u00e1rias n\u00e3o apare\u00e7am e se surgirem devem ser questionadas imediatamente. Isso anima o potencial humano existente em todas as pessoas. Terceiro: ciente de que disciplina e autoridade s\u00e3o necess\u00e1rias na luta pela terra, sempre \u00e9 alertado para que o exerc\u00edcio da autoridade n\u00e3o descambe para o autoritarismo, nem para o personalismo, nem para o messianismo, nem para o populismo. Quarto: deve-se cultivar o esp\u00edrito de solidariedade e de ajuda m\u00fatua, o que \u00e9 um ant\u00eddoto ao individualismo apregoado pela ideologia dominante na sociedade. Assim, a luta pela terra compreende uma pr\u00e1xis social sendo uma unidade insepar\u00e1vel de reflex\u00e3o e a\u00e7\u00e3o.<\/p>\n\n\n\n<p><strong>Refer\u00eancias<\/strong><\/p>\n\n\n\n<p>ACANDA, Jorge Luis. Luces y sombras, la apropiaci\u00f3n de Gramsci en Cuba en el \u00faltimo decenio. In: <strong>Hablar de Gramsci<\/strong>. La Habana: Centro Juan Marinello, 2003.<\/p>\n\n\n\n<p>___. <strong>Sociedad civil y hegemon\u00eda<\/strong>. La Habana: Centro Juan Marinello, 2002.<\/p>\n\n\n\n<p>DELORS, Jacques et alii. Educa\u00e7\u00e3o: um tesouro a descobrir. Relat\u00f3rio para a UNESCO da Comiss\u00e3o Internacional sobre Educa\u00e7\u00e3o para o s\u00e9culo XXI. Bras\u00edlia, UNESCO, 2010.<\/p>\n\n\n\n<p>GIRARDI, Giulio. Por una pedagog\u00eda revolucionaria. In: <strong>Caminos<\/strong>, vol. I. La Habana, 1998.<\/p>\n\n\n\n<p>HERN\u00c1NDEZ, Ovidio S. D\u2019Angelo. Autonom\u00eda integradora y transformaci\u00f3n social: El desaf\u00edo \u00e9tico emancipatorio de la complejidad. La Habana: Publicaciones Acuario Centro F\u00e9lix Varela, 2005.<\/p>\n\n\n\n<p>14\/02\/2023<\/p>\n\n\n\n<p><strong>Obs<\/strong>.: As videorreportagens nos links, abaixo, versam sobre o assunto tratado, acima.<\/p>\n\n\n\n<p><strong>1 \u2013 <\/strong>Vis\u00e3o panor\u00e2mica da Mata do Jd. Am\u00e9rica em BH\/MG. Lutamos por Preserva\u00e7\u00e3o INTEGRAL da Mata. SOS MATA<\/p>\n\n\n\n<figure class=\"wp-block-embed is-type-video is-provider-youtube wp-block-embed-youtube wp-embed-aspect-16-9 wp-has-aspect-ratio\"><div class=\"wp-block-embed__wrapper\">\n<div class=\"epyt-video-wrapper\"><iframe loading=\"lazy\"  id=\"_ytid_52564\"  width=\"810\" height=\"456\"  data-origwidth=\"810\" data-origheight=\"456\" src=\"https:\/\/www.youtube.com\/embed\/pYm0TxlhrfI?enablejsapi=1&#038;autoplay=0&#038;cc_load_policy=0&#038;cc_lang_pref=&#038;iv_load_policy=1&#038;loop=0&#038;rel=1&#038;fs=1&#038;playsinline=0&#038;autohide=2&#038;theme=dark&#038;color=red&#038;controls=1&#038;disablekb=0&#038;\" class=\"__youtube_prefs__  epyt-is-override  no-lazyload\" title=\"YouTube player\"  allow=\"fullscreen; accelerometer; autoplay; clipboard-write; encrypted-media; gyroscope; picture-in-picture; web-share\" referrerpolicy=\"strict-origin-when-cross-origin\" allowfullscreen data-no-lazy=\"1\" data-skipgform_ajax_framebjll=\"\"><\/iframe><\/div>\n<\/div><\/figure>\n\n\n\n<p><strong>2 &#8211; \u201cNossa M\u00e3e, n\u00f3s e nossos filhos e netos viver\u00e3o aqui no nosso Quilombo Ara\u00fajo, Betim, MG\u201d. V\u00eddeo 4<\/strong><\/p>\n\n\n\n<figure class=\"wp-block-embed is-type-video is-provider-youtube wp-block-embed-youtube wp-embed-aspect-16-9 wp-has-aspect-ratio\"><div class=\"wp-block-embed__wrapper\">\n<div class=\"epyt-video-wrapper\"><iframe loading=\"lazy\"  id=\"_ytid_40177\"  width=\"810\" height=\"456\"  data-origwidth=\"810\" data-origheight=\"456\" src=\"https:\/\/www.youtube.com\/embed\/v--lyUMo1_4?enablejsapi=1&#038;autoplay=0&#038;cc_load_policy=0&#038;cc_lang_pref=&#038;iv_load_policy=1&#038;loop=0&#038;rel=1&#038;fs=1&#038;playsinline=0&#038;autohide=2&#038;theme=dark&#038;color=red&#038;controls=1&#038;disablekb=0&#038;\" class=\"__youtube_prefs__  epyt-is-override  no-lazyload\" title=\"YouTube player\"  allow=\"fullscreen; accelerometer; autoplay; clipboard-write; encrypted-media; gyroscope; picture-in-picture; web-share\" referrerpolicy=\"strict-origin-when-cross-origin\" allowfullscreen data-no-lazy=\"1\" data-skipgform_ajax_framebjll=\"\"><\/iframe><\/div>\n<\/div><\/figure>\n\n\n\n<p><strong>3 &#8211; Basta de sexta-feira da Paix\u00e3o em Betim, MG! Construamos Domingos de Ressurrei\u00e7\u00e3o. Ara\u00fajo! V\u00eddeo 3<\/strong><\/p>\n\n\n\n<figure class=\"wp-block-embed is-type-video is-provider-youtube wp-block-embed-youtube wp-embed-aspect-16-9 wp-has-aspect-ratio\"><div class=\"wp-block-embed__wrapper\">\n<div class=\"epyt-video-wrapper\"><iframe loading=\"lazy\"  id=\"_ytid_33468\"  width=\"810\" height=\"456\"  data-origwidth=\"810\" data-origheight=\"456\" src=\"https:\/\/www.youtube.com\/embed\/mrF-Dzp1iRY?enablejsapi=1&#038;autoplay=0&#038;cc_load_policy=0&#038;cc_lang_pref=&#038;iv_load_policy=1&#038;loop=0&#038;rel=1&#038;fs=1&#038;playsinline=0&#038;autohide=2&#038;theme=dark&#038;color=red&#038;controls=1&#038;disablekb=0&#038;\" class=\"__youtube_prefs__  epyt-is-override  no-lazyload\" title=\"YouTube player\"  allow=\"fullscreen; accelerometer; autoplay; clipboard-write; encrypted-media; gyroscope; picture-in-picture; web-share\" referrerpolicy=\"strict-origin-when-cross-origin\" allowfullscreen data-no-lazy=\"1\" data-skipgform_ajax_framebjll=\"\"><\/iframe><\/div>\n<\/div><\/figure>\n\n\n\n<p><strong>4 &#8211; Ato P\u00fablico e Culto na Comunidade Tradicional Quilombola Fam\u00edlia Ara\u00fajo, de Betim\/MG. In\u00edcio\/V\u00eddeo 1<\/strong><\/p>\n\n\n\n<figure class=\"wp-block-embed is-type-video is-provider-youtube wp-block-embed-youtube wp-embed-aspect-16-9 wp-has-aspect-ratio\"><div class=\"wp-block-embed__wrapper\">\n<div class=\"epyt-video-wrapper\"><iframe loading=\"lazy\"  id=\"_ytid_61738\"  width=\"810\" height=\"456\"  data-origwidth=\"810\" data-origheight=\"456\" src=\"https:\/\/www.youtube.com\/embed\/9A3pTvNdFaA?enablejsapi=1&#038;autoplay=0&#038;cc_load_policy=0&#038;cc_lang_pref=&#038;iv_load_policy=1&#038;loop=0&#038;rel=1&#038;fs=1&#038;playsinline=0&#038;autohide=2&#038;theme=dark&#038;color=red&#038;controls=1&#038;disablekb=0&#038;\" class=\"__youtube_prefs__  epyt-is-override  no-lazyload\" title=\"YouTube player\"  allow=\"fullscreen; accelerometer; autoplay; clipboard-write; encrypted-media; gyroscope; picture-in-picture; web-share\" referrerpolicy=\"strict-origin-when-cross-origin\" allowfullscreen data-no-lazy=\"1\" data-skipgform_ajax_framebjll=\"\"><\/iframe><\/div>\n<\/div><\/figure>\n\n\n\n<p><strong>5 &#8211; Culto de Resist\u00eancia n Comunidade Tradicional Quilombola Fam\u00edlia Ara\u00fajo, de Betim\/MG. Luta! V\u00eddeo 2<\/strong><\/p>\n\n\n\n<figure class=\"wp-block-embed is-type-video is-provider-youtube wp-block-embed-youtube wp-embed-aspect-16-9 wp-has-aspect-ratio\"><div class=\"wp-block-embed__wrapper\">\n<div class=\"epyt-video-wrapper\"><iframe loading=\"lazy\"  id=\"_ytid_24946\"  width=\"810\" height=\"456\"  data-origwidth=\"810\" data-origheight=\"456\" src=\"https:\/\/www.youtube.com\/embed\/ngm6AYrjCsY?enablejsapi=1&#038;autoplay=0&#038;cc_load_policy=0&#038;cc_lang_pref=&#038;iv_load_policy=1&#038;loop=0&#038;rel=1&#038;fs=1&#038;playsinline=0&#038;autohide=2&#038;theme=dark&#038;color=red&#038;controls=1&#038;disablekb=0&#038;\" class=\"__youtube_prefs__  epyt-is-override  no-lazyload\" title=\"YouTube player\"  allow=\"fullscreen; accelerometer; autoplay; clipboard-write; encrypted-media; gyroscope; picture-in-picture; web-share\" referrerpolicy=\"strict-origin-when-cross-origin\" allowfullscreen data-no-lazy=\"1\" data-skipgform_ajax_framebjll=\"\"><\/iframe><\/div>\n<\/div><\/figure>\n\n\n\n<p><strong>6 &#8211; &#8220;Se Medioli n\u00e3o respeita pobres e derruba suas casas, n\u00e3o pode mais ser prefeito de Betim\/MG&#8221;: Z\u00e9lia<\/strong><\/p>\n\n\n\n<figure class=\"wp-block-embed is-type-video is-provider-youtube wp-block-embed-youtube wp-embed-aspect-16-9 wp-has-aspect-ratio\"><div class=\"wp-block-embed__wrapper\">\n<div class=\"epyt-video-wrapper\"><iframe loading=\"lazy\"  id=\"_ytid_86950\"  width=\"810\" height=\"456\"  data-origwidth=\"810\" data-origheight=\"456\" src=\"https:\/\/www.youtube.com\/embed\/sEFjCu3Q7Ck?enablejsapi=1&#038;autoplay=0&#038;cc_load_policy=0&#038;cc_lang_pref=&#038;iv_load_policy=1&#038;loop=0&#038;rel=1&#038;fs=1&#038;playsinline=0&#038;autohide=2&#038;theme=dark&#038;color=red&#038;controls=1&#038;disablekb=0&#038;\" class=\"__youtube_prefs__  epyt-is-override  no-lazyload\" title=\"YouTube player\"  allow=\"fullscreen; accelerometer; autoplay; clipboard-write; encrypted-media; gyroscope; picture-in-picture; web-share\" referrerpolicy=\"strict-origin-when-cross-origin\" allowfullscreen data-no-lazy=\"1\" data-skipgform_ajax_framebjll=\"\"><\/iframe><\/div>\n<\/div><\/figure>\n\n\n\n<p><strong>7 &#8211; \u201cEm Betim\/MG, prefeito Medioli faz guerra contra os pobres e destr\u00f3i casas\u201d (Adv. Dr. Ailton Matias)<\/strong><\/p>\n\n\n\n<figure class=\"wp-block-embed is-type-video is-provider-youtube wp-block-embed-youtube wp-embed-aspect-16-9 wp-has-aspect-ratio\"><div class=\"wp-block-embed__wrapper\">\n<div class=\"epyt-video-wrapper\"><iframe loading=\"lazy\"  id=\"_ytid_38770\"  width=\"810\" height=\"456\"  data-origwidth=\"810\" data-origheight=\"456\" src=\"https:\/\/www.youtube.com\/embed\/iWy-pWSXPKA?enablejsapi=1&#038;autoplay=0&#038;cc_load_policy=0&#038;cc_lang_pref=&#038;iv_load_policy=1&#038;loop=0&#038;rel=1&#038;fs=1&#038;playsinline=0&#038;autohide=2&#038;theme=dark&#038;color=red&#038;controls=1&#038;disablekb=0&#038;\" class=\"__youtube_prefs__  epyt-is-override  no-lazyload\" title=\"YouTube player\"  allow=\"fullscreen; accelerometer; autoplay; clipboard-write; encrypted-media; gyroscope; picture-in-picture; web-share\" referrerpolicy=\"strict-origin-when-cross-origin\" allowfullscreen data-no-lazy=\"1\" data-skipgform_ajax_framebjll=\"\"><\/iframe><\/div>\n<\/div><\/figure>\n\n\n\n<p><strong>8 &#8211; Na ALMG: \u201cDa nossa Comunidade Tradicional Quilombola Fam\u00edlia Ara\u00fajo, de Betim\/MG, s\u00f3 sa\u00edmos mortos\u201d<\/strong><\/p>\n\n\n\n<figure class=\"wp-block-embed is-type-video is-provider-youtube wp-block-embed-youtube wp-embed-aspect-16-9 wp-has-aspect-ratio\"><div class=\"wp-block-embed__wrapper\">\n<div class=\"epyt-video-wrapper\"><iframe loading=\"lazy\"  id=\"_ytid_50437\"  width=\"810\" height=\"456\"  data-origwidth=\"810\" data-origheight=\"456\" src=\"https:\/\/www.youtube.com\/embed\/L3K3coOL6Ec?enablejsapi=1&#038;autoplay=0&#038;cc_load_policy=0&#038;cc_lang_pref=&#038;iv_load_policy=1&#038;loop=0&#038;rel=1&#038;fs=1&#038;playsinline=0&#038;autohide=2&#038;theme=dark&#038;color=red&#038;controls=1&#038;disablekb=0&#038;\" class=\"__youtube_prefs__  epyt-is-override  no-lazyload\" title=\"YouTube player\"  allow=\"fullscreen; accelerometer; autoplay; clipboard-write; encrypted-media; gyroscope; picture-in-picture; web-share\" referrerpolicy=\"strict-origin-when-cross-origin\" allowfullscreen data-no-lazy=\"1\" data-skipgform_ajax_framebjll=\"\"><\/iframe><\/div>\n<\/div><\/figure>\n\n\n\n<p><strong>9 &#8211; Frei Gilvander, na ALMG: \u201cDespejo Zero n\u00e3o s\u00f3 at\u00e9 30\/6\/22, mas para sempre! Cad\u00ea a fun\u00e7\u00e3o social?\u201d<\/strong><\/p>\n\n\n\n<figure class=\"wp-block-embed is-type-video is-provider-youtube wp-block-embed-youtube wp-embed-aspect-16-9 wp-has-aspect-ratio\"><div class=\"wp-block-embed__wrapper\">\n<div class=\"epyt-video-wrapper\"><iframe loading=\"lazy\"  id=\"_ytid_78311\"  width=\"810\" height=\"456\"  data-origwidth=\"810\" data-origheight=\"456\" src=\"https:\/\/www.youtube.com\/embed\/nzlsfh_gvOs?enablejsapi=1&#038;autoplay=0&#038;cc_load_policy=0&#038;cc_lang_pref=&#038;iv_load_policy=1&#038;loop=0&#038;rel=1&#038;fs=1&#038;playsinline=0&#038;autohide=2&#038;theme=dark&#038;color=red&#038;controls=1&#038;disablekb=0&#038;\" class=\"__youtube_prefs__  epyt-is-override  no-lazyload\" title=\"YouTube player\"  allow=\"fullscreen; accelerometer; autoplay; clipboard-write; encrypted-media; gyroscope; picture-in-picture; web-share\" referrerpolicy=\"strict-origin-when-cross-origin\" allowfullscreen data-no-lazy=\"1\" data-skipgform_ajax_framebjll=\"\"><\/iframe><\/div>\n<\/div><\/figure>\n\n\n\n<hr class=\"wp-block-separator\"\/>\n\n\n\n<p><a href=\"#_ftnref1\" id=\"_ftn1\">[1]<\/a> Frei e padre da Ordem dos carmelitas; doutor em Educa\u00e7\u00e3o pela FAE\/UFMG; licenciado e bacharel em Filosofia pela UFPR; bacharel em Teologia pelo ITESP\/SP; mestre em Exegese B\u00edblica pelo Pontif\u00edcio Instituto B\u00edblico, em Roma, It\u00e1lia; agente e assessor da CPT\/MG, assessor do CEBI e Ocupa\u00e7\u00f5es Urbanas; prof. de Teologia b\u00edblica no SAB (Servi\u00e7o de Anima\u00e7\u00e3o B\u00edblica), em Belo Horizonte, MG; colunista dos sites <a href=\"http:\/\/www.domtotal.com\">www.domtotal.com<\/a> , <a href=\"http:\/\/www.brasildefatomg.com.br\">www.brasildefatomg.com.br<\/a> , <a href=\"http:\/\/www.revistaconsciencia.com\">www.revistaconsciencia.com<\/a> , <a href=\"http:\/\/www.racismoambiental.net.br\">www.racismoambiental.net.br<\/a> e outros. E-mail:&nbsp;<a href=\"mailto:gilvanderlm@gmail.com\">gilvanderlm@gmail.com<\/a> &nbsp;\u2013&nbsp;<a href=\"http:\/\/www.gilvander.org.br\">www.gilvander.org.br<\/a> &nbsp;\u2013&nbsp;<a href=\"http:\/\/www.freigilvander.blogspot.com.br\">www.freigilvander.blogspot.com.br<\/a> &nbsp;&nbsp;&nbsp;&nbsp;&nbsp; \u2013&nbsp;&nbsp;&nbsp;&nbsp;&nbsp;&nbsp;&nbsp;<a href=\"http:\/\/www.twitter.com\/gilvanderluis\">www.twitter.com\/gilvanderluis<\/a> &nbsp;&nbsp;&nbsp;&nbsp;&nbsp;&nbsp;&nbsp; \u2013&nbsp;Facebook: Gilvander Moreira III<\/p>\n\n\n\n<p><a href=\"#_ftnref2\" id=\"_ftn2\">[2]<\/a> Cf. <a href=\"http:\/\/pastorinhas.blogspot.com.br\">http:\/\/pastorinhas.blogspot.com.br<\/a><\/p>\n","protected":false},"excerpt":{"rendered":"<p>Luta pela terra e pelas necessidades b\u00e1sicas gera emancipa\u00e7\u00e3o. Por frei Gilvander Moreira[1] Que tipo de utopia os camponeses e camponesas Sem Terra cultivam e se nutrem na luta pela terra enquanto pedagogia de emancipa\u00e7\u00e3o<\/p>\n","protected":false},"author":2,"featured_media":11863,"comment_status":"open","ping_status":"open","sticky":false,"template":"","format":"standard","meta":{"footnotes":""},"categories":[21,22,47,44,38,49,27,30,28,25,29,43,26,18],"tags":[],"class_list":["post-11862","post","type-post","status-publish","format-standard","has-post-thumbnail","hentry","category-artigo","category-cebs-comunidades-eclesiais-de-base","category-direito-a-agua","category-direito-a-memoria","category-direito-a-saude","category-direito-a-terra","category-direitos-humanos","category-fe-e-politica","category-luta-pela-moradia","category-luta-pela-terra-e-reforma-agraria","category-movimentos-sociais-populares","category-pedagogia-emancipatoria","category-teologia-da-libertacao","category-videos-de-frei-gilvander"],"_links":{"self":[{"href":"http:\/\/gilvander.org.br\/site\/wp-json\/wp\/v2\/posts\/11862","targetHints":{"allow":["GET"]}}],"collection":[{"href":"http:\/\/gilvander.org.br\/site\/wp-json\/wp\/v2\/posts"}],"about":[{"href":"http:\/\/gilvander.org.br\/site\/wp-json\/wp\/v2\/types\/post"}],"author":[{"embeddable":true,"href":"http:\/\/gilvander.org.br\/site\/wp-json\/wp\/v2\/users\/2"}],"replies":[{"embeddable":true,"href":"http:\/\/gilvander.org.br\/site\/wp-json\/wp\/v2\/comments?post=11862"}],"version-history":[{"count":1,"href":"http:\/\/gilvander.org.br\/site\/wp-json\/wp\/v2\/posts\/11862\/revisions"}],"predecessor-version":[{"id":11864,"href":"http:\/\/gilvander.org.br\/site\/wp-json\/wp\/v2\/posts\/11862\/revisions\/11864"}],"wp:featuredmedia":[{"embeddable":true,"href":"http:\/\/gilvander.org.br\/site\/wp-json\/wp\/v2\/media\/11863"}],"wp:attachment":[{"href":"http:\/\/gilvander.org.br\/site\/wp-json\/wp\/v2\/media?parent=11862"}],"wp:term":[{"taxonomy":"category","embeddable":true,"href":"http:\/\/gilvander.org.br\/site\/wp-json\/wp\/v2\/categories?post=11862"},{"taxonomy":"post_tag","embeddable":true,"href":"http:\/\/gilvander.org.br\/site\/wp-json\/wp\/v2\/tags?post=11862"}],"curies":[{"name":"wp","href":"https:\/\/api.w.org\/{rel}","templated":true}]}}