{"id":11880,"date":"2023-02-19T07:23:36","date_gmt":"2023-02-19T10:23:36","guid":{"rendered":"http:\/\/gilvander.org.br\/site\/?p=11880"},"modified":"2023-02-19T07:23:38","modified_gmt":"2023-02-19T10:23:38","slug":"nucleo-de-terapias-naturais-farmacia-viva-fitoterapia-cura-pelas-plantas-santa-luzia-mg-pelo-sus-video","status":"publish","type":"post","link":"http:\/\/gilvander.org.br\/site\/nucleo-de-terapias-naturais-farmacia-viva-fitoterapia-cura-pelas-plantas-santa-luzia-mg-pelo-sus-video\/","title":{"rendered":"N\u00facleo de Terapias Naturais\/Farm\u00e1cia Viva, Fitoterapia, Cura pelas Plantas, Santa Luzia\/MG, pelo SUS (V\u00eddeo)"},"content":{"rendered":"\n<p><strong>N\u00facleo de Terapias Naturais, Farm\u00e1cia Viva, Fitoterapia, Cura pelas Plantas, na Fazenda Boa Esperan\u00e7a, em Santa Luzia\/MG, pelo SUS, com Sayury Meireles, farmac\u00eautica, enfermeira e especialista em fitoterapia e cura pelas plantas etc<\/strong>. 17\/02\/23 <\/p>\n\n\n\n<figure class=\"wp-block-embed is-type-video is-provider-youtube wp-block-embed-youtube wp-embed-aspect-16-9 wp-has-aspect-ratio\"><div class=\"wp-block-embed__wrapper\">\n<div class=\"epyt-video-wrapper\"><iframe loading=\"lazy\"  id=\"_ytid_38406\"  width=\"810\" height=\"456\"  data-origwidth=\"810\" data-origheight=\"456\" src=\"https:\/\/www.youtube.com\/embed\/AZWG8nkQKGE?enablejsapi=1&#038;autoplay=0&#038;cc_load_policy=0&#038;cc_lang_pref=&#038;iv_load_policy=1&#038;loop=0&#038;rel=1&#038;fs=1&#038;playsinline=0&#038;autohide=2&#038;theme=dark&#038;color=red&#038;controls=1&#038;disablekb=0&#038;\" class=\"__youtube_prefs__  epyt-is-override  no-lazyload\" title=\"YouTube player\"  allow=\"fullscreen; accelerometer; autoplay; clipboard-write; encrypted-media; gyroscope; picture-in-picture; web-share\" referrerpolicy=\"strict-origin-when-cross-origin\" allowfullscreen data-no-lazy=\"1\" data-skipgform_ajax_framebjll=\"\"><\/iframe><\/div>\n<\/div><\/figure>\n\n\n\n<p>Endere\u00e7o: Fazenda Boa Esperan\u00e7a, Rua Jos\u00e9 Silvino Teixeira de Melo, 200 &#8211; Boa Esperan\u00e7a &#8211; Santa Luzia, MG. Hor\u00e1rio de funcionamento: de 7 horas \u00e0s 16 horas, de 2f. \u00e0 6f., Tel.: 31 3641-5168; cel com zap: 31 99187-613b (Com Luciana) Filmagem, Edi\u00e7\u00e3o e Divulga\u00e7\u00e3o: Frei Gilvander Moreira, da CPT, do CEBI, do SAB e da assessoria de Movimentos Populares, em Minas Gerais. Acompanhe a luta pela terra e por Direitos tamb\u00e9m via www.gilvander.org.br \u2013 www.freigilvander.blogspot.com &#8211; www.cebimg.org.br &#8211; www.cptmg.org.br &#8211; www.cptminas.blogspot.com.br Todos os v\u00eddeos, m\u00fasicas e imagens utilizados no v\u00eddeo pertencem aos seus respectivos propriet\u00e1rios. O material \u00e9 utilizado apenas para fins educacionais e se enquadra nas diretrizes de uso aceit\u00e1vel. N\u00e3o se pretende infringir direitos autorais. Se voc\u00ea \u00e9 o propriet\u00e1rio do conte\u00fado legal de qualquer v\u00eddeo, m\u00fasica e imagem aqui usados e gostaria que fossem removidos, por favor, entre em contato conosco (Frei Gilvander \u2013 gilvanderlm@gmail.com ), Se assistir e gostar, compartilhe. <\/p>\n\n\n\n<figure class=\"wp-block-image size-large\"><img loading=\"lazy\" decoding=\"async\" width=\"1024\" height=\"576\" src=\"http:\/\/gilvander.org.br\/site\/wp-content\/uploads\/2023\/02\/Snapshot_7-1024x576.jpg\" alt=\"\" class=\"wp-image-11881\" srcset=\"http:\/\/gilvander.org.br\/site\/wp-content\/uploads\/2023\/02\/Snapshot_7-1024x576.jpg 1024w, http:\/\/gilvander.org.br\/site\/wp-content\/uploads\/2023\/02\/Snapshot_7-300x169.jpg 300w, http:\/\/gilvander.org.br\/site\/wp-content\/uploads\/2023\/02\/Snapshot_7-768x432.jpg 768w, http:\/\/gilvander.org.br\/site\/wp-content\/uploads\/2023\/02\/Snapshot_7-1536x864.jpg 1536w, http:\/\/gilvander.org.br\/site\/wp-content\/uploads\/2023\/02\/Snapshot_7.jpg 1920w\" sizes=\"auto, (max-width: 1024px) 100vw, 1024px\" \/><\/figure>\n\n\n\n<p>Sugerimos. #ForaRodoanel #DespejoZero #Palavra\u00c9ticacomFreiGilvander #NaLutaPorDireitos #\u00c1guasParaaVida #BarragemN\u00e3o #FreiGilvander #PalavrasDeF\u00e9ComFreiGilvander<\/p>\n","protected":false},"excerpt":{"rendered":"<p>N\u00facleo de Terapias Naturais, Farm\u00e1cia Viva, Fitoterapia, Cura pelas Plantas, na Fazenda Boa Esperan\u00e7a, em Santa Luzia\/MG, pelo SUS, com Sayury Meireles, farmac\u00eautica, enfermeira e especialista em fitoterapia e cura pelas plantas etc. 17\/02\/23 Endere\u00e7o:<\/p>\n","protected":false},"author":2,"featured_media":11881,"comment_status":"open","ping_status":"open","sticky":false,"template":"","format":"standard","meta":{"footnotes":""},"categories":[21,46,38,27,58,56,43,18],"tags":[],"class_list":["post-11880","post","type-post","status-publish","format-standard","has-post-thumbnail","hentry","category-artigo","category-direito-a-cultura-popular","category-direito-a-saude","category-direitos-humanos","category-entrevista","category-meio-ambiente","category-pedagogia-emancipatoria","category-videos-de-frei-gilvander"],"_links":{"self":[{"href":"http:\/\/gilvander.org.br\/site\/wp-json\/wp\/v2\/posts\/11880","targetHints":{"allow":["GET"]}}],"collection":[{"href":"http:\/\/gilvander.org.br\/site\/wp-json\/wp\/v2\/posts"}],"about":[{"href":"http:\/\/gilvander.org.br\/site\/wp-json\/wp\/v2\/types\/post"}],"author":[{"embeddable":true,"href":"http:\/\/gilvander.org.br\/site\/wp-json\/wp\/v2\/users\/2"}],"replies":[{"embeddable":true,"href":"http:\/\/gilvander.org.br\/site\/wp-json\/wp\/v2\/comments?post=11880"}],"version-history":[{"count":1,"href":"http:\/\/gilvander.org.br\/site\/wp-json\/wp\/v2\/posts\/11880\/revisions"}],"predecessor-version":[{"id":11882,"href":"http:\/\/gilvander.org.br\/site\/wp-json\/wp\/v2\/posts\/11880\/revisions\/11882"}],"wp:featuredmedia":[{"embeddable":true,"href":"http:\/\/gilvander.org.br\/site\/wp-json\/wp\/v2\/media\/11881"}],"wp:attachment":[{"href":"http:\/\/gilvander.org.br\/site\/wp-json\/wp\/v2\/media?parent=11880"}],"wp:term":[{"taxonomy":"category","embeddable":true,"href":"http:\/\/gilvander.org.br\/site\/wp-json\/wp\/v2\/categories?post=11880"},{"taxonomy":"post_tag","embeddable":true,"href":"http:\/\/gilvander.org.br\/site\/wp-json\/wp\/v2\/tags?post=11880"}],"curies":[{"name":"wp","href":"https:\/\/api.w.org\/{rel}","templated":true}]}}