{"id":11883,"date":"2023-02-20T18:14:51","date_gmt":"2023-02-20T21:14:51","guid":{"rendered":"http:\/\/gilvander.org.br\/site\/?p=11883"},"modified":"2023-02-20T18:14:53","modified_gmt":"2023-02-20T21:14:53","slug":"dom-helder-camara-carnaval-e-a-alegria-popular-o-povo-tem-direito-de-pular-carnaval","status":"publish","type":"post","link":"http:\/\/gilvander.org.br\/site\/dom-helder-camara-carnaval-e-a-alegria-popular-o-povo-tem-direito-de-pular-carnaval\/","title":{"rendered":"Dom Helder C\u00e2mara: \u201cCarnaval \u00e9 a alegria popular!\u201d O povo tem direito de pular carnaval"},"content":{"rendered":"\n<p><strong>Dom Helder C\u00e2mara: \u201cCarnaval \u00e9 a alegria popular!\u201d O povo tem direito de pular carnaval<\/strong><\/p>\n\n\n\n<figure class=\"wp-block-image size-full is-resized\"><img loading=\"lazy\" decoding=\"async\" src=\"http:\/\/gilvander.org.br\/site\/wp-content\/uploads\/2023\/02\/Apresentacao1.png\" alt=\"\" class=\"wp-image-11884\" width=\"842\" height=\"442\" srcset=\"http:\/\/gilvander.org.br\/site\/wp-content\/uploads\/2023\/02\/Apresentacao1.png 960w, http:\/\/gilvander.org.br\/site\/wp-content\/uploads\/2023\/02\/Apresentacao1-300x158.png 300w, http:\/\/gilvander.org.br\/site\/wp-content\/uploads\/2023\/02\/Apresentacao1-768x403.png 768w\" sizes=\"auto, (max-width: 842px) 100vw, 842px\" \/><\/figure>\n\n\n\n<p>Dom Helder C\u00e2mara, durante sua cr\u00f4nica radiof\u00f4nica chamada \u201cum olhar sobre a cidade\u201d da R\u00e1dio Olinda AM em 1 de fevereiro de 1975, fez uma c\u00e9lebre orienta\u00e7\u00e3o para que o povo cat\u00f3lico brincasse o carnaval.<\/p>\n\n\n\n<p>Dizia ele: \u201c<strong>Carnaval \u00e9 a alegria popular. Direi mesmo, uma das raras alegrias que ainda sobram para a minha gente querida. Peca-se muito no carnaval? N\u00e3o sei o que pesa mais diante de Deus: se excessos, aqui e ali, cometidos por foli\u00f5es, ou farisa\u00edsmo e falta de amor por parte de quem se julga melhor e mais santo por n\u00e3o brincar o carnaval. Brinque, meu povo querido! Minha gente querid\u00edssima. \u00c9 verdade que na quarta-feira a luta recome\u00e7a, mas ao menos se p\u00f4s um pouco de sonho na realidade dura da vida!<\/strong>\u201d<\/p>\n\n\n\n<figure class=\"wp-block-embed is-type-video is-provider-youtube wp-block-embed-youtube wp-embed-aspect-16-9 wp-has-aspect-ratio\"><div class=\"wp-block-embed__wrapper\">\n<div class=\"epyt-video-wrapper\"><iframe loading=\"lazy\"  id=\"_ytid_46798\"  width=\"810\" height=\"456\"  data-origwidth=\"810\" data-origheight=\"456\" src=\"https:\/\/www.youtube.com\/embed\/pG6cpyi2XeQ?enablejsapi=1&#038;autoplay=0&#038;cc_load_policy=0&#038;cc_lang_pref=&#038;iv_load_policy=1&#038;loop=0&#038;rel=1&#038;fs=1&#038;playsinline=0&#038;autohide=2&#038;theme=dark&#038;color=red&#038;controls=1&#038;disablekb=0&#038;\" class=\"__youtube_prefs__  epyt-is-override  no-lazyload\" title=\"YouTube player\"  allow=\"fullscreen; accelerometer; autoplay; clipboard-write; encrypted-media; gyroscope; picture-in-picture; web-share\" referrerpolicy=\"strict-origin-when-cross-origin\" allowfullscreen data-no-lazy=\"1\" data-skipgform_ajax_framebjll=\"\"><\/iframe><\/div>\n<\/div><\/figure>\n","protected":false},"excerpt":{"rendered":"<p>Dom Helder C\u00e2mara: \u201cCarnaval \u00e9 a alegria popular!\u201d O povo tem direito de pular carnaval Dom Helder C\u00e2mara, durante sua cr\u00f4nica radiof\u00f4nica chamada \u201cum olhar sobre a cidade\u201d da R\u00e1dio Olinda AM em 1 de<\/p>\n","protected":false},"author":2,"featured_media":11884,"comment_status":"open","ping_status":"open","sticky":false,"template":"","format":"standard","meta":{"footnotes":""},"categories":[21,46,38,27,30,43,26],"tags":[],"class_list":["post-11883","post","type-post","status-publish","format-standard","has-post-thumbnail","hentry","category-artigo","category-direito-a-cultura-popular","category-direito-a-saude","category-direitos-humanos","category-fe-e-politica","category-pedagogia-emancipatoria","category-teologia-da-libertacao"],"_links":{"self":[{"href":"http:\/\/gilvander.org.br\/site\/wp-json\/wp\/v2\/posts\/11883","targetHints":{"allow":["GET"]}}],"collection":[{"href":"http:\/\/gilvander.org.br\/site\/wp-json\/wp\/v2\/posts"}],"about":[{"href":"http:\/\/gilvander.org.br\/site\/wp-json\/wp\/v2\/types\/post"}],"author":[{"embeddable":true,"href":"http:\/\/gilvander.org.br\/site\/wp-json\/wp\/v2\/users\/2"}],"replies":[{"embeddable":true,"href":"http:\/\/gilvander.org.br\/site\/wp-json\/wp\/v2\/comments?post=11883"}],"version-history":[{"count":1,"href":"http:\/\/gilvander.org.br\/site\/wp-json\/wp\/v2\/posts\/11883\/revisions"}],"predecessor-version":[{"id":11885,"href":"http:\/\/gilvander.org.br\/site\/wp-json\/wp\/v2\/posts\/11883\/revisions\/11885"}],"wp:featuredmedia":[{"embeddable":true,"href":"http:\/\/gilvander.org.br\/site\/wp-json\/wp\/v2\/media\/11884"}],"wp:attachment":[{"href":"http:\/\/gilvander.org.br\/site\/wp-json\/wp\/v2\/media?parent=11883"}],"wp:term":[{"taxonomy":"category","embeddable":true,"href":"http:\/\/gilvander.org.br\/site\/wp-json\/wp\/v2\/categories?post=11883"},{"taxonomy":"post_tag","embeddable":true,"href":"http:\/\/gilvander.org.br\/site\/wp-json\/wp\/v2\/tags?post=11883"}],"curies":[{"name":"wp","href":"https:\/\/api.w.org\/{rel}","templated":true}]}}