{"id":11886,"date":"2023-02-21T10:28:25","date_gmt":"2023-02-21T13:28:25","guid":{"rendered":"http:\/\/gilvander.org.br\/site\/?p=11886"},"modified":"2023-02-24T14:37:42","modified_gmt":"2023-02-24T17:37:42","slug":"preservacao-integral-da-mata-do-jardim-america-questao-de-vida-por-frei-gilvander","status":"publish","type":"post","link":"http:\/\/gilvander.org.br\/site\/preservacao-integral-da-mata-do-jardim-america-questao-de-vida-por-frei-gilvander\/","title":{"rendered":"Preserva\u00e7\u00e3o integral da Mata do Jardim Am\u00e9rica: quest\u00e3o de vida! Por frei Gilvander"},"content":{"rendered":"\n<p><strong>Preserva\u00e7\u00e3o integral da Mata do Jardim Am\u00e9rica: quest\u00e3o de vida!<\/strong> Por frei Gilvander Moreira<a id=\"_ftnref1\" href=\"#_ftn1\"><sup>[1]<\/sup><\/a><\/p>\n\n\n\n<figure class=\"wp-block-image size-large\"><img loading=\"lazy\" decoding=\"async\" width=\"1024\" height=\"920\" src=\"http:\/\/gilvander.org.br\/site\/wp-content\/uploads\/2023\/02\/WhatsApp-Image-2023-02-21-at-10.03.25-1-1024x920.jpeg\" alt=\"\" class=\"wp-image-11887\" srcset=\"http:\/\/gilvander.org.br\/site\/wp-content\/uploads\/2023\/02\/WhatsApp-Image-2023-02-21-at-10.03.25-1-1024x920.jpeg 1024w, http:\/\/gilvander.org.br\/site\/wp-content\/uploads\/2023\/02\/WhatsApp-Image-2023-02-21-at-10.03.25-1-300x270.jpeg 300w, http:\/\/gilvander.org.br\/site\/wp-content\/uploads\/2023\/02\/WhatsApp-Image-2023-02-21-at-10.03.25-1-768x690.jpeg 768w, http:\/\/gilvander.org.br\/site\/wp-content\/uploads\/2023\/02\/WhatsApp-Image-2023-02-21-at-10.03.25-1.jpeg 1280w\" sizes=\"auto, (max-width: 1024px) 100vw, 1024px\" \/><figcaption>Vis\u00e3o panor\u00e2mica da Mata do Jardim Am\u00e9rica, em Belo Horizonte, MG. Foto: Guilherme Tavares<\/figcaption><\/figure>\n\n\n\n<p>Em Belo Horizonte, MG, al\u00e9m de justo e \u00e9tico, tornou-se necess\u00e1ria a preserva\u00e7\u00e3o INTEGRAL da Mata do Jardim Am\u00e9rica, bairro que, por causa da quantidade e exuber\u00e2ncia de \u00e1rvores na sua origem, foi batizado com Jardim em seu nome. Estudo nas \u00e1reas de Arquitetura e Ci\u00eancias Biol\u00f3gicas considera que as \u00e1reas verdes como a Mata do Jardim Am\u00e9rica integram a \u2018floresta urbana\u2019 de Belo Horizonte, que se constitui pela soma de toda vegeta\u00e7\u00e3o arb\u00f3rea a ela associada, existente na \u00e1rea urbana ou circundante. \u201c<em>A \u2018floresta urbana\u2019 sequestra carbono (C) em biomassa a\u00e9rea e pelo solo, se tornando um dos principais servi\u00e7os ecossist\u00eamicos florestais, entre os quais: melhoria microclim\u00e1tica, conserva\u00e7\u00e3o da biodiversidade, fertilidade do solo, produ\u00e7\u00e3o de alimentos, absor\u00e7\u00e3o de poluentes e part\u00edculas, preven\u00e7\u00e3o e redu\u00e7\u00e3o da eros\u00e3o, purifica\u00e7\u00e3o da \u00e1gua e al\u00edvio da polui\u00e7\u00e3o sonora, aos quais tamb\u00e9m se agregam os de natureza recreativa, educativa e est\u00e9tica \u2013 relacionados ao potencial de intera\u00e7\u00e3o cultural das \u2018florestas urbanas\u2019 com as popula\u00e7\u00f5es das cidades<\/em>\u201d (AMARAL; COSTA; MUZZI, 2017, p. 164-165).<\/p>\n\n\n\n<p>Com o adensamento populacional dez bairros da zona oeste de Belo Horizonte t\u00eam apenas a Mata do Jardim Am\u00e9rica, com apenas 21.528,56 m\u00b2 (pouco mais do que dois campos de futebol), situada na Avenida Bar\u00e3o Homem de Melo, pr\u00f3ximo ao n\u00famero 600. Este \u201cpequeno pulm\u00e3o\u201d est\u00e1 amea\u00e7ado por empreendimento imobili\u00e1rio devastador, enquanto, ofegante, produz oxig\u00eanio e umidade para dez bairros da zona oeste de Belo Horizonte, onde habitam mais de 140 mil pessoas e milhares de outros seres vivos: bairros Jardim Am\u00e9rica, Gutierrez, Nova Su\u00ed\u00e7a, Nova Granada, Calafate, Prado, Barroca, Alto Barroca, Salgado Filho e Graja\u00fa.<\/p>\n\n\n\n<p>A Mata do Jardim Am\u00e9rica \u00e9 seis vezes menor do que a Mata do Planalto (119.630,89m<sup>2<\/sup>) na zona norte de Belo Horizonte, que ap\u00f3s treze anos de luta, com muita organiza\u00e7\u00e3o comunit\u00e1ria, convencemos o ex-prefeito Alexandre Kalil a desapropri\u00e1-la para que se torne um Parque Municipal Ecol\u00f3gico, garantindo a preserva\u00e7\u00e3o integral desta Mata, que tamb\u00e9m estava amea\u00e7ada por megaprojeto da construtora Direcional.<\/p>\n\n\n\n<p>Belo Horizonte era reconhecida como Cidade Jardim ou Ro\u00e7a Grande por causa do elevado n\u00famero de \u00e1rvores que tinha, mas nas \u00faltimas d\u00e9cadas se intensificou a devasta\u00e7\u00e3o ambiental na capital mineira, que foi constru\u00edda aos p\u00e9s do Curral Del Rey, porque estava em uma regi\u00e3o de cerrad\u00e3o e matas com mananciais capazes de abastecer uma popula\u00e7\u00e3o de at\u00e9 tr\u00eas milh\u00f5es de pessoas. Acontece que desde a funda\u00e7\u00e3o de Belo Horizonte, em 1893, derrubar \u00e1rvores e \u201csepultar\u201d c\u00f3rregos e rios tem sido a regra na capital mineira hoje j\u00e1 com mais de 2,5 milh\u00f5es de pessoas, segundo o IBGE. J\u00e1 s\u00e3o mais de 200 c\u00f3rregos e rios canalizados (\u201csepultados\u201d) em Belo Horizonte e, como sempre, ao lado dos c\u00f3rregos e rios s\u00e3o \u00c1reas de Prote\u00e7\u00e3o Permanente (matas ciliares e capoeiras). A hist\u00f3ria de Belo Horizonte acumula tamb\u00e9m a derrubada de milhares de \u00e1rvores para se construir grandes avenidas sobre c\u00f3rregos e rios, tais como: Av. Afonso Pena, Av. Amazonas, Av. Teresa Cristina, Av. Prudente de Moraes, Av. Cristiano Machado, Av. Ant\u00f4nio Carlos, Dom Pedro I e II, Av. Tancredo Neves etc. V\u00e1rios mananciais que abasteciam Belo Horizonte tamb\u00e9m j\u00e1 foram dizimados, como o da Pampulha. Belo Horizonte \u00e9 hoje um munic\u00edpio sem \u00e1rea rural e que recebe \u00e1gua para abastecimento p\u00fablico de munic\u00edpios da regi\u00e3o metropolitana.<\/p>\n\n\n\n<p>A Mata do Jardim Am\u00e9rica com toda sua biodiversidade (flora e fauna) clama por socorro, porque est\u00e1 brutalmente amea\u00e7ada de devasta\u00e7\u00e3o pelas Construtoras Masb e Patrimar Novo Lar, que t\u00eam projeto de construir na Mata arranha c\u00e9us, em pr\u00e9dios de at\u00e9 17 andares, com cerca de 400 apartamentos de luxo e 800 vagas de garagem. Este brutal e devastador projeto condena \u00e0 morte mais de mil \u00e1rvores e milhares de animais e seres vivos pequenos. Se na Mata do Hava\u00ed, em Belo Horizonte, a construtora Precon derrubou 970 \u00e1rvores em apenas um hectare (10.000m<sup>2<\/sup>), na Mata do Jardim Am\u00e9rica deve ter muito mais \u00e1rvores. Este projeto de interesse do grande capital \u00e9 ecocida, pois causar\u00e1 a morte de milhares de seres vivos que t\u00eam a Mata do Jardim Am\u00e9rica como sua moradia, seu ninho, seu abrigo. Exigimos a suspens\u00e3o deste projeto de morte, um massacre de \u00e1rvores e animais, causando a morte e descaracterizando, assim, todo o ambiente, causando preju\u00edzos irrevers\u00edveis \u00e0 fauna, \u00e0 flora, \u00e0 hist\u00f3ria da cidade de Belo Horizonte e toda a sua popula\u00e7\u00e3o.<\/p>\n\n\n\n<p>Em contexto de agravamento brutal das mudan\u00e7as clim\u00e1ticas, estado de Emerg\u00eancia Clim\u00e1tica, com eventos extremos cada vez mais letais como a maior chuva da hist\u00f3ria do Brasil, no Litoral Norte de S\u00e3o Paulo, em S\u00e3o Sebasti\u00e3o e regi\u00e3o, que causou a morte de dezenas de pessoas e muita destrui\u00e7\u00e3o, ser\u00e1 uma a\u00e7\u00e3o criminosa e assassina devastar a Mata do Jardim Am\u00e9rica. Cada \u00e1rvore \u00e9 uma grande usina produtora de vida, de oxig\u00eanio, de umidade, de chuva. Quanto mais \u00e1rvores preservadas, plantadas e cuidadas, melhor clima e sequestro de carbono teremos. Quanto menos \u00e1rvores, mais polui\u00e7\u00e3o, mais doen\u00e7as e morte. Sem \u00e1rvores n\u00e3o se forma os rios a\u00e9reos que viabilizam chuvas.<\/p>\n\n\n\n<p>A Mata do Jardim Am\u00e9rica j\u00e1 foi muito maior, possui uma extraordin\u00e1ria biodiversidade de flora e fauna. Tem na mata uma s\u00e9rie de \u00e1rvores nativas, Mata Atl\u00e2ntica protegida pela Lei Federal 11.428\/2006 e muitas esp\u00e9cies amea\u00e7adas de extin\u00e7\u00e3o. Ali tem tucanos, maritacas, micos e milhares de p\u00e1ssaros que dependem desta, que \u00e9 a \u00faltima \u00e1rea verde da regi\u00e3o oeste de Belo Horizonte. Pesquisas de mestrado e doutorado da UFMG comprovam que com o avan\u00e7o do agroneg\u00f3cio em monoculturas desertificando os territ\u00f3rios, milhares de p\u00e1ssaros e outros animais est\u00e3o buscando ref\u00fagio nas franjas verdes das cidades.<\/p>\n\n\n\n<p>O n\u00edvel de \u00e1reas verdes na regi\u00e3o oeste de Belo Horizonte est\u00e1 muito abaixo do m\u00ednimo recomendado pela Organiza\u00e7\u00e3o Mundial da Sa\u00fade (OMS). N\u00e3o podemos fechar os olhos diante desse massacre que vai afetar a vida de todo o povo de Belo Horizonte e da biodiversidade. Conforme o Plano Diretor de Belo Horizonte, a Mata do Jardim Am\u00e9rica agora se enquadra como \u00c1rea de Preserva\u00e7\u00e3o Ambiental (PA 1), de m\u00e1ximo grau de prote\u00e7\u00e3o, o que exige que as autoridades respeitem a vida e a natureza no local.&nbsp;Por isso, reivindicamos a anula\u00e7\u00e3o da Licen\u00e7a Ambiental j\u00e1 concedida pela Prefeitura de Belo Horizonte e a anula\u00e7\u00e3o do acordo intermediado pelo Minist\u00e9rio P\u00fablico de Minas Gerais, realizado sob press\u00e3o, com s\u00e9rios ind\u00edcios de coa\u00e7\u00e3o. A Mata do Jardim Am\u00e9rica, segundo a prefeitura de Belo Horizonte, \u00e9 \u00c1rea de Risco de Contamina\u00e7\u00e3o do Len\u00e7ol Fre\u00e1tico, j\u00e1 que ali existe a sub-bacia do C\u00f3rrego Piteiras, que pertence \u00e0 Bacia do Ribeir\u00e3o Arrudas, rio das Velhas, rio S\u00e3o Francisco. E \u00e9 tamb\u00e9m \u00c1rea de Risco Associada a Escava\u00e7\u00f5es. &nbsp;<\/p>\n\n\n\n<p>Em total contradi\u00e7\u00e3o com o objetivo de se construir uma cidade sustent\u00e1vel e ecol\u00f3gica, a Licen\u00e7a Ambiental prev\u00ea a derrubada de 465 \u00e1rvores (na realidade ser\u00e3o muito mais!), entre elas dezenas de jacarand\u00e1s, cedros, copa\u00edbas e ip\u00eas, muitas centen\u00e1rias. Isto violar\u00e1 flagrantemente a Lei 11.428\/2006 e o art. 225 da Constitui\u00e7\u00e3o Federal que determina: \u201c<em>Todos t\u00eam direito ao meio ambiente ecologicamente equilibrado, bem de uso comum do povo e essencial \u00e0 sadia qualidade de vida, impondo-se ao Poder P\u00fablico e \u00e0 coletividade o dever de defend\u00ea-lo e preserv\u00e1-lo para as presentes e futuras gera\u00e7\u00f5es<\/em>.\u201d E afirma no \u00a7 1\u00ba,&nbsp; inciso VII: \u201c<em>proteger a fauna e a flora, vedadas, na forma da lei, as pr\u00e1ticas que coloquem em risco sua fun\u00e7\u00e3o ecol\u00f3gica, provoquem a extin\u00e7\u00e3o de esp\u00e9cies ou submetam os animais a crueldade<\/em>.\u201d<\/p>\n\n\n\n<p>Derrubar a Mata do Jardim Am\u00e9rica e impedir que a sociedade participe de decis\u00f5es que afetam t\u00e3o seriamente as nossas vidas e o meio ambiente contrariam os acordos internacionais assinados pelo Brasil junto \u00e0 ONU para o cumprimento dos Objetivos para o Desenvolvimento Sustent\u00e1vel (ODS)! Exigimos desmatamento zero! Nenhuma \u00e1rvore a menos! A prote\u00e7\u00e3o integral da Mata do Jardim Am\u00e9rica \u00e9 imprescind\u00edvel. A compensa\u00e7\u00e3o com o plantio de mudas n\u00e3o resolve, \u00e9 maquiagem obscena e nojenta!&nbsp;O direito de ter \u00e1reas verdes e parques ecol\u00f3gicos n\u00e3o pode ser exclusividade dos bairros ricos. Este direito n\u00e3o pode nos ser tomado. Queremos uma cidade jardim para todos! Um parque ecol\u00f3gico, limpo, digno e seguro para todos!<\/p>\n\n\n\n<p>At\u00e9 quando as autoridades v\u00e3o continuar permitindo lucro e acumula\u00e7\u00e3o de capital de alguns \u00e0 custa do preju\u00edzo de todos? A hist\u00f3ria vai cobrar de todas as autoridades. A popula\u00e7\u00e3o e todas as for\u00e7as vivas de Belo Horizonte lutam para que a Mata do Jardim Am\u00e9rica n\u00e3o seja devastada. Pedimos socorro a todas as autoridades! Os direitos da natureza precisam ser respeitados. Exigimos a PRESERVA\u00c7\u00c3O INTEGRAL DA MATA DO JARDIM AM\u00c9RICA. Que a Mata do Jardim Am\u00e9rica seja desapropriada pelo prefeito de Belo Horizonte, Fuad Noman, e transformada em um Parque Municipal Ecol\u00f3gico. Esta \u00e9 a reivindica\u00e7\u00e3o do Movimento SOS Mata do Jardim Am\u00e9rica.<a href=\"#_ftn2\" id=\"_ftnref2\">[2]<\/a> Com muita luta estamos garantindo a preserva\u00e7\u00e3o integral da Mata do Planalto na zona norte de Belo Horizonte e da Mata do Hava\u00ed. Conquistaremos tamb\u00e9m a preserva\u00e7\u00e3o integral da Mata do Jardim Am\u00e9rica. Bem-vindos\/as \u00e0 luta!<\/p>\n\n\n\n<p><strong>Refer\u00eancia<\/strong><\/p>\n\n\n\n<p>AMARAL, Rubens; COSTA, Sta\u00ebl de Alvarenga Pereira; MUZZI, Maria Rita Scotti. \u201cO Sequestro de Carbono em Trechos da Floresta Urbana de Belo Horizonte: por um Sistema de Espa\u00e7os Livres mais Eficiente no Provimento de Servi\u00e7os Ecossist\u00eamicos Urbanos\u201d, em PAISAG. AMBIENTE: ENSAIOS, n. 39 &#8211; S\u00c3O PAULO, 2017, p. 163-179.<\/p>\n\n\n\n<p>21\/02\/2023<\/p>\n\n\n\n<p><strong>Obs<\/strong>.: As videorreportagens nos links, abaixo, versam sobre o assunto tratado, acima.<\/p>\n\n\n\n<p><strong>1 &#8211; <\/strong><strong>Vis\u00e3o panor\u00e2mica da Mata do Jd. Am\u00e9rica em BH\/MG. Lutamos por Preserva\u00e7\u00e3o INTEGRAL da Mata. SOS MATA<\/strong><\/p>\n\n\n\n<figure class=\"wp-block-embed is-type-video is-provider-youtube wp-block-embed-youtube wp-embed-aspect-16-9 wp-has-aspect-ratio\"><div class=\"wp-block-embed__wrapper\">\n<div class=\"epyt-video-wrapper\"><iframe loading=\"lazy\"  id=\"_ytid_42316\"  width=\"810\" height=\"456\"  data-origwidth=\"810\" data-origheight=\"456\" src=\"https:\/\/www.youtube.com\/embed\/pYm0TxlhrfI?enablejsapi=1&#038;autoplay=0&#038;cc_load_policy=0&#038;cc_lang_pref=&#038;iv_load_policy=1&#038;loop=0&#038;rel=1&#038;fs=1&#038;playsinline=0&#038;autohide=2&#038;theme=dark&#038;color=red&#038;controls=1&#038;disablekb=0&#038;\" class=\"__youtube_prefs__  epyt-is-override  no-lazyload\" title=\"YouTube player\"  allow=\"fullscreen; accelerometer; autoplay; clipboard-write; encrypted-media; gyroscope; picture-in-picture; web-share\" referrerpolicy=\"strict-origin-when-cross-origin\" allowfullscreen data-no-lazy=\"1\" data-skipgform_ajax_framebjll=\"\"><\/iframe><\/div>\n<\/div><\/figure>\n\n\n\n<p><strong>2 &#8211; Mata do Jd. Am\u00e9rica, BH\/MG, amea\u00e7ada de extin\u00e7\u00e3o pelas construtoras Masb e Patrimar Novo Lar. SALVE!<\/strong><\/p>\n\n\n\n<figure class=\"wp-block-embed is-type-video is-provider-youtube wp-block-embed-youtube wp-embed-aspect-16-9 wp-has-aspect-ratio\"><div class=\"wp-block-embed__wrapper\">\n<div class=\"epyt-video-wrapper\"><iframe loading=\"lazy\"  id=\"_ytid_37251\"  width=\"810\" height=\"456\"  data-origwidth=\"810\" data-origheight=\"456\" src=\"https:\/\/www.youtube.com\/embed\/3czctZ0mZuA?enablejsapi=1&#038;autoplay=0&#038;cc_load_policy=0&#038;cc_lang_pref=&#038;iv_load_policy=1&#038;loop=0&#038;rel=1&#038;fs=1&#038;playsinline=0&#038;autohide=2&#038;theme=dark&#038;color=red&#038;controls=1&#038;disablekb=0&#038;\" class=\"__youtube_prefs__  epyt-is-override  no-lazyload\" title=\"YouTube player\"  allow=\"fullscreen; accelerometer; autoplay; clipboard-write; encrypted-media; gyroscope; picture-in-picture; web-share\" referrerpolicy=\"strict-origin-when-cross-origin\" allowfullscreen data-no-lazy=\"1\" data-skipgform_ajax_framebjll=\"\"><\/iframe><\/div>\n<\/div><\/figure>\n\n\n\n<p><strong>3 &#8211; Vereadores\/as de BH, EXIGIMOS Preserva\u00e7\u00e3o integral da Mata do Jd. Am\u00e9rica em BH\/MG! Fora, Patrimar!<\/strong><\/p>\n\n\n\n<figure class=\"wp-block-embed is-type-video is-provider-youtube wp-block-embed-youtube wp-embed-aspect-16-9 wp-has-aspect-ratio\"><div class=\"wp-block-embed__wrapper\">\n<div class=\"epyt-video-wrapper\"><iframe loading=\"lazy\"  id=\"_ytid_33441\"  width=\"810\" height=\"456\"  data-origwidth=\"810\" data-origheight=\"456\" src=\"https:\/\/www.youtube.com\/embed\/7qu7LOKahps?enablejsapi=1&#038;autoplay=0&#038;cc_load_policy=0&#038;cc_lang_pref=&#038;iv_load_policy=1&#038;loop=0&#038;rel=1&#038;fs=1&#038;playsinline=0&#038;autohide=2&#038;theme=dark&#038;color=red&#038;controls=1&#038;disablekb=0&#038;\" class=\"__youtube_prefs__  epyt-is-override  no-lazyload\" title=\"YouTube player\"  allow=\"fullscreen; accelerometer; autoplay; clipboard-write; encrypted-media; gyroscope; picture-in-picture; web-share\" referrerpolicy=\"strict-origin-when-cross-origin\" allowfullscreen data-no-lazy=\"1\" data-skipgform_ajax_framebjll=\"\"><\/iframe><\/div>\n<\/div><\/figure>\n\n\n\n<p><strong>4 &#8211; Frei Gilvander e CPT: Exigimos a Preserva\u00e7\u00e3o integral da Mata do Jd. Am\u00e9rica, BH\/MG! Natureza, SIM!<\/strong><\/p>\n\n\n\n<figure class=\"wp-block-embed is-type-video is-provider-youtube wp-block-embed-youtube wp-embed-aspect-16-9 wp-has-aspect-ratio\"><div class=\"wp-block-embed__wrapper\">\n<div class=\"epyt-video-wrapper\"><iframe loading=\"lazy\"  id=\"_ytid_10518\"  width=\"810\" height=\"456\"  data-origwidth=\"810\" data-origheight=\"456\" src=\"https:\/\/www.youtube.com\/embed\/TrWyvmlkQaY?enablejsapi=1&#038;autoplay=0&#038;cc_load_policy=0&#038;cc_lang_pref=&#038;iv_load_policy=1&#038;loop=0&#038;rel=1&#038;fs=1&#038;playsinline=0&#038;autohide=2&#038;theme=dark&#038;color=red&#038;controls=1&#038;disablekb=0&#038;\" class=\"__youtube_prefs__  epyt-is-override  no-lazyload\" title=\"YouTube player\"  allow=\"fullscreen; accelerometer; autoplay; clipboard-write; encrypted-media; gyroscope; picture-in-picture; web-share\" referrerpolicy=\"strict-origin-when-cross-origin\" allowfullscreen data-no-lazy=\"1\" data-skipgform_ajax_framebjll=\"\"><\/iframe><\/div>\n<\/div><\/figure>\n\n\n\n<p><strong>5 &#8211; Pr\u00e9dios de 17 andares com quase 500 aptos de luxo na Mata do Jd. Am\u00e9rica em BH\/MG? Inadmiss\u00edvel!<\/strong><\/p>\n\n\n\n<figure class=\"wp-block-embed is-type-video is-provider-youtube wp-block-embed-youtube wp-embed-aspect-16-9 wp-has-aspect-ratio\"><div class=\"wp-block-embed__wrapper\">\n<div class=\"epyt-video-wrapper\"><iframe loading=\"lazy\"  id=\"_ytid_79297\"  width=\"810\" height=\"456\"  data-origwidth=\"810\" data-origheight=\"456\" src=\"https:\/\/www.youtube.com\/embed\/QiE9PtxkzU0?enablejsapi=1&#038;autoplay=0&#038;cc_load_policy=0&#038;cc_lang_pref=&#038;iv_load_policy=1&#038;loop=0&#038;rel=1&#038;fs=1&#038;playsinline=0&#038;autohide=2&#038;theme=dark&#038;color=red&#038;controls=1&#038;disablekb=0&#038;\" class=\"__youtube_prefs__  epyt-is-override  no-lazyload\" title=\"YouTube player\"  allow=\"fullscreen; accelerometer; autoplay; clipboard-write; encrypted-media; gyroscope; picture-in-picture; web-share\" referrerpolicy=\"strict-origin-when-cross-origin\" allowfullscreen data-no-lazy=\"1\" data-skipgform_ajax_framebjll=\"\"><\/iframe><\/div>\n<\/div><\/figure>\n\n\n\n<p><strong>6 &#8211; Fora, construtora Patrimar da Mata do Jd. Am\u00e9rica, BH\/MG! PRESERVA\u00c7\u00c3O INTEGRAL DA MATA EXIGIMOS, J\u00c1!<\/strong><\/p>\n\n\n\n<figure class=\"wp-block-embed is-type-video is-provider-youtube wp-block-embed-youtube wp-embed-aspect-16-9 wp-has-aspect-ratio\"><div class=\"wp-block-embed__wrapper\">\n<div class=\"epyt-video-wrapper\"><iframe loading=\"lazy\"  id=\"_ytid_22084\"  width=\"810\" height=\"456\"  data-origwidth=\"810\" data-origheight=\"456\" src=\"https:\/\/www.youtube.com\/embed\/QACwnGh3wFk?enablejsapi=1&#038;autoplay=0&#038;cc_load_policy=0&#038;cc_lang_pref=&#038;iv_load_policy=1&#038;loop=0&#038;rel=1&#038;fs=1&#038;playsinline=0&#038;autohide=2&#038;theme=dark&#038;color=red&#038;controls=1&#038;disablekb=0&#038;\" class=\"__youtube_prefs__  epyt-is-override  no-lazyload\" title=\"YouTube player\"  allow=\"fullscreen; accelerometer; autoplay; clipboard-write; encrypted-media; gyroscope; picture-in-picture; web-share\" referrerpolicy=\"strict-origin-when-cross-origin\" allowfullscreen data-no-lazy=\"1\" data-skipgform_ajax_framebjll=\"\"><\/iframe><\/div>\n<\/div><\/figure>\n\n\n\n<p><strong>7 &#8211; \u201cBasta de propostas conciliat\u00f3rias sobre a Mata do Jd. Am\u00e9rica, em BH\/MG! Preserva\u00e7\u00e3o 100%, J\u00c1!&#8221;<\/strong><\/p>\n\n\n\n<figure class=\"wp-block-embed is-type-video is-provider-youtube wp-block-embed-youtube wp-embed-aspect-16-9 wp-has-aspect-ratio\"><div class=\"wp-block-embed__wrapper\">\n<div class=\"epyt-video-wrapper\"><iframe loading=\"lazy\"  id=\"_ytid_22047\"  width=\"810\" height=\"456\"  data-origwidth=\"810\" data-origheight=\"456\" src=\"https:\/\/www.youtube.com\/embed\/bIxi91qNRxg?enablejsapi=1&#038;autoplay=0&#038;cc_load_policy=0&#038;cc_lang_pref=&#038;iv_load_policy=1&#038;loop=0&#038;rel=1&#038;fs=1&#038;playsinline=0&#038;autohide=2&#038;theme=dark&#038;color=red&#038;controls=1&#038;disablekb=0&#038;\" class=\"__youtube_prefs__  epyt-is-override  no-lazyload\" title=\"YouTube player\"  allow=\"fullscreen; accelerometer; autoplay; clipboard-write; encrypted-media; gyroscope; picture-in-picture; web-share\" referrerpolicy=\"strict-origin-when-cross-origin\" allowfullscreen data-no-lazy=\"1\" data-skipgform_ajax_framebjll=\"\"><\/iframe><\/div>\n<\/div><\/figure>\n\n\n\n<p><strong>8 &#8211; Basta de especula\u00e7\u00e3o imobili\u00e1ria na Mata do Jd. Am\u00e9rica, em BH\/MG! O justo \u00e9 preserva\u00e7\u00e3o 100%, J\u00c1!<\/strong><\/p>\n\n\n\n<figure class=\"wp-block-embed is-type-video is-provider-youtube wp-block-embed-youtube wp-embed-aspect-16-9 wp-has-aspect-ratio\"><div class=\"wp-block-embed__wrapper\">\n<div class=\"epyt-video-wrapper\"><iframe loading=\"lazy\"  id=\"_ytid_92761\"  width=\"810\" height=\"456\"  data-origwidth=\"810\" data-origheight=\"456\" src=\"https:\/\/www.youtube.com\/embed\/o2tJlDNaE2Q?enablejsapi=1&#038;autoplay=0&#038;cc_load_policy=0&#038;cc_lang_pref=&#038;iv_load_policy=1&#038;loop=0&#038;rel=1&#038;fs=1&#038;playsinline=0&#038;autohide=2&#038;theme=dark&#038;color=red&#038;controls=1&#038;disablekb=0&#038;\" class=\"__youtube_prefs__  epyt-is-override  no-lazyload\" title=\"YouTube player\"  allow=\"fullscreen; accelerometer; autoplay; clipboard-write; encrypted-media; gyroscope; picture-in-picture; web-share\" referrerpolicy=\"strict-origin-when-cross-origin\" allowfullscreen data-no-lazy=\"1\" data-skipgform_ajax_framebjll=\"\"><\/iframe><\/div>\n<\/div><\/figure>\n\n\n\n<p><strong>9 &#8211; Mata do Jd. Am\u00e9rica em BH\/MG, \u00fanico pulm\u00e3o de 11 bairros de BH. Preserva\u00e7\u00e3o INTEGRAL 100%, J\u00c1! v. 2<\/strong><\/p>\n\n\n\n<figure class=\"wp-block-embed is-type-video is-provider-youtube wp-block-embed-youtube wp-embed-aspect-16-9 wp-has-aspect-ratio\"><div class=\"wp-block-embed__wrapper\">\n<div class=\"epyt-video-wrapper\"><iframe loading=\"lazy\"  id=\"_ytid_20765\"  width=\"810\" height=\"456\"  data-origwidth=\"810\" data-origheight=\"456\" src=\"https:\/\/www.youtube.com\/embed\/4dboJZgr03w?enablejsapi=1&#038;autoplay=0&#038;cc_load_policy=0&#038;cc_lang_pref=&#038;iv_load_policy=1&#038;loop=0&#038;rel=1&#038;fs=1&#038;playsinline=0&#038;autohide=2&#038;theme=dark&#038;color=red&#038;controls=1&#038;disablekb=0&#038;\" class=\"__youtube_prefs__  epyt-is-override  no-lazyload\" title=\"YouTube player\"  allow=\"fullscreen; accelerometer; autoplay; clipboard-write; encrypted-media; gyroscope; picture-in-picture; web-share\" referrerpolicy=\"strict-origin-when-cross-origin\" allowfullscreen data-no-lazy=\"1\" data-skipgform_ajax_framebjll=\"\"><\/iframe><\/div>\n<\/div><\/figure>\n\n\n\n<p><strong>10 &#8211; Preserva\u00e7\u00e3o INTEGRAL da Mata do Jd. Am\u00e9rica, em BH\/MG, J\u00c1! Abra\u00e7o \u00e0 Mata. Fora, construtora Patrimar<\/strong><\/p>\n\n\n\n<figure class=\"wp-block-embed is-type-video is-provider-youtube wp-block-embed-youtube wp-embed-aspect-16-9 wp-has-aspect-ratio\"><div class=\"wp-block-embed__wrapper\">\n<div class=\"epyt-video-wrapper\"><iframe loading=\"lazy\"  id=\"_ytid_41120\"  width=\"810\" height=\"456\"  data-origwidth=\"810\" data-origheight=\"456\" src=\"https:\/\/www.youtube.com\/embed\/1toqr-S_n38?enablejsapi=1&#038;autoplay=0&#038;cc_load_policy=0&#038;cc_lang_pref=&#038;iv_load_policy=1&#038;loop=0&#038;rel=1&#038;fs=1&#038;playsinline=0&#038;autohide=2&#038;theme=dark&#038;color=red&#038;controls=1&#038;disablekb=0&#038;\" class=\"__youtube_prefs__  epyt-is-override  no-lazyload\" title=\"YouTube player\"  allow=\"fullscreen; accelerometer; autoplay; clipboard-write; encrypted-media; gyroscope; picture-in-picture; web-share\" referrerpolicy=\"strict-origin-when-cross-origin\" allowfullscreen data-no-lazy=\"1\" data-skipgform_ajax_framebjll=\"\"><\/iframe><\/div>\n<\/div><\/figure>\n\n\n\n<p><strong>11 &#8211; <\/strong><strong>SALVE a Mata do Jd. Am\u00e9rica, em BH\/MG, com urg\u00eancia! Anula\u00e7\u00e3o do acordo injusto e sob coa\u00e7\u00e3o, J\u00c1!<\/strong><\/p>\n\n\n\n<figure class=\"wp-block-embed is-type-video is-provider-youtube wp-block-embed-youtube wp-embed-aspect-16-9 wp-has-aspect-ratio\"><div class=\"wp-block-embed__wrapper\">\n<div class=\"epyt-video-wrapper\"><iframe loading=\"lazy\"  id=\"_ytid_78037\"  width=\"810\" height=\"456\"  data-origwidth=\"810\" data-origheight=\"456\" src=\"https:\/\/www.youtube.com\/embed\/hxFwyo-0zkQ?enablejsapi=1&#038;autoplay=0&#038;cc_load_policy=0&#038;cc_lang_pref=&#038;iv_load_policy=1&#038;loop=0&#038;rel=1&#038;fs=1&#038;playsinline=0&#038;autohide=2&#038;theme=dark&#038;color=red&#038;controls=1&#038;disablekb=0&#038;\" class=\"__youtube_prefs__  epyt-is-override  no-lazyload\" title=\"YouTube player\"  allow=\"fullscreen; accelerometer; autoplay; clipboard-write; encrypted-media; gyroscope; picture-in-picture; web-share\" referrerpolicy=\"strict-origin-when-cross-origin\" allowfullscreen data-no-lazy=\"1\" data-skipgform_ajax_framebjll=\"\"><\/iframe><\/div>\n<\/div><\/figure>\n\n\n\n<hr class=\"wp-block-separator\"\/>\n\n\n\n<p><a href=\"#_ftnref1\" id=\"_ftn1\">[1]<\/a> Frei e padre da Ordem dos carmelitas; doutor em Educa\u00e7\u00e3o pela FAE\/UFMG; licenciado e bacharel em Filosofia pela UFPR; bacharel em Teologia pelo ITESP\/SP; mestre em Exegese B\u00edblica pelo Pontif\u00edcio Instituto B\u00edblico, em Roma, It\u00e1lia; agente e assessor da CPT\/MG, assessor do CEBI e Ocupa\u00e7\u00f5es Urbanas; prof. de Teologia b\u00edblica no SAB (Servi\u00e7o de Anima\u00e7\u00e3o B\u00edblica), em Belo Horizonte, MG; colunista dos sites <a href=\"http:\/\/www.domtotal.com\">www.domtotal.com<\/a> , <a href=\"http:\/\/www.brasildefatomg.com.br\">www.brasildefatomg.com.br<\/a> , <a href=\"http:\/\/www.revistaconsciencia.com\">www.revistaconsciencia.com<\/a> , <a href=\"http:\/\/www.racismoambiental.net.br\">www.racismoambiental.net.br<\/a> e outros. E-mail:&nbsp;<a href=\"mailto:gilvanderlm@gmail.com\">gilvanderlm@gmail.com<\/a> &nbsp;\u2013&nbsp;<a href=\"http:\/\/www.gilvander.org.br\">www.gilvander.org.br<\/a> &nbsp;\u2013&nbsp;<a href=\"http:\/\/www.freigilvander.blogspot.com.br\">www.freigilvander.blogspot.com.br<\/a> &nbsp;&nbsp;&nbsp;&nbsp;&nbsp; \u2013&nbsp;&nbsp;&nbsp;&nbsp;&nbsp;&nbsp;&nbsp;<a href=\"http:\/\/www.twitter.com\/gilvanderluis\">www.twitter.com\/gilvanderluis<\/a> &nbsp;&nbsp;&nbsp;&nbsp;&nbsp;&nbsp;&nbsp; \u2013&nbsp;Facebook: Gilvander Moreira III<\/p>\n\n\n\n<p><a href=\"#_ftnref2\" id=\"_ftn2\">[2]<\/a> No Instagram&nbsp;<a href=\"https:\/\/www.instagram.com\/sosmatadojardimamerica\/\" target=\"_blank\" rel=\"noreferrer noopener\"><strong>@sosmatajardimamerica<\/strong><\/a> <strong>ASSINE A PETI\u00c7\u00c3O E PRESSIONE AS AUTORIDADES PELA PRESERVA\u00c7\u00c3O INTEGRAL DA MATA DO JARDIM AM\u00c9RICA! <\/strong>Participe da luta pela preserva\u00e7\u00e3o da Mata do Jardim Am\u00e9rica, em Belo Horizonte, MG.<\/p>\n","protected":false},"excerpt":{"rendered":"<p>Preserva\u00e7\u00e3o integral da Mata do Jardim Am\u00e9rica: quest\u00e3o de vida! Por frei Gilvander Moreira[1] Em Belo Horizonte, MG, al\u00e9m de justo e \u00e9tico, tornou-se necess\u00e1ria a preserva\u00e7\u00e3o INTEGRAL da Mata do Jardim Am\u00e9rica, bairro que,<\/p>\n","protected":false},"author":2,"featured_media":11887,"comment_status":"open","ping_status":"open","sticky":false,"template":"","format":"standard","meta":{"footnotes":""},"categories":[21,47,40,46,44,38,49,39,27,56,29,43,26,18],"tags":[],"class_list":["post-11886","post","type-post","status-publish","format-standard","has-post-thumbnail","hentry","category-artigo","category-direito-a-agua","category-direito-a-cidade","category-direito-a-cultura-popular","category-direito-a-memoria","category-direito-a-saude","category-direito-a-terra","category-direitos-dos-povos-indigenas","category-direitos-humanos","category-meio-ambiente","category-movimentos-sociais-populares","category-pedagogia-emancipatoria","category-teologia-da-libertacao","category-videos-de-frei-gilvander"],"_links":{"self":[{"href":"http:\/\/gilvander.org.br\/site\/wp-json\/wp\/v2\/posts\/11886","targetHints":{"allow":["GET"]}}],"collection":[{"href":"http:\/\/gilvander.org.br\/site\/wp-json\/wp\/v2\/posts"}],"about":[{"href":"http:\/\/gilvander.org.br\/site\/wp-json\/wp\/v2\/types\/post"}],"author":[{"embeddable":true,"href":"http:\/\/gilvander.org.br\/site\/wp-json\/wp\/v2\/users\/2"}],"replies":[{"embeddable":true,"href":"http:\/\/gilvander.org.br\/site\/wp-json\/wp\/v2\/comments?post=11886"}],"version-history":[{"count":2,"href":"http:\/\/gilvander.org.br\/site\/wp-json\/wp\/v2\/posts\/11886\/revisions"}],"predecessor-version":[{"id":11903,"href":"http:\/\/gilvander.org.br\/site\/wp-json\/wp\/v2\/posts\/11886\/revisions\/11903"}],"wp:featuredmedia":[{"embeddable":true,"href":"http:\/\/gilvander.org.br\/site\/wp-json\/wp\/v2\/media\/11887"}],"wp:attachment":[{"href":"http:\/\/gilvander.org.br\/site\/wp-json\/wp\/v2\/media?parent=11886"}],"wp:term":[{"taxonomy":"category","embeddable":true,"href":"http:\/\/gilvander.org.br\/site\/wp-json\/wp\/v2\/categories?post=11886"},{"taxonomy":"post_tag","embeddable":true,"href":"http:\/\/gilvander.org.br\/site\/wp-json\/wp\/v2\/tags?post=11886"}],"curies":[{"name":"wp","href":"https:\/\/api.w.org\/{rel}","templated":true}]}}