{"id":11908,"date":"2023-02-28T09:14:34","date_gmt":"2023-02-28T12:14:34","guid":{"rendered":"http:\/\/gilvander.org.br\/site\/?p=11908"},"modified":"2023-03-01T18:16:27","modified_gmt":"2023-03-01T21:16:27","slug":"retomada-xukuru-kariri-em-brumadinho-mg-um-ano-de-muitas-conquistas-por-frei-gilvander","status":"publish","type":"post","link":"http:\/\/gilvander.org.br\/site\/retomada-xukuru-kariri-em-brumadinho-mg-um-ano-de-muitas-conquistas-por-frei-gilvander\/","title":{"rendered":"Retomada Xukuru-Kariri em Brumadinho, MG: um ano de muitas conquistas! Por frei Gilvander"},"content":{"rendered":"\n<p><strong>Retomada Xukuru-Kariri em Brumadinho, MG: um ano de muitas conquistas!<\/strong> Por frei Gilvander Moreira<sup>1<\/sup><\/p>\n\n\n\n<figure class=\"wp-block-image size-full\"><img loading=\"lazy\" decoding=\"async\" width=\"1024\" height=\"446\" src=\"http:\/\/gilvander.org.br\/site\/wp-content\/uploads\/2023\/02\/WhatsApp-Image-2023-02-25-at-19.26.01.jpeg\" alt=\"\" class=\"wp-image-11909\" srcset=\"http:\/\/gilvander.org.br\/site\/wp-content\/uploads\/2023\/02\/WhatsApp-Image-2023-02-25-at-19.26.01.jpeg 1024w, http:\/\/gilvander.org.br\/site\/wp-content\/uploads\/2023\/02\/WhatsApp-Image-2023-02-25-at-19.26.01-300x131.jpeg 300w, http:\/\/gilvander.org.br\/site\/wp-content\/uploads\/2023\/02\/WhatsApp-Image-2023-02-25-at-19.26.01-768x335.jpeg 768w\" sizes=\"auto, (max-width: 1024px) 100vw, 1024px\" \/><figcaption>Legenda: Festa de 1 ano da Retomada Ind\u00edgena Xukuru-Kariri, na Aldeia Arapow\u00e3 Kaky\u00e1, em Brumadinho, MG, dia 25\/02\/2023. Foto: Hugo Sales, da Rede de Apoio \u00e0 Aldeia Arapow\u00e3 Kaky\u00e1<\/figcaption><\/figure>\n\n\n\n<p>Por volta das tr\u00eas horas da tarde, do dia 20 de fevereiro de 2022, guiados, em sonho, pelo Grande Esp\u00edrito e todos os encantados, dezessete fam\u00edlias (57 parentes) do Povo Ind\u00edgena Xukuru-Kariri, oriundos do estado de Alagoas, ap\u00f3s peregrinarem e lutarem por territ\u00f3rio durante v\u00e1rias d\u00e9cadas, com apenas a roupa do corpo, mas com muita coragem, uni\u00e3o, com a garra de um povo guerreiro e com a for\u00e7a de um sonho inabal\u00e1vel que dizia \u201c<em>aqui \u00e9 o territ\u00f3rio sagrado que o Grande Esp\u00edrito nos indica<\/em>\u201d, chegaram \u00e0 fazenda Bruma, ao lado da Fazenda Flor da \u00edndia (onde tem uma est\u00e1tua de uma \u00edndia de uns seis metros, com um bezerro no colo, ao lado da estrada asfaltada). O cacique Carlos Arapowana, o vice-cacique Pedro e o pag\u00e9 Sr. Paulo disseram: \u201c<em>Aqui \u00e9 a terra que o Grande Esp\u00edrito nos mostrou. Estamos com sede de \u00e1gua, de terra, de natureza; e as crian\u00e7as, tamb\u00e9m<\/em>.\u201d Ao lado de uma lagoa e de uma casa grande toda devastada, arrancharam e passo-a-passo foram construindo suas barracas de lona preta e est\u00e3o se enraizando no territ\u00f3rio h\u00e1 mais de um ano.&nbsp;&nbsp;&nbsp;<\/p>\n\n\n\n<p>Os Xukuru-Kariri ocuparam uma das 127 fazendas compradas pela mineradora Vale ap\u00f3s o crime-trag\u00e9dia, que iniciou-se dia 25 de janeiro de 2019, continua impune, se reproduzindo cotidianamente e se multiplicando. Por exemplo, em quatro anos e um m\u00eas aconteceram in\u00fameros suic\u00eddios em Brumadinho. O povo est\u00e1 adoecido e o consumo de ansiol\u00edticos pela popula\u00e7\u00e3o aumentou em mais de 70% e muita gente \u2013 incluindo crian\u00e7as \u2013 est\u00e1 com metais pesados circulando no sangue, por causa da contamina\u00e7\u00e3o das \u00e1guas, da terra, do ar e dos alimentos, segundo pesquisa da Fiocruz.<\/p>\n\n\n\n<p>A fazenda Bruma estava totalmente abandonada, ociosa e sem cumprir sua fun\u00e7\u00e3o social. A casa grande da sede da fazenda estava destelhada e com todas as portas e janelas arrancadas. Era lixo e entulho por todos os lados. Assim a Vale S\/A tem feito em todas as fazendas compradas. Compra a fazenda, arranca o telhado, as portas e as janelas das casas e deixa tudo abandonado, em claro ind\u00edcio de que s\u00f3 lhe interessa o territ\u00f3rio para ampliar explora\u00e7\u00e3o miner\u00e1ria.&nbsp;&nbsp;&nbsp;<\/p>\n\n\n\n<p>Dia 25 de fevereiro \u00faltimo (2023) aconteceu, das 9 \u00e0s 16 horas, a celebra\u00e7\u00e3o de um ano de luta pela conquista do territ\u00f3rio de 156 hectares, que segue sob disputa judicial. Um Encontro festivo maravilhoso, inesquec\u00edvel, com cerca de 500 pessoas, ind\u00edgenas e lideran\u00e7as da grande Rede de Apoio \u00e0 Aldeia Arapow\u00e3 Kaky\u00e1.<\/p>\n\n\n\n<p>Em uma linda sinfonia, os parentes Xukuru-Kariri acolheram a todes cantando e dan\u00e7ando tor\u00e9 com cantos lindos, partilhando com todes um pouco da sua entusiasmante m\u00edstica e espiritualidade, em cantos, tais como \u201c<em>a terra \u00e9 nossa m\u00e3e<\/em>, <em>n\u00f3s somos filhos dela<\/em> &#8230;\u201d, \u201c<em>Somos povo Xukuru-Kariri, povo de tradi\u00e7\u00e3o<\/em> &#8230;\u201d ecoaram pela Aldeia. Teve apresenta\u00e7\u00e3o do Bloco Carnaval Ambiental, de Casa Branca, em Brumadinho; Roda de Conversa com a palavra partilhada pelo cacique Carlos Arapowan\u00e3, o vice-cacique Pedro, o pag\u00e9 Sr. Paulo, cacique Merong (do Povo Kamak\u00e3 Mongoi\u00f3) e outras lideran\u00e7as de outros Povos Ind\u00edgenas presentes; Muitas lideran\u00e7as da Rede de Apoio tamb\u00e9m usaram o microfone para saudar o Povo Xukuru-Kariri e renovar compromisso com a causa justa e leg\u00edtima da Retomada do Territ\u00f3rio. Teve almo\u00e7o comunit\u00e1rio solid\u00e1rio para todes. Jogos ind\u00edgenas, disputa de tiro de flecha etc. E muita conviv\u00eancia alegre e festiva.<\/p>\n\n\n\n<p>Nos primeiros meses, o Povo Xukuru-Kariri enfrentou o bloqueio da entrada e sa\u00edda da Retomada por uns quinze seguran\u00e7as armados da Vale S\/A. N\u00e3o deixavam entrar nenhum autom\u00f3vel e dificultavam ao m\u00e1ximo a entrada de pessoas da Rede de Apoio, amea\u00e7ando que iriam fazer B.O,&nbsp; chamar a Pol\u00edcia Militar, alegando que ali era propriedade privada da Vale S\/A e que ningu\u00e9m poderia entrar. A Vale S\/A chegou ao absurdo dos absurdos de jogar v\u00e1rios caminh\u00f5es ca\u00e7amba de terra em outra entrada que os parentes Xukuru-Kariri tinham feito em mutir\u00e3o, com suor e muito trabalho, para acessar a estrada. At\u00e9 que um dia, pleno 19 de abril de 2022, Dia dos Povos Ind\u00edgenas, uma crian\u00e7a Xukuru-Kariri quase morrendo, precisando de inala\u00e7\u00e3o por problemas respirat\u00f3rios, foi impedida de ser levada ao pronto socorro do SUS na cidade de Brumadinho. Tomado por ira santa, os guerreiros Xukuru-Kariri resolveram desbloquear na marra a entrada de acesso \u00e0 comunidade, derrubando cercas e port\u00e3o.<\/p>\n\n\n\n<p>Neste primeiro ano de muita luta podemos enumerar v\u00e1rias conquistas: os seguran\u00e7as armados da Vale foram expulsos; hortas comunit\u00e1rias foram constru\u00eddas, o que melhorou a alimenta\u00e7\u00e3o da comunidade; a \u00e1gua chegou \u00e0 sede da Aldeia e a energia el\u00e9trica em todas as 17 casas de taipa (de pau-a-pique e barro) constru\u00eddas em mutir\u00e3o e autoconstru\u00e7\u00e3o com apoio da Rede de Apoio; O Ouricuri, que \u00e9&nbsp; a casa sagrada, foi constru\u00edda no meio da mata, onde a comunidade cultiva sua m\u00edstica e espiritualidade; sistema agroflorestal est\u00e1 em curso com o plantio de mais de duas mil mudas de \u00e1rvores nativas do cerrado e da Mata Atl\u00e2ntica; uma escola estadual Xukuru-Kariri, com quatro salas de aulas de taipa constru\u00eddas, onde dezenas de crian\u00e7as, adolescentes e jovens est\u00e3o estudando a Educa\u00e7\u00e3o Infantil, os Fundamental I e II, o Ensino M\u00e9dio e Educa\u00e7\u00e3o de Jovens e Adultos (EJA), tendo o assunto&nbsp; sustentabilidade como tema central no ano de 2023, desde as inst\u00e2ncias micro \u00e0s macrovitais; agora s\u00e3o reconhecidos pelo Poder P\u00fablico do Munic\u00edpio, de onde j\u00e1 s\u00e3o, inclusive, cidad\u00e3os eleitores; nasceu o primeiro guerreirinho Xukuru-kariri no territ\u00f3rio retomado!; a Rede de Apoio s\u00f3 cresce; a produ\u00e7\u00e3o de artesanato ind\u00edgena de uma exuberante beleza segue como um dos meios de cultivar e divulgar a m\u00edstica ind\u00edgena e tamb\u00e9m como meio de autossustento.<\/p>\n\n\n\n<p>Al\u00e9m dos anfitri\u00f5es da Retomada, os parentes Xukuru-Kariri, na festa do 1\u00ba ano da Retomada, estavam presentes ind\u00edgenas de v\u00e1rias outras etnias (Kamak\u00e3 Mongoi\u00f3, Puris, Aran\u00e3, Patax\u00f3s, Qu\u00e9chua do Altiplano Andino etc) e lideran\u00e7as da Comiss\u00e3o Pastoral da Terra (CPT\/MG), do Conselho Indigenista Mission\u00e1rio (CIMI), do Centro de Documenta\u00e7\u00e3o Eloy Ferreira (CEDEFES), do Comit\u00ea Mineiro de Apoio aos Povos Ind\u00edgenas, do Movimento de Atingidos por Barragens (MAB), do Movimento de Luta nos Bairros, Vilas e Favelas (MLB); Coletivo Amor, Coletivo Resist\u00eancia; deputada Andreia de Jesus, assessoria do deputado Padre Jo\u00e3o, da deputada C\u00e9lia Xakriab\u00e1 e da deputada Beatriz Cerqueira, da Secretaria Especial de Sa\u00fade Ind\u00edgena (SESAI); Bloco Carnaval Ambiental de Casa Branca; militantes de Partidos de esquerda (UP, PSOL, PT); Faculdade de Educa\u00e7\u00e3o da Universidade Federal de Minas Gerais (FAE\/UFMG); Universidade Estadual de Minas Gerais (UEMG); Quilombo de Marinhos (Sr. Ant\u00f4nio Camb\u00e3o); pequenos agricultores interessados em aprender&nbsp; tecnologia agr\u00edcola sustentabilista tradicional ind\u00edgena; antrop\u00f3logos da It\u00e1lia, Fran\u00e7a e Brasil; apoiadores do munic\u00edpio de Brumadinho e de cidades vizinhas; Brigada Carcar\u00e1 de combate a inc\u00eandios florestais; artistas diversos e cineastas mineiros, cantores\/as, artistas etc.&nbsp;&nbsp;<\/p>\n\n\n\n<p>As centenas de pessoas que participaram da celebra\u00e7\u00e3o do primeiro ano de luta da Retomada Ind\u00edgena Xukuru-Kariri na Aldeia Arapow\u00e3 Kakya sa\u00edram de l\u00e1 certos de que a mineradora Vale S\/A com a cumplicidade do Estado segue fazendo uma brutal sexta-feira da paix\u00e3o na regi\u00e3o de Brumadinho, em Minas Gerais, no Par\u00e1 e em 32 pa\u00edses. O povo Xukuru-Kariri e todos os Povos Ind\u00edgenas em luta pela retomada de seus territ\u00f3rios com o apoio das for\u00e7as vivas da sociedade seguem construindo um domingo de ressurrei\u00e7\u00e3o com justi\u00e7a socioambiental e respeito \u00e0 natureza, caminho necess\u00e1rio para frearmos as mudan\u00e7as clim\u00e1ticas, impedirmos a \u201cqueda do c\u00e9u\u201d (express\u00e3o do xam\u00e3 Davi Copenawava) e os eventos clim\u00e1ticos extremos que cada vez est\u00e3o se tornando mais frequentes e letais.&nbsp;&nbsp;<\/p>\n\n\n\n<p>A causa ind\u00edgena \u00e9 totalmente coerente com a necessidade urgente de mudan\u00e7a radical dos modos de produ\u00e7\u00e3o e da economia capitalista hegem\u00f4nica. \u00c9 uma causa de fato altamente justa e revolucion\u00e1ria. O Povo Ind\u00edgena Xukuru-Kariri \u00e9 de luta, povo com uma cultura maravilhosa, multimilenar. Gratid\u00e3o a todes que est\u00e3o se somando na Rede de Apoio aos Povos Ind\u00edgenas. E quem ainda n\u00e3o entrou na roda desta luta t\u00e3o justa, sagrada e necess\u00e1ria, sejam bem-vindos\/as\/es!&nbsp;&nbsp;Demarca\u00e7\u00e3o, j\u00e1, sem marco temporal!<\/p>\n\n\n\n<p>28\/02\/2023&nbsp;&nbsp;<\/p>\n\n\n\n<p><strong>Obs<\/strong>.: As videorreportagens nos links, abaixo, versam sobre o assunto tratado, acima.&nbsp;&nbsp;<\/p>\n\n\n\n<p><strong>1 &#8211; Um dia em uma aldeia Ind\u00edgena<\/strong><\/p>\n\n\n\n<figure class=\"wp-block-embed is-type-video is-provider-youtube wp-block-embed-youtube wp-embed-aspect-16-9 wp-has-aspect-ratio\"><div class=\"wp-block-embed__wrapper\">\n<div class=\"epyt-video-wrapper\"><iframe loading=\"lazy\"  id=\"_ytid_96817\"  width=\"810\" height=\"456\"  data-origwidth=\"810\" data-origheight=\"456\" src=\"https:\/\/www.youtube.com\/embed\/ERTX9jCExk8?enablejsapi=1&#038;autoplay=0&#038;cc_load_policy=0&#038;cc_lang_pref=&#038;iv_load_policy=1&#038;loop=0&#038;rel=1&#038;fs=1&#038;playsinline=0&#038;autohide=2&#038;theme=dark&#038;color=red&#038;controls=1&#038;disablekb=0&#038;\" class=\"__youtube_prefs__  epyt-is-override  no-lazyload\" title=\"YouTube player\"  allow=\"fullscreen; accelerometer; autoplay; clipboard-write; encrypted-media; gyroscope; picture-in-picture; web-share\" referrerpolicy=\"strict-origin-when-cross-origin\" allowfullscreen data-no-lazy=\"1\" data-skipgform_ajax_framebjll=\"\"><\/iframe><\/div>\n<\/div><\/figure>\n\n\n\n<p><strong>2 &#8211; Retomada Ind\u00edgena Xukuru-Kariri &#8211; Comunidade ind\u00edgena Arapo\u00e3 Kaky\u00e1 -, em Brumadinho, MG \u2013 V\u00eddeo 1<\/strong><\/p>\n\n\n\n<figure class=\"wp-block-embed is-type-video is-provider-youtube wp-block-embed-youtube wp-embed-aspect-16-9 wp-has-aspect-ratio\"><div class=\"wp-block-embed__wrapper\">\n<div class=\"epyt-video-wrapper\"><iframe loading=\"lazy\"  id=\"_ytid_69288\"  width=\"810\" height=\"456\"  data-origwidth=\"810\" data-origheight=\"456\" src=\"https:\/\/www.youtube.com\/embed\/iiihaIq7tI8?enablejsapi=1&#038;autoplay=0&#038;cc_load_policy=0&#038;cc_lang_pref=&#038;iv_load_policy=1&#038;loop=0&#038;rel=1&#038;fs=1&#038;playsinline=0&#038;autohide=2&#038;theme=dark&#038;color=red&#038;controls=1&#038;disablekb=0&#038;\" class=\"__youtube_prefs__  epyt-is-override  no-lazyload\" title=\"YouTube player\"  allow=\"fullscreen; accelerometer; autoplay; clipboard-write; encrypted-media; gyroscope; picture-in-picture; web-share\" referrerpolicy=\"strict-origin-when-cross-origin\" allowfullscreen data-no-lazy=\"1\" data-skipgform_ajax_framebjll=\"\"><\/iframe><\/div>\n<\/div><\/figure>\n\n\n\n<p><strong>3 &#8211; Veja a Comunidade ind\u00edgena Arapo\u00e3 Kaky\u00e1 (Retomada Ind\u00edgena Xukuru-Kariri), Brumadinho\/MG \u2013 V\u00eddeo 2<\/strong><\/p>\n\n\n\n<figure class=\"wp-block-embed is-type-video is-provider-youtube wp-block-embed-youtube wp-embed-aspect-16-9 wp-has-aspect-ratio\"><div class=\"wp-block-embed__wrapper\">\n<div class=\"epyt-video-wrapper\"><iframe loading=\"lazy\"  id=\"_ytid_40353\"  width=\"810\" height=\"456\"  data-origwidth=\"810\" data-origheight=\"456\" src=\"https:\/\/www.youtube.com\/embed\/Tobv9d6_1F4?enablejsapi=1&#038;autoplay=0&#038;cc_load_policy=0&#038;cc_lang_pref=&#038;iv_load_policy=1&#038;loop=0&#038;rel=1&#038;fs=1&#038;playsinline=0&#038;autohide=2&#038;theme=dark&#038;color=red&#038;controls=1&#038;disablekb=0&#038;\" class=\"__youtube_prefs__  epyt-is-override  no-lazyload\" title=\"YouTube player\"  allow=\"fullscreen; accelerometer; autoplay; clipboard-write; encrypted-media; gyroscope; picture-in-picture; web-share\" referrerpolicy=\"strict-origin-when-cross-origin\" allowfullscreen data-no-lazy=\"1\" data-skipgform_ajax_framebjll=\"\"><\/iframe><\/div>\n<\/div><\/figure>\n\n\n\n<p><strong>4 &#8211; &#8220;Nas Ocupa\u00e7\u00f5es Urbanas tb podem ter casas de taipa&#8221;, banho e Horta Comunit\u00e1ria nos Xukuru-Kariri, MG<\/strong><\/p>\n\n\n\n<figure class=\"wp-block-embed is-type-video is-provider-youtube wp-block-embed-youtube wp-embed-aspect-16-9 wp-has-aspect-ratio\"><div class=\"wp-block-embed__wrapper\">\n<div class=\"epyt-video-wrapper\"><iframe loading=\"lazy\"  id=\"_ytid_69306\"  width=\"810\" height=\"456\"  data-origwidth=\"810\" data-origheight=\"456\" src=\"https:\/\/www.youtube.com\/embed\/xeKOfIK8Ji0?enablejsapi=1&#038;autoplay=0&#038;cc_load_policy=0&#038;cc_lang_pref=&#038;iv_load_policy=1&#038;loop=0&#038;rel=1&#038;fs=1&#038;playsinline=0&#038;autohide=2&#038;theme=dark&#038;color=red&#038;controls=1&#038;disablekb=0&#038;\" class=\"__youtube_prefs__  epyt-is-override  no-lazyload\" title=\"YouTube player\"  allow=\"fullscreen; accelerometer; autoplay; clipboard-write; encrypted-media; gyroscope; picture-in-picture; web-share\" referrerpolicy=\"strict-origin-when-cross-origin\" allowfullscreen data-no-lazy=\"1\" data-skipgform_ajax_framebjll=\"\"><\/iframe><\/div>\n<\/div><\/figure>\n\n\n\n<p><strong>5 &#8211; Alegria e Trabalho Prazeroso na Constru\u00e7\u00e3o de Casas Ecol\u00f3gicas n Aldeia Xukuru-Kariri, Brumadinho\/MG<\/strong><\/p>\n\n\n\n<figure class=\"wp-block-embed is-type-video is-provider-youtube wp-block-embed-youtube wp-embed-aspect-16-9 wp-has-aspect-ratio\"><div class=\"wp-block-embed__wrapper\">\n<div class=\"epyt-video-wrapper\"><iframe loading=\"lazy\"  id=\"_ytid_13980\"  width=\"810\" height=\"456\"  data-origwidth=\"810\" data-origheight=\"456\" src=\"https:\/\/www.youtube.com\/embed\/PxB9EYZR_ew?enablejsapi=1&#038;autoplay=0&#038;cc_load_policy=0&#038;cc_lang_pref=&#038;iv_load_policy=1&#038;loop=0&#038;rel=1&#038;fs=1&#038;playsinline=0&#038;autohide=2&#038;theme=dark&#038;color=red&#038;controls=1&#038;disablekb=0&#038;\" class=\"__youtube_prefs__  epyt-is-override  no-lazyload\" title=\"YouTube player\"  allow=\"fullscreen; accelerometer; autoplay; clipboard-write; encrypted-media; gyroscope; picture-in-picture; web-share\" referrerpolicy=\"strict-origin-when-cross-origin\" allowfullscreen data-no-lazy=\"1\" data-skipgform_ajax_framebjll=\"\"><\/iframe><\/div>\n<\/div><\/figure>\n\n\n\n<p><strong>6 &#8211; Frei Gilvander X Seguran\u00e7as da Vale S\/A e Educa\u00e7\u00e3o Ind\u00edgena Xukuru-Kariri, em Brumadinho\/MG. V\u00eddeo 7<\/strong><\/p>\n\n\n\n<figure class=\"wp-block-embed is-type-video is-provider-youtube wp-block-embed-youtube wp-embed-aspect-16-9 wp-has-aspect-ratio\"><div class=\"wp-block-embed__wrapper\">\n<div class=\"epyt-video-wrapper\"><iframe loading=\"lazy\"  id=\"_ytid_52956\"  width=\"810\" height=\"456\"  data-origwidth=\"810\" data-origheight=\"456\" src=\"https:\/\/www.youtube.com\/embed\/UQVHnJ9B0CA?enablejsapi=1&#038;autoplay=0&#038;cc_load_policy=0&#038;cc_lang_pref=&#038;iv_load_policy=1&#038;loop=0&#038;rel=1&#038;fs=1&#038;playsinline=0&#038;autohide=2&#038;theme=dark&#038;color=red&#038;controls=1&#038;disablekb=0&#038;\" class=\"__youtube_prefs__  epyt-is-override  no-lazyload\" title=\"YouTube player\"  allow=\"fullscreen; accelerometer; autoplay; clipboard-write; encrypted-media; gyroscope; picture-in-picture; web-share\" referrerpolicy=\"strict-origin-when-cross-origin\" allowfullscreen data-no-lazy=\"1\" data-skipgform_ajax_framebjll=\"\"><\/iframe><\/div>\n<\/div><\/figure>\n\n\n\n<p><strong>7 &#8211; Vale viola direito de ir, vir e de assist\u00eancia espiritual. Xukuru-Kariri, em Brumadinho\/MG. V\u00eddeo 9<\/strong><\/p>\n\n\n\n<figure class=\"wp-block-embed is-type-video is-provider-youtube wp-block-embed-youtube wp-embed-aspect-16-9 wp-has-aspect-ratio\"><div class=\"wp-block-embed__wrapper\">\n<div class=\"epyt-video-wrapper\"><iframe loading=\"lazy\"  id=\"_ytid_39511\"  width=\"810\" height=\"456\"  data-origwidth=\"810\" data-origheight=\"456\" src=\"https:\/\/www.youtube.com\/embed\/2tZqNpkjQoI?enablejsapi=1&#038;autoplay=0&#038;cc_load_policy=0&#038;cc_lang_pref=&#038;iv_load_policy=1&#038;loop=0&#038;rel=1&#038;fs=1&#038;playsinline=0&#038;autohide=2&#038;theme=dark&#038;color=red&#038;controls=1&#038;disablekb=0&#038;\" class=\"__youtube_prefs__  epyt-is-override  no-lazyload\" title=\"YouTube player\"  allow=\"fullscreen; accelerometer; autoplay; clipboard-write; encrypted-media; gyroscope; picture-in-picture; web-share\" referrerpolicy=\"strict-origin-when-cross-origin\" allowfullscreen data-no-lazy=\"1\" data-skipgform_ajax_framebjll=\"\"><\/iframe><\/div>\n<\/div><\/figure>\n\n\n\n<p><strong>8 &#8211; \u201cPovo Xukuru-Kariri far\u00e1 reflorestamento que Vale faria na Fazenda Bruma\u201d, Brumadinho, MG. V\u00eddeo 11<\/strong><\/p>\n\n\n\n<figure class=\"wp-block-embed is-type-video is-provider-youtube wp-block-embed-youtube wp-embed-aspect-16-9 wp-has-aspect-ratio\"><div class=\"wp-block-embed__wrapper\">\n<div class=\"epyt-video-wrapper\"><iframe loading=\"lazy\"  id=\"_ytid_98908\"  width=\"810\" height=\"456\"  data-origwidth=\"810\" data-origheight=\"456\" src=\"https:\/\/www.youtube.com\/embed\/jItAFtfU5-8?enablejsapi=1&#038;autoplay=0&#038;cc_load_policy=0&#038;cc_lang_pref=&#038;iv_load_policy=1&#038;loop=0&#038;rel=1&#038;fs=1&#038;playsinline=0&#038;autohide=2&#038;theme=dark&#038;color=red&#038;controls=1&#038;disablekb=0&#038;\" class=\"__youtube_prefs__  epyt-is-override  no-lazyload\" title=\"YouTube player\"  allow=\"fullscreen; accelerometer; autoplay; clipboard-write; encrypted-media; gyroscope; picture-in-picture; web-share\" referrerpolicy=\"strict-origin-when-cross-origin\" allowfullscreen data-no-lazy=\"1\" data-skipgform_ajax_framebjll=\"\"><\/iframe><\/div>\n<\/div><\/figure>\n\n\n\n<p><strong>Obs<\/strong>.: No youtube, no Canal \u201cFrei Gilvander luta pela terra e por direitos\u201d h\u00e1 mais de 40 videorreportagens sobre a Retomada Ind\u00edgena Xukuru-Kariri da Aldeia Arapow\u00e3 Kaky\u00e1, em Brumadinho, MG. Quem ainda n\u00e3o assistiu, assista e divulgue para refor\u00e7ar esta luta t\u00e3o justa e necess\u00e1ria.<\/p>\n","protected":false},"excerpt":{"rendered":"<p>Retomada Xukuru-Kariri em Brumadinho, MG: um ano de muitas conquistas! Por frei Gilvander Moreira1 Por volta das tr\u00eas horas da tarde, do dia 20 de fevereiro de 2022, guiados, em sonho, pelo Grande Esp\u00edrito e<\/p>\n","protected":false},"author":2,"featured_media":11909,"comment_status":"open","ping_status":"open","sticky":false,"template":"","format":"standard","meta":{"footnotes":""},"categories":[21,47,46,44,38,49,48,39,27,30,25,56,29,43,26,32,18],"tags":[],"class_list":["post-11908","post","type-post","status-publish","format-standard","has-post-thumbnail","hentry","category-artigo","category-direito-a-agua","category-direito-a-cultura-popular","category-direito-a-memoria","category-direito-a-saude","category-direito-a-terra","category-direitos-das-mulheres","category-direitos-dos-povos-indigenas","category-direitos-humanos","category-fe-e-politica","category-luta-pela-terra-e-reforma-agraria","category-meio-ambiente","category-movimentos-sociais-populares","category-pedagogia-emancipatoria","category-teologia-da-libertacao","category-videos","category-videos-de-frei-gilvander"],"_links":{"self":[{"href":"http:\/\/gilvander.org.br\/site\/wp-json\/wp\/v2\/posts\/11908","targetHints":{"allow":["GET"]}}],"collection":[{"href":"http:\/\/gilvander.org.br\/site\/wp-json\/wp\/v2\/posts"}],"about":[{"href":"http:\/\/gilvander.org.br\/site\/wp-json\/wp\/v2\/types\/post"}],"author":[{"embeddable":true,"href":"http:\/\/gilvander.org.br\/site\/wp-json\/wp\/v2\/users\/2"}],"replies":[{"embeddable":true,"href":"http:\/\/gilvander.org.br\/site\/wp-json\/wp\/v2\/comments?post=11908"}],"version-history":[{"count":2,"href":"http:\/\/gilvander.org.br\/site\/wp-json\/wp\/v2\/posts\/11908\/revisions"}],"predecessor-version":[{"id":11923,"href":"http:\/\/gilvander.org.br\/site\/wp-json\/wp\/v2\/posts\/11908\/revisions\/11923"}],"wp:featuredmedia":[{"embeddable":true,"href":"http:\/\/gilvander.org.br\/site\/wp-json\/wp\/v2\/media\/11909"}],"wp:attachment":[{"href":"http:\/\/gilvander.org.br\/site\/wp-json\/wp\/v2\/media?parent=11908"}],"wp:term":[{"taxonomy":"category","embeddable":true,"href":"http:\/\/gilvander.org.br\/site\/wp-json\/wp\/v2\/categories?post=11908"},{"taxonomy":"post_tag","embeddable":true,"href":"http:\/\/gilvander.org.br\/site\/wp-json\/wp\/v2\/tags?post=11908"}],"curies":[{"name":"wp","href":"https:\/\/api.w.org\/{rel}","templated":true}]}}