{"id":12325,"date":"2023-07-28T09:44:49","date_gmt":"2023-07-28T12:44:49","guid":{"rendered":"http:\/\/gilvander.org.br\/site\/?p=12325"},"modified":"2023-07-28T12:20:20","modified_gmt":"2023-07-28T15:20:20","slug":"nasce-a-ocupacao-maria-do-arraial-do-mlb-no-centro-de-bh-mg-luta-por-moradia-adequada","status":"publish","type":"post","link":"http:\/\/gilvander.org.br\/site\/nasce-a-ocupacao-maria-do-arraial-do-mlb-no-centro-de-bh-mg-luta-por-moradia-adequada\/","title":{"rendered":"NASCE A OCUPA\u00c7\u00c3O MARIA DO ARRAIAL, do MLB, \u00a0NO CENTRO DE BH\/MG: luta por moradia adequada"},"content":{"rendered":"\n<p><strong>NASCE A OCUPA\u00c7\u00c3O MARIA DO ARRAIAL, do MLB, &nbsp;NO CENTRO DE BH\/MG: luta por moradia adequada<\/strong><\/p>\n\n\n\n<figure class=\"wp-block-image size-large\"><img loading=\"lazy\" decoding=\"async\" width=\"1024\" height=\"1024\" src=\"http:\/\/gilvander.org.br\/site\/wp-content\/uploads\/2023\/07\/WhatsApp-Image-2023-07-28-at-06.57.06-1024x1024.jpeg\" alt=\"\" class=\"wp-image-12326\" srcset=\"http:\/\/gilvander.org.br\/site\/wp-content\/uploads\/2023\/07\/WhatsApp-Image-2023-07-28-at-06.57.06-1024x1024.jpeg 1024w, http:\/\/gilvander.org.br\/site\/wp-content\/uploads\/2023\/07\/WhatsApp-Image-2023-07-28-at-06.57.06-300x300.jpeg 300w, http:\/\/gilvander.org.br\/site\/wp-content\/uploads\/2023\/07\/WhatsApp-Image-2023-07-28-at-06.57.06-150x150.jpeg 150w, http:\/\/gilvander.org.br\/site\/wp-content\/uploads\/2023\/07\/WhatsApp-Image-2023-07-28-at-06.57.06-768x768.jpeg 768w, http:\/\/gilvander.org.br\/site\/wp-content\/uploads\/2023\/07\/WhatsApp-Image-2023-07-28-at-06.57.06.jpeg 1080w\" sizes=\"auto, (max-width: 1024px) 100vw, 1024px\" \/><\/figure>\n\n\n\n<p>&nbsp;&#8220;Cerca de 200 fam\u00edlias se juntaram ao Movimento de Luta nos Bairros, Vilas e Favelas (MLB) e ocuparam um pr\u00e9dio que estava vazio na Rua da Bahia 1065, no centro de Belo Horizonte\/MG. A Ocupa\u00e7\u00e3o Maria do Arraial denuncia a situa\u00e7\u00e3o de milh\u00f5es de fam\u00edlias que sofrem com a falta de moradia digna e reivindica que o pr\u00e9dio ocupado cumpra sua fun\u00e7\u00e3o social e seja destinado para moradia.<\/p>\n\n\n\n<p><\/p>\n\n\n\n<figure class=\"wp-block-image size-large\"><img loading=\"lazy\" decoding=\"async\" width=\"1024\" height=\"1024\" src=\"http:\/\/gilvander.org.br\/site\/wp-content\/uploads\/2023\/07\/363316055_2579025558904724_5015075941011705553_n-1024x1024.jpg\" alt=\"\" class=\"wp-image-12327\" srcset=\"http:\/\/gilvander.org.br\/site\/wp-content\/uploads\/2023\/07\/363316055_2579025558904724_5015075941011705553_n-1024x1024.jpg 1024w, http:\/\/gilvander.org.br\/site\/wp-content\/uploads\/2023\/07\/363316055_2579025558904724_5015075941011705553_n-300x300.jpg 300w, http:\/\/gilvander.org.br\/site\/wp-content\/uploads\/2023\/07\/363316055_2579025558904724_5015075941011705553_n-150x150.jpg 150w, http:\/\/gilvander.org.br\/site\/wp-content\/uploads\/2023\/07\/363316055_2579025558904724_5015075941011705553_n-768x768.jpg 768w, http:\/\/gilvander.org.br\/site\/wp-content\/uploads\/2023\/07\/363316055_2579025558904724_5015075941011705553_n.jpg 1080w\" sizes=\"auto, (max-width: 1024px) 100vw, 1024px\" \/><\/figure>\n\n\n\n<p>Belo Horizonte nasceu com car\u00e1ter higienista ao expulsar fam\u00edlias pobres e negras que habitavam o Arraial Curral Del&#8217;Rey. O caso mais famoso \u00e9 o de Maria Papuda ou Maria do Arraial, senhora negra que morava onde hoje est\u00e1 o Pal\u00e1cio da Liberdade, e que \u00e9 homenageada por esta Ocupa\u00e7\u00e3o. Maria Papuda \u00e9 relembrada por ser a mulher que disse \u201cN\u00e3o\u201d aos poderosos e resistiu aos primeiros despejos que comp\u00f5em um hist\u00f3rico violento que dura at\u00e9 hoje.<\/p>\n\n\n\n<p>Esta Ocupa\u00e7\u00e3o se soma \u00e0s lutas do MLB em todo o Brasil, que vem denunciando a contradi\u00e7\u00e3o entre os mais de 11 milh\u00f5es de im\u00f3veis vazios no pa\u00eds e o d\u00e9ficit habitacional que, em 2019, j\u00e1 beirava a 6 milh\u00f5es de fam\u00edlias. S\u00f3 em Belo Horizonte existem mais de 107 mil domic\u00edlios vagos, em contraponto; dados de 2021 mostram mais de 12 mil pessoas em situa\u00e7\u00e3o de rua na cidade.<\/p>\n\n\n\n<div class=\"wp-block-image\"><figure class=\"alignleft size-large is-resized\"><img loading=\"lazy\" decoding=\"async\" src=\"http:\/\/gilvander.org.br\/site\/wp-content\/uploads\/2023\/07\/WhatsApp-Image-2023-07-28-at-06.57.05-1024x1024.jpeg\" alt=\"\" class=\"wp-image-12328\" width=\"520\" height=\"520\" srcset=\"http:\/\/gilvander.org.br\/site\/wp-content\/uploads\/2023\/07\/WhatsApp-Image-2023-07-28-at-06.57.05-1024x1024.jpeg 1024w, http:\/\/gilvander.org.br\/site\/wp-content\/uploads\/2023\/07\/WhatsApp-Image-2023-07-28-at-06.57.05-300x300.jpeg 300w, http:\/\/gilvander.org.br\/site\/wp-content\/uploads\/2023\/07\/WhatsApp-Image-2023-07-28-at-06.57.05-150x150.jpeg 150w, http:\/\/gilvander.org.br\/site\/wp-content\/uploads\/2023\/07\/WhatsApp-Image-2023-07-28-at-06.57.05-768x768.jpeg 768w, http:\/\/gilvander.org.br\/site\/wp-content\/uploads\/2023\/07\/WhatsApp-Image-2023-07-28-at-06.57.05.jpeg 1080w\" sizes=\"auto, (max-width: 520px) 100vw, 520px\" \/><\/figure><\/div>\n\n\n\n<p>Nos \u00faltimos 7 anos, nada foi feito para impedir o aumento desta popula\u00e7\u00e3o, que subiu de 6,3 mil e chegou a ser de mais de 12 mil pessoas nestes anos. O Governo Zema, bolsonarista e neocolonial, nada fez em rela\u00e7\u00e3o \u00e0s pol\u00edticas de habita\u00e7\u00e3o e ainda quer acabar com o \u00fanico \u00f3rg\u00e3o respons\u00e1vel por programas habitacionais para o estado, a COHAB.<\/p>\n\n\n\n<p>As ocupa\u00e7\u00f5es s\u00e3o uma resposta para essa desigualdade. Nossa luta \u00e9 contra a higieniza\u00e7\u00e3o e gentrifica\u00e7\u00e3o de BH, \u00e9 contra a especula\u00e7\u00e3o imobili\u00e1ria e pelo direito \u00e0 moradia e \u00e0 cidade para uma parcela da popula\u00e7\u00e3o que sempre teve a cidade negada. Ocupar o centro da cidade de BH \u00e9 possibilitar acesso a quem mais precisa e a quem constr\u00f3i a capital mineira diariamente.<\/p>\n\n\n\n<p>A Ocupa\u00e7\u00e3o Maria do Arraial presta homenagem a essa hist\u00f3ria de resist\u00eancia do povo preto trabalhador, assim como busca mem\u00f3ria, verdade e justi\u00e7a para aqueles que est\u00e3o soterrados embaixo do centro.<\/p>\n\n\n\n<figure class=\"wp-block-image size-large\"><img loading=\"lazy\" decoding=\"async\" width=\"1024\" height=\"1024\" src=\"http:\/\/gilvander.org.br\/site\/wp-content\/uploads\/2023\/07\/WhatsApp-Image-2023-07-28-at-06.57.05-1-1024x1024.jpeg\" alt=\"\" class=\"wp-image-12329\" srcset=\"http:\/\/gilvander.org.br\/site\/wp-content\/uploads\/2023\/07\/WhatsApp-Image-2023-07-28-at-06.57.05-1-1024x1024.jpeg 1024w, http:\/\/gilvander.org.br\/site\/wp-content\/uploads\/2023\/07\/WhatsApp-Image-2023-07-28-at-06.57.05-1-300x300.jpeg 300w, http:\/\/gilvander.org.br\/site\/wp-content\/uploads\/2023\/07\/WhatsApp-Image-2023-07-28-at-06.57.05-1-150x150.jpeg 150w, http:\/\/gilvander.org.br\/site\/wp-content\/uploads\/2023\/07\/WhatsApp-Image-2023-07-28-at-06.57.05-1-768x768.jpeg 768w, http:\/\/gilvander.org.br\/site\/wp-content\/uploads\/2023\/07\/WhatsApp-Image-2023-07-28-at-06.57.05-1.jpeg 1080w\" sizes=\"auto, (max-width: 1024px) 100vw, 1024px\" \/><\/figure>\n\n\n\n<p>Nossa ocupa\u00e7\u00e3o \u00e9 uma retomada do povo preto no centro de BH! Estamos aqui por Maria do Arraial e tantos outros! Com luta, com garra, a casa sai na marra!<br>Hoje, dia 28\/07\/2023, o dia come\u00e7ou com muita luta, com as fam\u00edlias da mais nova Ocupa\u00e7\u00e3o do centro de Belo Horizonte, a Ocupa\u00e7\u00e3o Maria do Arraial.<br>Venha apoiar e resistir com as fam\u00edlias e o MLB!<\/p>\n\n\n\n<p>A nova Ocupa\u00e7\u00e3o do MLB homenageia Maria do Arraial, conhecida popularmente como Maria Papuda. Seu verdadeiro nome n\u00e3o se sabe ao certo, mas o apelido pejorativo foi ganho em fun\u00e7\u00e3o de uma enfermidade comum aos moradores da regi\u00e3o. Maria do Arraial foi uma senhora negra moradora do antigo Arraial do Curral Del&#8217;Rey, que assim como v\u00e1rios outros moradores pretos e pobres, foi despejada para a constru\u00e7\u00e3o da nova capital.<\/p>\n\n\n\n<figure class=\"wp-block-image size-large\"><img loading=\"lazy\" decoding=\"async\" width=\"1024\" height=\"1024\" src=\"http:\/\/gilvander.org.br\/site\/wp-content\/uploads\/2023\/07\/WhatsApp-Image-2023-07-28-at-07.00.19-1024x1024.jpeg\" alt=\"\" class=\"wp-image-12330\" srcset=\"http:\/\/gilvander.org.br\/site\/wp-content\/uploads\/2023\/07\/WhatsApp-Image-2023-07-28-at-07.00.19-1024x1024.jpeg 1024w, http:\/\/gilvander.org.br\/site\/wp-content\/uploads\/2023\/07\/WhatsApp-Image-2023-07-28-at-07.00.19-300x300.jpeg 300w, http:\/\/gilvander.org.br\/site\/wp-content\/uploads\/2023\/07\/WhatsApp-Image-2023-07-28-at-07.00.19-150x150.jpeg 150w, http:\/\/gilvander.org.br\/site\/wp-content\/uploads\/2023\/07\/WhatsApp-Image-2023-07-28-at-07.00.19-768x768.jpeg 768w, http:\/\/gilvander.org.br\/site\/wp-content\/uploads\/2023\/07\/WhatsApp-Image-2023-07-28-at-07.00.19.jpeg 1080w\" sizes=\"auto, (max-width: 1024px) 100vw, 1024px\" \/><\/figure>\n\n\n\n<p>Maria do Arraial e seus vizinhos foram expulsos de suas casas sem nenhuma indeniza\u00e7\u00e3o ou aviso pr\u00e9vio. Sua casa se localizava onde hoje \u00e9 o Pal\u00e1cio da Liberdade e, segundo as lendas, ao ver sua casa derrubada passou a assombrar os governantes que ali morariam, o medo dos poderosos foi tanto, que tiveram de construir o Pal\u00e1cio das Mangabeiras com o objetivo de fugir deste &#8220;fantasma&#8221;. Maria do Arraial \u00e9 relembrada por ser a mulher que disse \u201cN\u00e3o\u201d aos poderosos e resistiu aos primeiros despejos que compuseram um hist\u00f3rico violento que perdura at\u00e9 os dias de hoje.<\/p>\n\n\n\n<p><strong>Endere\u00e7o da Ocupa\u00e7\u00e3o Maria do Arraial: Rua da Bahia, 1065, centro, Belo Horizonte, MG<\/strong>.<\/p>\n\n\n\n<p>Estamos precisando de doa\u00e7\u00f5es de alimentos, produtos de limpeza e materiais de higiene para a Ocupa\u00e7\u00e3o Maria do Arraial.<br>Entregue as doa\u00e7\u00f5es direto na Ocupa\u00e7\u00e3o ou contribua com qualquer quantia pelo PIX: <a href=\"mailto:mlbminas.lutas@gmail.com\">mlbminas.lutas@gmail.com<\/a> \u2013<\/p>\n\n\n\n<p>MLB, essa luta \u00e9 pra valer!&#8221;<\/p>\n\n\n\n<p>Com apoio de muitos Movimentos Sociais e com apoio da CPT\/MG.<\/p>\n\n\n\n<p>Belo Horizonte, MG, 28 de julho de 2023.<\/p>\n\n\n\n<p><strong>Nasce Ocupa\u00e7\u00e3o Maria do Arraial no Centro de BH\/MG em um grande pr\u00e9dio abandonado: luta por moradia<\/strong><\/p>\n\n\n\n<figure class=\"wp-block-embed is-type-video is-provider-youtube wp-block-embed-youtube wp-embed-aspect-16-9 wp-has-aspect-ratio\"><div class=\"wp-block-embed__wrapper\">\n<div class=\"epyt-video-wrapper\"><iframe loading=\"lazy\"  id=\"_ytid_19000\"  width=\"810\" height=\"456\"  data-origwidth=\"810\" data-origheight=\"456\" src=\"https:\/\/www.youtube.com\/embed\/puE7wJy8zP0?enablejsapi=1&#038;autoplay=0&#038;cc_load_policy=0&#038;cc_lang_pref=&#038;iv_load_policy=1&#038;loop=0&#038;rel=1&#038;fs=1&#038;playsinline=0&#038;autohide=2&#038;theme=dark&#038;color=red&#038;controls=1&#038;disablekb=0&#038;\" class=\"__youtube_prefs__  epyt-is-override  no-lazyload\" title=\"YouTube player\"  allow=\"fullscreen; accelerometer; autoplay; clipboard-write; encrypted-media; gyroscope; picture-in-picture; web-share\" referrerpolicy=\"strict-origin-when-cross-origin\" allowfullscreen data-no-lazy=\"1\" data-skipgform_ajax_framebjll=\"\"><\/iframe><\/div>\n<\/div><\/figure>\n","protected":false},"excerpt":{"rendered":"<p>NASCE A OCUPA\u00c7\u00c3O MARIA DO ARRAIAL, do MLB, &nbsp;NO CENTRO DE BH\/MG: luta por moradia adequada &nbsp;&#8220;Cerca de 200 fam\u00edlias se juntaram ao Movimento de Luta nos Bairros, Vilas e Favelas (MLB) e ocuparam um<\/p>\n","protected":false},"author":2,"featured_media":12326,"comment_status":"open","ping_status":"open","sticky":false,"template":"","format":"standard","meta":{"footnotes":""},"categories":[17,27,30,28,29,33,23,43,26],"tags":[],"class_list":["post-12325","post","type-post","status-publish","format-standard","has-post-thumbnail","hentry","category-destaque","category-direitos-humanos","category-fe-e-politica","category-luta-pela-moradia","category-movimentos-sociais-populares","category-nota-publica","category-ocupacao-urbana","category-pedagogia-emancipatoria","category-teologia-da-libertacao"],"_links":{"self":[{"href":"http:\/\/gilvander.org.br\/site\/wp-json\/wp\/v2\/posts\/12325","targetHints":{"allow":["GET"]}}],"collection":[{"href":"http:\/\/gilvander.org.br\/site\/wp-json\/wp\/v2\/posts"}],"about":[{"href":"http:\/\/gilvander.org.br\/site\/wp-json\/wp\/v2\/types\/post"}],"author":[{"embeddable":true,"href":"http:\/\/gilvander.org.br\/site\/wp-json\/wp\/v2\/users\/2"}],"replies":[{"embeddable":true,"href":"http:\/\/gilvander.org.br\/site\/wp-json\/wp\/v2\/comments?post=12325"}],"version-history":[{"count":8,"href":"http:\/\/gilvander.org.br\/site\/wp-json\/wp\/v2\/posts\/12325\/revisions"}],"predecessor-version":[{"id":12344,"href":"http:\/\/gilvander.org.br\/site\/wp-json\/wp\/v2\/posts\/12325\/revisions\/12344"}],"wp:featuredmedia":[{"embeddable":true,"href":"http:\/\/gilvander.org.br\/site\/wp-json\/wp\/v2\/media\/12326"}],"wp:attachment":[{"href":"http:\/\/gilvander.org.br\/site\/wp-json\/wp\/v2\/media?parent=12325"}],"wp:term":[{"taxonomy":"category","embeddable":true,"href":"http:\/\/gilvander.org.br\/site\/wp-json\/wp\/v2\/categories?post=12325"},{"taxonomy":"post_tag","embeddable":true,"href":"http:\/\/gilvander.org.br\/site\/wp-json\/wp\/v2\/tags?post=12325"}],"curies":[{"name":"wp","href":"https:\/\/api.w.org\/{rel}","templated":true}]}}