{"id":12373,"date":"2023-08-02T08:27:06","date_gmt":"2023-08-02T11:27:06","guid":{"rendered":"https:\/\/gilvander.org.br\/site\/?p=12373"},"modified":"2023-08-02T08:35:09","modified_gmt":"2023-08-02T11:35:09","slug":"ocupacoes-resgatam-historia-profunda-de-belo-horizonte-por-frei-gilvander","status":"publish","type":"post","link":"http:\/\/gilvander.org.br\/site\/ocupacoes-resgatam-historia-profunda-de-belo-horizonte-por-frei-gilvander\/","title":{"rendered":"Ocupa\u00e7\u00f5es resgatam hist\u00f3ria profunda de Belo Horizonte. Por frei Gilvander"},"content":{"rendered":"\n<p><strong>Ocupa\u00e7\u00f5es resgatam hist\u00f3ria profunda de Belo Horizonte<\/strong>. Por frei Gilvander Moreira<a id=\"_ftnref1\" href=\"#_ftn1\"><sup>[1]<\/sup><\/a><\/p>\n\n\n\n<figure class=\"wp-block-image size-large\"><img loading=\"lazy\" decoding=\"async\" width=\"819\" height=\"1024\" src=\"https:\/\/gilvander.org.br\/site\/wp-content\/uploads\/2023\/08\/WhatsApp-Image-2023-07-31-at-07.55.57-819x1024.jpeg\" alt=\"\" class=\"wp-image-12374\" srcset=\"http:\/\/gilvander.org.br\/site\/wp-content\/uploads\/2023\/08\/WhatsApp-Image-2023-07-31-at-07.55.57-819x1024.jpeg 819w, http:\/\/gilvander.org.br\/site\/wp-content\/uploads\/2023\/08\/WhatsApp-Image-2023-07-31-at-07.55.57-240x300.jpeg 240w, http:\/\/gilvander.org.br\/site\/wp-content\/uploads\/2023\/08\/WhatsApp-Image-2023-07-31-at-07.55.57-768x960.jpeg 768w, http:\/\/gilvander.org.br\/site\/wp-content\/uploads\/2023\/08\/WhatsApp-Image-2023-07-31-at-07.55.57.jpeg 960w\" sizes=\"auto, (max-width: 819px) 100vw, 819px\" \/><figcaption>Ocupa\u00e7\u00e3o Maria do Arraial, do MLB, \u00e0 rua da Bahia, 1065, no hipercentro de Belo Horizonte, MG. Foto: Edinho, do MLB<\/figcaption><\/figure>\n\n\n\n<p>Lutar pelo resgate da hist\u00f3ria profunda das cidades \u00e9 imprescind\u00edvel. Na madrugada do dia 28 de julho \u00faltimo (2023), o Movimento de Luta nos Bairros, Vilas e Favelas (MLB), com cerca de 250 fam\u00edlias, ocupou um pr\u00e9dio de dez andares abandonado h\u00e1 muitos anos, \u00e0 rua da Bahia, 1065, no hipercentro da capital mineira. A Ocupa\u00e7\u00e3o foi batizada de Maria do Arraial. Por que e para qu\u00ea? Para resgatar a hist\u00f3ria real e profunda da capital mineira. Dona Maria do Arraial foi mulher negra escravizada, conhecida como \u201cMaria Papuda\u201d, que teve seu rancho demolido e sua fam\u00edlia expulsa para se construir na localidade o suntuoso Pal\u00e1cio da Liberdade, sede do governo de Minas Gerais, e o conjunto de pr\u00e9dios p\u00fablicos e palacetes que comp\u00f5em a Pra\u00e7a da Liberdade e arredores. Foi um grave ato de racismo ambiental no antigo Arraial do Curral Del Rey, que infelizmente reverbera at\u00e9 os dias de hoje de v\u00e1rias maneiras na cidade e que marca o plano inicial de instala\u00e7\u00e3o da cidade Belo Horizonte.<\/p>\n\n\n\n<figure class=\"wp-block-image size-full is-resized\"><img loading=\"lazy\" decoding=\"async\" src=\"https:\/\/gilvander.org.br\/site\/wp-content\/uploads\/2023\/08\/WhatsApp-Image-2023-08-01-at-16.34.08.jpeg\" alt=\"\" class=\"wp-image-12375\" width=\"783\" height=\"480\"\/><figcaption>Rancho Velho da doma Maria Papuda em 1894. Foto: Museu Hist\u00f3rico Ab\u00edlio Barreto, de Belo Horizonte, MG<\/figcaption><\/figure>\n\n\n\n<p>Belo Horizonte surgiu onde se assentava o antigo Curral Del Rey, destruindo os seus antigos casarios, arruamentos, largos e benfeitorias, incluindo os territ\u00f3rios ocupados por quilombolas, camponeses, ciganos e carroceiros. O antigo Largo do Ros\u00e1rio, composto por antiga igreja, cemit\u00e9rios e casarios, que existia em um s\u00edtio onde hoje se situa o cruzamento das ruas Bahia com Timbiras, teve o seu territ\u00f3rio invadido e demolido no final do s\u00e9culo XIX, e a Irmandade do Ros\u00e1rio e o povo negro que ali viviam foram expulsos do seu territ\u00f3rio sagrado e ancestral.<\/p>\n\n\n\n<figure class=\"wp-block-image size-large\"><img loading=\"lazy\" decoding=\"async\" width=\"1024\" height=\"753\" src=\"https:\/\/gilvander.org.br\/site\/wp-content\/uploads\/2023\/08\/1690975263954blob-1024x753.png\" alt=\"\" class=\"wp-image-12377\" srcset=\"http:\/\/gilvander.org.br\/site\/wp-content\/uploads\/2023\/08\/1690975263954blob-1024x753.png 1024w, http:\/\/gilvander.org.br\/site\/wp-content\/uploads\/2023\/08\/1690975263954blob-300x221.png 300w, http:\/\/gilvander.org.br\/site\/wp-content\/uploads\/2023\/08\/1690975263954blob-768x565.png 768w, http:\/\/gilvander.org.br\/site\/wp-content\/uploads\/2023\/08\/1690975263954blob-1536x1130.png 1536w, http:\/\/gilvander.org.br\/site\/wp-content\/uploads\/2023\/08\/1690975263954blob.png 1600w\" sizes=\"auto, (max-width: 1024px) 100vw, 1024px\" \/><figcaption>Largo do Ros\u00e1rio em 1895 no Curral Del Rey, com capela que era lind\u00edssima e dois partidos. Ao fundo, a Serra do Curral  estava intacta: Foto: Museu Ab\u00edlio Barreto, de Belo Horizonte, MG<\/figcaption><\/figure>\n\n\n\n<p>Os denominados \u201cQuilombos Urbanos\u201d de Belo Horizonte \u2013 Mangueiras, Lu\u00edzes, Manzo Ngunzo Kaiango&nbsp;e Souza e outros em processo de autorreconhecimento \u2013 eram na verdade Quilombos camponeses ou rurais, que com o crescimento de Belo Horizonte e a especula\u00e7\u00e3o imobili\u00e1ria, foram invadidos, sendo os quilombolas expropriados de seus territ\u00f3rios e expulsos para as vilas e favelas na periferia. Os carroceiros, agora perseguidos e criminalizados, t\u00eam sido imprescind\u00edveis desde o in\u00edcio da capital mineira para carregar mercadorias e pessoas nas carro\u00e7as, a partir da Esta\u00e7\u00e3o do Trem, para transportar pedras para cal\u00e7ar ruas, limpeza urbana etc. Entretanto, uma lei racista, higienista e desumana foi aprovada e sancionada em Belo Horizonte, em 2021, proibindo o trabalho de quase dez mil carroceiros\/as na capital mineira. Brutal viol\u00eancia que ignora e pisoteia nos direitos do Povo Carroceiro, que \u00e9 Povo e Comunidade Tradicional, presente e atuante em todas as cidades do Brasil, prestando servi\u00e7os imprescind\u00edveis, tais como recolhimento de pequenas quantidades de res\u00edduos e limpeza do ambiente, gerando renda para fam\u00edlias oriundas do campo, evitando dengue, chikungunha etc.<\/p>\n\n\n\n<p>Dona Vilma, mulher negra que nasceu no bairro Santo Ant\u00f4nio, enfrentou durante muitos anos processo de reintegra\u00e7\u00e3o de posse movido pela prefeitura de Belo Horizonte, porque o casebre dela ficou ilhado por pr\u00e9dios de todos os lados. Foi preciso muita luta popular para convencer a Prefeitura de Belo Horizonte e o Poder Judici\u00e1rio a compreenderem e reconhecerem que o marido da dona Vilma tinha sido um dos construtores de v\u00e1rias ruas de Belo Horizonte.<\/p>\n\n\n\n<p>A escritora Concei\u00e7\u00e3o Evaristo nasceu e cresceu em uma favela no alto da Avenida Afonso Pena, onde hoje \u00e9 o bairro Anchieta. Enfim, Belo Horizonte foi constru\u00edda com trabalho e suor do povo negro e tradicional, severamente perseguidos e discriminalizados.<\/p>\n\n\n\n<p>Atualmente, segundo dados da Prefeitura de Belo Horizonte, no centro da cidade, dentro do per\u00edmetro da Avenida do Contorno, existem cerca de 80 pr\u00e9dios abandonados. Por outro lado, segundo a Funda\u00e7\u00e3o Jo\u00e3o Pinheiro, em Belo Horizonte h\u00e1 um d\u00e9ficit habitacional quantitativo e qualitativo que ultrapassa 100 mil moradias. Em Belo Horizonte, mais de 10 mil irm\u00e3os e irm\u00e3s nossos est\u00e3o em situa\u00e7\u00e3o de rua. Portanto, est\u00e1 de parab\u00e9ns o MLB por ter ocupado dois pr\u00e9dios ociosos e abandonados h\u00e1 muitos anos e por estar resgatando a hist\u00f3ria real e profunda da capital mineira. Vivam as Ocupa\u00e7\u00f5es Carolina Maria de Jesus e Maria do Arraial!<\/p>\n\n\n\n<p>Como \u201cnem tudo que reluz \u00e9 ouro\u201d, em todas as capitais e grandes cidades muitos pr\u00e9dios e ambientes luxuosos s\u00e3o constru\u00eddos em cima de trabalho escravo, \u00e0 custa de muito suor e at\u00e9 sangue. O Rio de Janeiro, por exemplo, foi constru\u00eddo em cima de massacre de v\u00e1rios povos ind\u00edgenas. Em Bras\u00edlia, v\u00e1rios trabalhadores foram sepultados com concreto nas funda\u00e7\u00f5es de pr\u00e9dios da Esplanada dos Minist\u00e9rios. Muitos trabalhadores foram mortos por se rebelar diante das viol\u00eancias que sofriam.<\/p>\n\n\n\n<p>Resgatar a hist\u00f3ria real e profunda de todas as cidades \u00e9 imprescind\u00edvel para construirmos cidades realmente sustent\u00e1veis e democr\u00e1ticas. Em Belo Horizonte, segundo o Projeto Manuelz\u00e3o, mais de 200 c\u00f3rregos e rios foram sepultados para construir sobre eles ruas e avenidas. N\u00e3o \u00e9 por acaso que em todo in\u00edcio de ano, com as chuvas surgem inunda\u00e7\u00f5es em Belo Horizonte. Se o caminho das \u00e1guas \u00e9 obstru\u00eddo, \u00f3bvio que a for\u00e7a das \u00e1guas se manifestar\u00e1. Somente nos \u00faltimos 15 anos a prefeitura de Belo Horizonte demoliu mais de 40 mil moradias para \u201cconstruir moradias para autom\u00f3veis\u201d: alargar avenidas, construir viadutos e estacionamentos. At\u00e9 quando se respeitar\u00e1 mais a dignidade dos autom\u00f3veis que a dignidade humana?<\/p>\n\n\n\n<p>Segundo estudos da Comiss\u00e3o que planejava a nova instala\u00e7\u00e3o da capital de Minas Gerais, ap\u00f3s Ouro Preto, havia mananciais na regi\u00e3o do Curral Del Rey capaz de abastecer uma cidade de at\u00e9 3.000.000 de pessoas. Belo Horizonte tem hoje cerca de 2,4 milh\u00f5es de habitantes, mas com as 34 cidades que comp\u00f5em a Regi\u00e3o Metropolitana de Belo Horizonte (RMBH), a popula\u00e7\u00e3o chega a 5,9 milh\u00f5es de habitantes. Muitos mananciais que abasteceram Belo Horizonte e outras cidades da RMBH j\u00e1 foram dizimados, tais como os mananciais da Pampulha, de \u00c1guas Claras e o rio Paraopeba, que era respons\u00e1vel por 50% da \u00e1gua que abastecia Belo Horizonte e foi sacrificado pela mineradora Vale S\/A, com o crime ocorrido em Brumadinho.<\/p>\n\n\n\n<p>Os movimentos sociais e ambientais apontam o caminho a ser seguido para que as cidades n\u00e3o continuem reproduzindo pol\u00edticas de viol\u00eancia e de persegui\u00e7\u00e3o cada vez mais brutais contra o seu povo, suas \u00e1guas e os demais seres viventes.<\/p>\n\n\n\n<p><strong>Em tempo<\/strong>: Iniciou-se dia 31\/07\/2023, uma s\u00e9rie de 17 Audi\u00eancias P\u00fablicas para se fazer atualiza\u00e7\u00e3o do <strong>Plano Diretor de Desenvolvimento Integrado da Regi\u00e3o Metropolitana de Belo Horizonte (PDDI da RMBH).<\/strong> Pelo tamanho e import\u00e2ncia da metr\u00f3pole, o desenvolvimento do Plano Metropolitano PDDI deve ser um processo que fortale\u00e7a a institucionalidade da RMBH e o hist\u00f3rico de planejamento que a Regi\u00e3o Metropolitana desenvolveu, principalmente ao longo dos \u00faltimos 20 anos, o processo participativo, para al\u00e9m dos ritos previstos como audi\u00eancias p\u00fablicas, \u00e9 fundamental para garantir a governan\u00e7a metropolitana. A Ag\u00eancia Metropolitana tem papel fundamental neste processo. Os interesses metropolitanos devem ser priorizados, bem como todo o escopo de diagn\u00f3stico j\u00e1 produzido no PDDI h\u00e1 10 anos. Plano Diretor este produzido em um ambiente que envolveu milhares de pessoas no processo participativo e que ficou engavetado e n\u00e3o foi aprovado na Assembleia Legislativa de Minas Gerais. Garantir preserva\u00e7\u00e3o ambiental, frear drasticamente a minera\u00e7\u00e3o devastadora, apostar nos meios multimodais de mobilidade e implementar pol\u00edticas p\u00fablicas de moradia popular adequada s\u00e3o quest\u00f5es imprescind\u00edveis na atualiza\u00e7\u00e3o do PDDI da RMBH, o que implica em abortar o famigerado rodoanel, que, se constru\u00eddo, ser\u00e1 de fato Rodomin\u00e9rio, infraestrutura para se ampliar minera\u00e7\u00e3o em Belo Horizonte&nbsp; e Regi\u00e3o Metropolitana de Belo Horizonte, o que n\u00e3o \u00e9 mais suport\u00e1vel. Urge decretarmos Minera\u00e7\u00e3o Zero em Belo Horizonte&nbsp; e RMBH. Do contr\u00e1rio, estaremos construindo a desertifica\u00e7\u00e3o da RMBH com a exaust\u00e3o h\u00eddrica e sufocamento da agricultura familiar. Sem \u00e1gua e alimento n\u00e3o h\u00e1 como viver.<\/p>\n\n\n\n<p>02\/08\/2023.<\/p>\n\n\n\n<p><strong>Obs<\/strong>.: As videorreportagens nos links, abaixo, versam sobre o assunto tratado, acima.<\/p>\n\n\n\n<p>1 &#8211; Nasce Ocupa\u00e7\u00e3o Maria do Arraial no Centro de BH\/MG em um grande pr\u00e9dio abandonado: luta por moradia<\/p>\n\n\n\n<figure class=\"wp-block-embed is-type-video is-provider-youtube wp-block-embed-youtube wp-embed-aspect-16-9 wp-has-aspect-ratio\"><div class=\"wp-block-embed__wrapper\">\n<div class=\"epyt-video-wrapper\"><iframe loading=\"lazy\"  id=\"_ytid_61436\"  width=\"810\" height=\"456\"  data-origwidth=\"810\" data-origheight=\"456\" src=\"https:\/\/www.youtube.com\/embed\/puE7wJy8zP0?enablejsapi=1&#038;autoplay=0&#038;cc_load_policy=0&#038;cc_lang_pref=&#038;iv_load_policy=1&#038;loop=0&#038;rel=1&#038;fs=1&#038;playsinline=0&#038;autohide=2&#038;theme=dark&#038;color=red&#038;controls=1&#038;disablekb=0&#038;\" class=\"__youtube_prefs__  epyt-is-override  no-lazyload\" title=\"YouTube player\"  allow=\"fullscreen; accelerometer; autoplay; clipboard-write; encrypted-media; gyroscope; picture-in-picture; web-share\" referrerpolicy=\"strict-origin-when-cross-origin\" allowfullscreen data-no-lazy=\"1\" data-skipgform_ajax_framebjll=\"\"><\/iframe><\/div>\n<\/div><\/figure>\n\n\n\n<p><strong>2 &#8211; \u201cOcupa\u00e7\u00e3o Maria do Arraial, do MLB, no centro de BH\/MG, resgata hist\u00f3ria profunda de BH.&#8221; (Alenice)<\/strong><\/p>\n\n\n\n<figure class=\"wp-block-embed is-type-video is-provider-youtube wp-block-embed-youtube wp-embed-aspect-16-9 wp-has-aspect-ratio\"><div class=\"wp-block-embed__wrapper\">\n<div class=\"epyt-video-wrapper\"><iframe loading=\"lazy\"  id=\"_ytid_44174\"  width=\"810\" height=\"456\"  data-origwidth=\"810\" data-origheight=\"456\" src=\"https:\/\/www.youtube.com\/embed\/kvBWhxl3Lkk?enablejsapi=1&#038;autoplay=0&#038;cc_load_policy=0&#038;cc_lang_pref=&#038;iv_load_policy=1&#038;loop=0&#038;rel=1&#038;fs=1&#038;playsinline=0&#038;autohide=2&#038;theme=dark&#038;color=red&#038;controls=1&#038;disablekb=0&#038;\" class=\"__youtube_prefs__  epyt-is-override  no-lazyload\" title=\"YouTube player\"  allow=\"fullscreen; accelerometer; autoplay; clipboard-write; encrypted-media; gyroscope; picture-in-picture; web-share\" referrerpolicy=\"strict-origin-when-cross-origin\" allowfullscreen data-no-lazy=\"1\" data-skipgform_ajax_framebjll=\"\"><\/iframe><\/div>\n<\/div><\/figure>\n\n\n\n<p><strong>3 &#8211; M\u00e3es e crian\u00e7as: Ocupa\u00e7\u00e3o Maria do Arraial, do MLB, \u00e0 Rua da Bahia, 1065, centro de BH\/MG: SOCORRO!<\/strong><\/p>\n\n\n\n<figure class=\"wp-block-embed is-type-video is-provider-youtube wp-block-embed-youtube wp-embed-aspect-16-9 wp-has-aspect-ratio\"><div class=\"wp-block-embed__wrapper\">\n<div class=\"epyt-video-wrapper\"><iframe loading=\"lazy\"  id=\"_ytid_55487\"  width=\"810\" height=\"456\"  data-origwidth=\"810\" data-origheight=\"456\" src=\"https:\/\/www.youtube.com\/embed\/MJESkjlvyFg?enablejsapi=1&#038;autoplay=0&#038;cc_load_policy=0&#038;cc_lang_pref=&#038;iv_load_policy=1&#038;loop=0&#038;rel=1&#038;fs=1&#038;playsinline=0&#038;autohide=2&#038;theme=dark&#038;color=red&#038;controls=1&#038;disablekb=0&#038;\" class=\"__youtube_prefs__  epyt-is-override  no-lazyload\" title=\"YouTube player\"  allow=\"fullscreen; accelerometer; autoplay; clipboard-write; encrypted-media; gyroscope; picture-in-picture; web-share\" referrerpolicy=\"strict-origin-when-cross-origin\" allowfullscreen data-no-lazy=\"1\" data-skipgform_ajax_framebjll=\"\"><\/iframe><\/div>\n<\/div><\/figure>\n\n\n\n<p><strong>4 &#8211; No Centro de BH\/MG, Ocupa\u00e7\u00e3o Maria do Arraial, do MLB: 250 fam\u00edlias ocupam pr\u00e9dio abandonado<\/strong><\/p>\n\n\n\n<figure class=\"wp-block-embed is-type-video is-provider-youtube wp-block-embed-youtube wp-embed-aspect-16-9 wp-has-aspect-ratio\"><div class=\"wp-block-embed__wrapper\">\n<div class=\"epyt-video-wrapper\"><iframe loading=\"lazy\"  id=\"_ytid_55074\"  width=\"810\" height=\"456\"  data-origwidth=\"810\" data-origheight=\"456\" src=\"https:\/\/www.youtube.com\/embed\/IHe-7jBZJs0?enablejsapi=1&#038;autoplay=0&#038;cc_load_policy=0&#038;cc_lang_pref=&#038;iv_load_policy=1&#038;loop=0&#038;rel=1&#038;fs=1&#038;playsinline=0&#038;autohide=2&#038;theme=dark&#038;color=red&#038;controls=1&#038;disablekb=0&#038;\" class=\"__youtube_prefs__  epyt-is-override  no-lazyload\" title=\"YouTube player\"  allow=\"fullscreen; accelerometer; autoplay; clipboard-write; encrypted-media; gyroscope; picture-in-picture; web-share\" referrerpolicy=\"strict-origin-when-cross-origin\" allowfullscreen data-no-lazy=\"1\" data-skipgform_ajax_framebjll=\"\"><\/iframe><\/div>\n<\/div><\/figure>\n\n\n\n<p><strong>5 &#8211; Leo P\u00e9ricles\/UP na luta da Ocupa\u00e7\u00e3o Maria do Arraial do MLB no centro de BH\/MG: luta por moradia v.2<\/strong><\/p>\n\n\n\n<figure class=\"wp-block-embed is-type-video is-provider-youtube wp-block-embed-youtube wp-embed-aspect-16-9 wp-has-aspect-ratio\"><div class=\"wp-block-embed__wrapper\">\n<div class=\"epyt-video-wrapper\"><iframe loading=\"lazy\"  id=\"_ytid_84254\"  width=\"810\" height=\"456\"  data-origwidth=\"810\" data-origheight=\"456\" src=\"https:\/\/www.youtube.com\/embed\/6_KaQkrtF2I?enablejsapi=1&#038;autoplay=0&#038;cc_load_policy=0&#038;cc_lang_pref=&#038;iv_load_policy=1&#038;loop=0&#038;rel=1&#038;fs=1&#038;playsinline=0&#038;autohide=2&#038;theme=dark&#038;color=red&#038;controls=1&#038;disablekb=0&#038;\" class=\"__youtube_prefs__  epyt-is-override  no-lazyload\" title=\"YouTube player\"  allow=\"fullscreen; accelerometer; autoplay; clipboard-write; encrypted-media; gyroscope; picture-in-picture; web-share\" referrerpolicy=\"strict-origin-when-cross-origin\" allowfullscreen data-no-lazy=\"1\" data-skipgform_ajax_framebjll=\"\"><\/iframe><\/div>\n<\/div><\/figure>\n\n\n\n<p><strong>6 &#8211; Cresce Rede de Apoio \u00e0 Ocupa\u00e7\u00e3o Maria do Arraial, do MLB, \u00e0 Rua da Bahia, 1065, centro de BH\/MG. v.4<\/strong><\/p>\n\n\n\n<figure class=\"wp-block-embed is-type-video is-provider-youtube wp-block-embed-youtube wp-embed-aspect-16-9 wp-has-aspect-ratio\"><div class=\"wp-block-embed__wrapper\">\n<div class=\"epyt-video-wrapper\"><iframe loading=\"lazy\"  id=\"_ytid_75004\"  width=\"810\" height=\"456\"  data-origwidth=\"810\" data-origheight=\"456\" src=\"https:\/\/www.youtube.com\/embed\/NAF8VzQyvro?enablejsapi=1&#038;autoplay=0&#038;cc_load_policy=0&#038;cc_lang_pref=&#038;iv_load_policy=1&#038;loop=0&#038;rel=1&#038;fs=1&#038;playsinline=0&#038;autohide=2&#038;theme=dark&#038;color=red&#038;controls=1&#038;disablekb=0&#038;\" class=\"__youtube_prefs__  epyt-is-override  no-lazyload\" title=\"YouTube player\"  allow=\"fullscreen; accelerometer; autoplay; clipboard-write; encrypted-media; gyroscope; picture-in-picture; web-share\" referrerpolicy=\"strict-origin-when-cross-origin\" allowfullscreen data-no-lazy=\"1\" data-skipgform_ajax_framebjll=\"\"><\/iframe><\/div>\n<\/div><\/figure>\n\n\n\n<p><strong>7 &#8211; Leo P\u00e9ricles, Edinho e Coord. do Pingo D\u2019\u00c1gua apoiando a Ocupa\u00e7\u00e3o Maria do Arraial, do MLB, de BH\/MG<\/strong><\/p>\n\n\n\n<figure class=\"wp-block-embed is-type-video is-provider-youtube wp-block-embed-youtube wp-embed-aspect-16-9 wp-has-aspect-ratio\"><div class=\"wp-block-embed__wrapper\">\n<div class=\"epyt-video-wrapper\"><iframe loading=\"lazy\"  id=\"_ytid_78017\"  width=\"810\" height=\"456\"  data-origwidth=\"810\" data-origheight=\"456\" src=\"https:\/\/www.youtube.com\/embed\/FIQK16fWww4?enablejsapi=1&#038;autoplay=0&#038;cc_load_policy=0&#038;cc_lang_pref=&#038;iv_load_policy=1&#038;loop=0&#038;rel=1&#038;fs=1&#038;playsinline=0&#038;autohide=2&#038;theme=dark&#038;color=red&#038;controls=1&#038;disablekb=0&#038;\" class=\"__youtube_prefs__  epyt-is-override  no-lazyload\" title=\"YouTube player\"  allow=\"fullscreen; accelerometer; autoplay; clipboard-write; encrypted-media; gyroscope; picture-in-picture; web-share\" referrerpolicy=\"strict-origin-when-cross-origin\" allowfullscreen data-no-lazy=\"1\" data-skipgform_ajax_framebjll=\"\"><\/iframe><\/div>\n<\/div><\/figure>\n\n\n\n<p><strong>8 &#8211; Adrian do RJ apoiando a Ocupa\u00e7\u00e3o Maria do Arraial, do MLB, no centro de BH\/MG: \u201cS\u00f3 c luta coletiva!&#8221;<\/strong><\/p>\n\n\n\n<figure class=\"wp-block-embed is-type-video is-provider-youtube wp-block-embed-youtube wp-embed-aspect-16-9 wp-has-aspect-ratio\"><div class=\"wp-block-embed__wrapper\">\n<div class=\"epyt-video-wrapper\"><iframe loading=\"lazy\"  id=\"_ytid_19161\"  width=\"810\" height=\"456\"  data-origwidth=\"810\" data-origheight=\"456\" src=\"https:\/\/www.youtube.com\/embed\/Z7m8ByBTfVE?enablejsapi=1&#038;autoplay=0&#038;cc_load_policy=0&#038;cc_lang_pref=&#038;iv_load_policy=1&#038;loop=0&#038;rel=1&#038;fs=1&#038;playsinline=0&#038;autohide=2&#038;theme=dark&#038;color=red&#038;controls=1&#038;disablekb=0&#038;\" class=\"__youtube_prefs__  epyt-is-override  no-lazyload\" title=\"YouTube player\"  allow=\"fullscreen; accelerometer; autoplay; clipboard-write; encrypted-media; gyroscope; picture-in-picture; web-share\" referrerpolicy=\"strict-origin-when-cross-origin\" allowfullscreen data-no-lazy=\"1\" data-skipgform_ajax_framebjll=\"\"><\/iframe><\/div>\n<\/div><\/figure>\n\n\n\n<hr class=\"wp-block-separator\"\/>\n\n\n\n<p><a href=\"#_ftnref1\" id=\"_ftn1\">[1]<\/a> Frei e padre da Ordem dos carmelitas; doutor em Educa\u00e7\u00e3o pela FAE\/UFMG; licenciado e bacharel em Filosofia pela UFPR; bacharel em Teologia pelo ITESP\/SP; mestre em Exegese B\u00edblica pelo Pontif\u00edcio Instituto B\u00edblico, em Roma, It\u00e1lia; agente e assessor da CPT\/MG, assessor do CEBI e Ocupa\u00e7\u00f5es Urbanas; prof. de Teologia b\u00edblica no SAB (Servi\u00e7o de Anima\u00e7\u00e3o B\u00edblica), em Belo Horizonte, MG; colunista dos sites <a href=\"http:\/\/www.domtotal.com\">www.domtotal.com<\/a> , <a href=\"http:\/\/www.brasildefatomg.com.br\">www.brasildefatomg.com.br<\/a> , <a href=\"http:\/\/www.revistaconsciencia.com\">www.revistaconsciencia.com<\/a> , <a href=\"http:\/\/www.racismoambiental.net.br\">www.racismoambiental.net.br<\/a> e outros. E-mail:&nbsp;<a href=\"mailto:gilvanderlm@gmail.com\">gilvanderlm@gmail.com<\/a> &nbsp;\u2013&nbsp;<a href=\"http:\/\/www.gilvander.org.br\">www.gilvander.org.br<\/a> &nbsp;\u2013&nbsp;<a href=\"http:\/\/www.freigilvander.blogspot.com.br\">www.freigilvander.blogspot.com.br<\/a> &nbsp;&nbsp;&nbsp;&nbsp;&nbsp; \u2013&nbsp;&nbsp;&nbsp;&nbsp;&nbsp;&nbsp;&nbsp;<a href=\"http:\/\/www.twitter.com\/gilvanderluis\">www.twitter.com\/gilvanderluis<\/a> &nbsp;&nbsp;&nbsp;&nbsp;&nbsp;&nbsp;&nbsp; \u2013&nbsp;Facebook: Gilvander Moreira III<\/p>\n","protected":false},"excerpt":{"rendered":"<p>Ocupa\u00e7\u00f5es resgatam hist\u00f3ria profunda de Belo Horizonte. Por frei Gilvander Moreira[1] Lutar pelo resgate da hist\u00f3ria profunda das cidades \u00e9 imprescind\u00edvel. Na madrugada do dia 28 de julho \u00faltimo (2023), o Movimento de Luta nos<\/p>\n","protected":false},"author":2,"featured_media":12374,"comment_status":"open","ping_status":"open","sticky":false,"template":"","format":"standard","meta":{"footnotes":""},"categories":[17],"tags":[],"class_list":["post-12373","post","type-post","status-publish","format-standard","has-post-thumbnail","hentry","category-destaque"],"_links":{"self":[{"href":"http:\/\/gilvander.org.br\/site\/wp-json\/wp\/v2\/posts\/12373","targetHints":{"allow":["GET"]}}],"collection":[{"href":"http:\/\/gilvander.org.br\/site\/wp-json\/wp\/v2\/posts"}],"about":[{"href":"http:\/\/gilvander.org.br\/site\/wp-json\/wp\/v2\/types\/post"}],"author":[{"embeddable":true,"href":"http:\/\/gilvander.org.br\/site\/wp-json\/wp\/v2\/users\/2"}],"replies":[{"embeddable":true,"href":"http:\/\/gilvander.org.br\/site\/wp-json\/wp\/v2\/comments?post=12373"}],"version-history":[{"count":3,"href":"http:\/\/gilvander.org.br\/site\/wp-json\/wp\/v2\/posts\/12373\/revisions"}],"predecessor-version":[{"id":12381,"href":"http:\/\/gilvander.org.br\/site\/wp-json\/wp\/v2\/posts\/12373\/revisions\/12381"}],"wp:featuredmedia":[{"embeddable":true,"href":"http:\/\/gilvander.org.br\/site\/wp-json\/wp\/v2\/media\/12374"}],"wp:attachment":[{"href":"http:\/\/gilvander.org.br\/site\/wp-json\/wp\/v2\/media?parent=12373"}],"wp:term":[{"taxonomy":"category","embeddable":true,"href":"http:\/\/gilvander.org.br\/site\/wp-json\/wp\/v2\/categories?post=12373"},{"taxonomy":"post_tag","embeddable":true,"href":"http:\/\/gilvander.org.br\/site\/wp-json\/wp\/v2\/tags?post=12373"}],"curies":[{"name":"wp","href":"https:\/\/api.w.org\/{rel}","templated":true}]}}