{"id":1394,"date":"2018-03-18T16:47:36","date_gmt":"2018-03-18T19:47:36","guid":{"rendered":"http:\/\/gilvander.org.br\/site\/?p=1394"},"modified":"2018-03-19T09:03:17","modified_gmt":"2018-03-19T12:03:17","slug":"marielle-franco-lutava-pela-paz-e-contra-a-violencia","status":"publish","type":"post","link":"http:\/\/gilvander.org.br\/site\/marielle-franco-lutava-pela-paz-e-contra-a-violencia\/","title":{"rendered":"Marielle Franco lutava pela paz e contra a viol\u00eancia"},"content":{"rendered":"<p><strong>Marielle Franco lutava pela paz e contra a viol\u00eancia. <\/strong>Por frei\u00a0Gilvander Moreira<a href=\"#_ftn1\" name=\"_ftnref1\"><sup>[1]<\/sup><\/a><\/p>\n<p style=\"text-align: justify;\"><img loading=\"lazy\" decoding=\"async\" class=\"size-medium wp-image-1395 alignleft\" src=\"http:\/\/gilvander.org.br\/site\/wp-content\/uploads\/2018\/03\/Marielle-Franco-6-300x169.jpg\" alt=\"\" width=\"300\" height=\"169\" srcset=\"http:\/\/gilvander.org.br\/site\/wp-content\/uploads\/2018\/03\/Marielle-Franco-6-300x169.jpg 300w, http:\/\/gilvander.org.br\/site\/wp-content\/uploads\/2018\/03\/Marielle-Franco-6.jpg 540w\" sizes=\"auto, (max-width: 300px) 100vw, 300px\" \/><\/p>\n<p style=\"text-align: justify;\">\u00a0\u00a0\u00a0\u00a0\u00a0\u00a0\u00a0 Profundamente comovido e indignado com a execu\u00e7\u00e3o brutal, por volta das 22h15 do dia 14 de mar\u00e7o de 2018, de Marielle Franco e seu motorista Anderson Pedro Gomes, expressamos nossa solidariedade aos familiares e companheiras\/os de milit\u00e2ncia de Marielle Franco e Anderson Pedro Gomes. Como mulher, m\u00e3e, negra, LGBT, soci\u00f3loga, de periferia e vereadora do PSOL na capital do Rio de Janeiro, nascida em 27 de julho de 1979, Marielle Franco, 38 anos, deixa um legado de luta por direitos humanos e de compromisso com a classe trabalhadora injusti\u00e7ada, na constru\u00e7\u00e3o de uma sociedade justa e solid\u00e1ria. Nascida na favela da Mar\u00e9, no Rio de Janeiro, Marielle Franco fez nos \u00faltimos dias, den\u00fancias de mortes de jovens em opera\u00e7\u00f5es policiais e chefiaria a comiss\u00e3o legislativa que apuraria as a\u00e7\u00f5es da interven\u00e7\u00e3o militar federal no estado do Rio de janeiro.<\/p>\n<p style=\"text-align: justify;\">Marielle Franco n\u00e3o foi apenas assassinada, ela foi semeada no tecido social das classes trabalhadora e camponesa. Marielle Franco se tornou semente crioula de milhares de outras Marielles que surgir\u00e3o na luta em prol dos Direitos Humanos, visando construir uma sociedade de paz, como fruto da justi\u00e7a social, agr\u00e1ria, ambiental e urbana. N\u00e3o foi em v\u00e3o sua luta! Perdemos apenas sua presen\u00e7a f\u00edsica. Marielle Franco partilha vida plena e estar\u00e1 sempre viva em n\u00f3s, na luta. A ela, nossa gratid\u00e3o pelo seu testemunho de coragem, de perseveran\u00e7a e de amor ao pr\u00f3ximo, principalmente a todas\/os as\/os oprimidas\/os e injusti\u00e7adas\/os.<\/p>\n<p style=\"text-align: justify;\">Marielle Franco e Anderson Pedro Gomes foram martirizados, executados barbaramente. Eram inocentes. Marielle \u00e9 Mar-elle, ou seja, ela \u00e9 mar, imensid\u00e3o de bondade, de esp\u00edrito de luta, motivada por aquela paz inquieta que a deixava indignada contra toda e qualquer injusti\u00e7a, uma grande lutadora em prol dos direitos humanos fundamentais. Dar\u00e3o com os burros n\u2019\u00e1gua os que assassinaram Marielle Franco e Anderson Gomes, pois \u201cdo sangue de m\u00e1rtires surgem sementes de liberta\u00e7\u00e3o\u201d.<\/p>\n<p style=\"text-align: justify;\">Marielle Franco e Anderson Gomes foram v\u00edtimas de um crime hediondo, mas o sangue de Marielle Franco e de todas\/os as\/os que tombam na luta continuar\u00e1 circulando nas nossas art\u00e9rias, nos inspirando, dando coragem e perseveran\u00e7a na luta em prol da constru\u00e7\u00e3o de uma sociedade justa e solid\u00e1ria, sem opressores e sem viol\u00eancia.<\/p>\n<p style=\"text-align: justify;\">Aos que caluniam e difamam Marielle Franco, digo: Jesus de Nazar\u00e9 tamb\u00e9m foi acusado de defender bandido. N\u00e3o sejam torres de retransmiss\u00e3o da ideologia dominante &#8211; ideias da classe dominante &#8211; trombeteada aos quatro ventos pelos grandes meios de comunica\u00e7\u00e3o para criar uma vis\u00e3o equivocada dos direitos humanos. Interessam aos c\u00famplices da classe dominante frear as lutas coletivas por direitos humanos fundamentais e para isso precisam tentar enxovalhar com difama\u00e7\u00e3o a \u00edndole de pessoas lutadoras por justi\u00e7a, como Marielle Franco. Quem, de longe e de perto, divulga cal\u00fanias sobre Marielle Franco est\u00e1, na pr\u00e1tica, disparando \u201crajadas de tiros\u201d contra ela, mas, agora, atingindo diretamente sua fam\u00edlia e todas\/os que ao lado de Marielle lutam pela paz como fruto de justi\u00e7a social. N\u00e3o \u00e9 justo censurar Marielle porque ela defendia tamb\u00e9m os direitos das pessoas LGBT. Em nome da \u00e9tica e da dignidade humana, temos que reconhecer os direitos das pessoas LGBT. Em uma sociedade preconceituosa, intolerante, hip\u00f3crita e c\u00ednica, os homossexuais s\u00e3o um dos elos discriminados e oprimidos. O Deus da vida ouve os clamores dos oprimidos (Cf. \u00caxodo 3,7-10). Felizes as pessoas que ouvem os clamores dos que t\u00eam outra orienta\u00e7\u00e3o sexual n\u00e3o hegem\u00f4nica.\u00a0 Quanta dor! Quanta l\u00e1grima derramada! Quanta cruz carregada! Deus ouve os clamores de todas as pessoas que s\u00e3o oprimidas. Deus \u00e9 amor e n\u00e3o discrimina ningu\u00e9m e nem pune ningu\u00e9m por orienta\u00e7\u00e3o sexual homossexual. Deus n\u00e3o faz acep\u00e7\u00e3o de pessoas. Deus acolhe a todas e a todos sem discrimina\u00e7\u00e3o.<\/p>\n<p style=\"text-align: justify;\">Tamb\u00e9m n\u00e3o \u00e9 justo menosprezar Marielle Franco, alegando que ela era parlamentar do PSOL. No meio de tanta corrup\u00e7\u00e3o da classe pol\u00edtica e de tanta desesperan\u00e7a em pol\u00edtica partid\u00e1ria, \u00e9 preciso dizer: o PSOL \u00e9 atualmente o partido que mais defende os sagrados direitos das classes trabalhadora e camponesa. O PSOL \u00e9, hoje, o partido que mais tem compromisso com os injusti\u00e7ados e oprimidos. Por esse compromisso mataram Marielle.<\/p>\n<p style=\"text-align: justify;\">Para o sistema do capital, conv\u00e9m reproduzir o preconceito contra os direitos humanos e contra quem defende os direitos humanos, como Marielle Franco, assim como \u00e9 importante a criminaliza\u00e7\u00e3o da pobreza e dos movimentos sociais populares. Cada vez mais, torna-se urgente combater essa vis\u00e3o injusta dos direitos humanos. \u00c9 preciso deixar claro que Marielle Franco lutava por direitos humanos fundamentais para todas\/os viverem e conviverem com dignidade. Marielle defendia todas\/os as\/os violentadas\/os, as\/os policiais v\u00edtimas de viol\u00eancia tamb\u00e9m. \u201cA vereadora Marielle Franco foi uma companheira incans\u00e1vel na presta\u00e7\u00e3o de aux\u00edlio \u00e0s fam\u00edlias de policiais mortos\u201d, afirmou Ibis Pereira, ex-chefe de gabinete do comando da PMERJ ao G1.<\/p>\n<p style=\"text-align: justify;\">Bertold Brecht repetia sempre: \u201cDo rio que tudo arrasta se diz que \u00e9 violento. Mas ningu\u00e9m diz violentas as margens que o comprimem\u201d. Logo, em uma sociedade capitalista, a ideologia dominante tenta o tempo todo transformar o violentador em v\u00edtima e imputar \u00e0s v\u00edtimas da viol\u00eancia a responsabilidade sobre as causas da viol\u00eancia. Ou seja, invertem-se as rela\u00e7\u00f5es sociais: o opressor \u00e9 apresentado como se fosse oprimido e se apresentam os oprimidos como violentos. Nesse contexto de viola\u00e7\u00e3o sistem\u00e1tica de direitos humanos, a melhor forma de prote\u00e7\u00e3o e conquista dos direitos humanos atualmente, no Brasil, passa necessariamente por desobedi\u00eancia civil, povo na rua e lutas concretas, com o povo organizado batalhando pelos direitos sociais.<\/p>\n<p style=\"text-align: justify;\">Eis uma certeza: do compromisso de Marielle Franco com os oprimidos, milhares de outras Marielles surgir\u00e3o na luta por justi\u00e7a para todas\/os. Feliz quem tem fome e sede de justi\u00e7a, como Marielle Franco, porque ser\u00e1 saciada\/o. Feliz quem constr\u00f3i a paz, como Marielle Franco, porque ser\u00e1 chamada\/o filha\/o de Deus. Feliz quem \u00e9 perseguida\/o por causa da justi\u00e7a, como Marielle Franco, porque dela\/dele \u00e9 o reino dos c\u00e9us! Feliz quem for injuriada\/o e perseguida\/o, como Marielle Franco. Alegre-se, pois foi assim que perseguiram os profetas e todas\/os as\/os revolucion\u00e1rios, que vieram antes de voc\u00ea. Marielle foi e continuar\u00e1 sendo Luz no Mundo, Fermento na Massa e Sal na Comida em tempos de golpes do capital, do judici\u00e1rio, da m\u00eddia e do parlamento.<\/p>\n<p style=\"text-align: justify;\">\u201cOs poderosos podem matar uma, duas ou tr\u00eas rosas, mas jamais conseguir\u00e3o deter a primavera\u201d, dizia Che Guevara. Confiamos que \u201cquanto mais escura a noite, mais brilham as estrelas\u201d.<\/p>\n<p>Marielle Franco: Presente, agora e sempre, em n\u00f3s, na luta!<\/p>\n<p>Abra\u00e7o terno na luta. Frei Gilvander Moreira.<\/p>\n<p>Belo Horizonte, MG, 19\/3\/2018.<\/p>\n<p><strong>Obs<\/strong>.: Os v\u00eddeos, abaixo, ilustram o texto, acima.<\/p>\n<ul>\n<li>Marielle Franco conta sua hist\u00f3ria<\/li>\n<\/ul>\n<div class=\"epyt-video-wrapper\"><iframe loading=\"lazy\"  id=\"_ytid_25727\"  width=\"810\" height=\"456\"  data-origwidth=\"810\" data-origheight=\"456\" src=\"https:\/\/www.youtube.com\/embed\/-gUVlxFsnGo?enablejsapi=1&#038;autoplay=0&#038;cc_load_policy=0&#038;cc_lang_pref=&#038;iv_load_policy=1&#038;loop=0&#038;rel=1&#038;fs=1&#038;playsinline=0&#038;autohide=2&#038;theme=dark&#038;color=red&#038;controls=1&#038;disablekb=0&#038;\" class=\"__youtube_prefs__  epyt-is-override  no-lazyload\" title=\"YouTube player\"  allow=\"fullscreen; accelerometer; autoplay; clipboard-write; encrypted-media; gyroscope; picture-in-picture; web-share\" referrerpolicy=\"strict-origin-when-cross-origin\" allowfullscreen data-no-lazy=\"1\" data-skipgform_ajax_framebjll=\"\"><\/iframe><\/div>\n<ul>\n<li>\u00daltimo pronunciamento de Marielle Franco antes de ser executada no Rio de Janeiro<\/li>\n<\/ul>\n<div class=\"epyt-video-wrapper\"><iframe loading=\"lazy\"  id=\"_ytid_20916\"  width=\"810\" height=\"456\"  data-origwidth=\"810\" data-origheight=\"456\" src=\"https:\/\/www.youtube.com\/embed\/Da7dqCqEJmA?enablejsapi=1&#038;autoplay=0&#038;cc_load_policy=0&#038;cc_lang_pref=&#038;iv_load_policy=1&#038;loop=0&#038;rel=1&#038;fs=1&#038;playsinline=0&#038;autohide=2&#038;theme=dark&#038;color=red&#038;controls=1&#038;disablekb=0&#038;\" class=\"__youtube_prefs__  epyt-is-override  no-lazyload\" title=\"YouTube player\"  allow=\"fullscreen; accelerometer; autoplay; clipboard-write; encrypted-media; gyroscope; picture-in-picture; web-share\" referrerpolicy=\"strict-origin-when-cross-origin\" allowfullscreen data-no-lazy=\"1\" data-skipgform_ajax_framebjll=\"\"><\/iframe><\/div>\n<p>&nbsp;<\/p>\n<p><a href=\"#_ftnref1\" name=\"_ftn1\">[1]<\/a>\u00a0Frei e padre da Ordem dos carmelitas; doutor em Educa\u00e7\u00e3o pela FAE\/UFMG; licenciado e bacharel em Filosofia pela UFPR; bacharel em Teologia pelo ITESP<strong>\/<\/strong>SP; mestre em Exegese B\u00edblica pelo Pontif\u00edcio Instituto B\u00edblico de Roma, It\u00e1lia; assessor da CPT, CEBI, SAB e Ocupa\u00e7\u00f5es Urbanas; prof. de \u201cMovimentos Sociais Populares e Direitos Humanos\u201d no IDH, em Belo Horizonte, MG.<\/p>\n<p>E-mail: <a href=\"mailto:gilvanderlm@gmail.com\">gilvanderlm@gmail.com<\/a> \u2013 <a href=\"http:\/\/www.gilvander.org.br\">www.gilvander.org.br<\/a> &#8211; <a href=\"http:\/\/www.freigilvander.blogspot.com.br\">www.freigilvander.blogspot.com.br<\/a>\u00a0\u00a0\u00a0\u00a0\u00a0 \u2013<\/p>\n<p><a href=\"http:\/\/www.twitter.com\/gilvanderluis\">www.twitter.com\/gilvanderluis<\/a>\u00a0\u00a0\u00a0 \u00a0\u00a0\u00a0\u00a0\u2013\u00a0\u00a0\u00a0\u00a0 Facebook: Gilvander Moreira III<\/p>\n<p>&nbsp;<\/p>\n","protected":false},"excerpt":{"rendered":"<p>Marielle Franco lutava pela paz e contra a viol\u00eancia. Por frei\u00a0Gilvander Moreira[1] \u00a0\u00a0\u00a0\u00a0\u00a0\u00a0\u00a0 Profundamente comovido e indignado com a execu\u00e7\u00e3o brutal, por volta das 22h15 do dia 14 de mar\u00e7o de 2018, de Marielle Franco<\/p>\n","protected":false},"author":2,"featured_media":1395,"comment_status":"open","ping_status":"open","sticky":false,"template":"","format":"standard","meta":{"footnotes":""},"categories":[21,27,30,26],"tags":[],"class_list":["post-1394","post","type-post","status-publish","format-standard","has-post-thumbnail","hentry","category-artigo","category-direitos-humanos","category-fe-e-politica","category-teologia-da-libertacao"],"_links":{"self":[{"href":"http:\/\/gilvander.org.br\/site\/wp-json\/wp\/v2\/posts\/1394","targetHints":{"allow":["GET"]}}],"collection":[{"href":"http:\/\/gilvander.org.br\/site\/wp-json\/wp\/v2\/posts"}],"about":[{"href":"http:\/\/gilvander.org.br\/site\/wp-json\/wp\/v2\/types\/post"}],"author":[{"embeddable":true,"href":"http:\/\/gilvander.org.br\/site\/wp-json\/wp\/v2\/users\/2"}],"replies":[{"embeddable":true,"href":"http:\/\/gilvander.org.br\/site\/wp-json\/wp\/v2\/comments?post=1394"}],"version-history":[{"count":4,"href":"http:\/\/gilvander.org.br\/site\/wp-json\/wp\/v2\/posts\/1394\/revisions"}],"predecessor-version":[{"id":1400,"href":"http:\/\/gilvander.org.br\/site\/wp-json\/wp\/v2\/posts\/1394\/revisions\/1400"}],"wp:featuredmedia":[{"embeddable":true,"href":"http:\/\/gilvander.org.br\/site\/wp-json\/wp\/v2\/media\/1395"}],"wp:attachment":[{"href":"http:\/\/gilvander.org.br\/site\/wp-json\/wp\/v2\/media?parent=1394"}],"wp:term":[{"taxonomy":"category","embeddable":true,"href":"http:\/\/gilvander.org.br\/site\/wp-json\/wp\/v2\/categories?post=1394"},{"taxonomy":"post_tag","embeddable":true,"href":"http:\/\/gilvander.org.br\/site\/wp-json\/wp\/v2\/tags?post=1394"}],"curies":[{"name":"wp","href":"https:\/\/api.w.org\/{rel}","templated":true}]}}