{"id":2013,"date":"2018-05-25T18:49:13","date_gmt":"2018-05-25T21:49:13","guid":{"rendered":"http:\/\/gilvander.org.br\/site\/?p=2013"},"modified":"2018-05-25T18:49:13","modified_gmt":"2018-05-25T21:49:13","slug":"no-cedefes-bh-indigenas-em-belo-horizonte-mg-preconceito-discriminacao-e-violencia-1a-parte-23-4-2018","status":"publish","type":"post","link":"http:\/\/gilvander.org.br\/site\/no-cedefes-bh-indigenas-em-belo-horizonte-mg-preconceito-discriminacao-e-violencia-1a-parte-23-4-2018\/","title":{"rendered":"NO CEDEFES\/BH: IND\u00cdGENAS EM BELO HORIZONTE\/MG: PRECONCEITO, DISCRIMINA\u00c7\u00c3O E VIOL\u00caNCIA. 1\u00aa PARTE \u2013\u00a0 23\/4\/2018."},"content":{"rendered":"<p><strong>NO CEDEFES\/BH: IND\u00cdGENAS EM BELO HORIZONTE\/MG: PRECONCEITO, DISCRIMINA\u00c7\u00c3O E VIOL\u00caNCIA. 1\u00aa PARTE \u2013\u00a0 23\/4\/2018.<\/strong><\/p>\n<p><img loading=\"lazy\" decoding=\"async\" class=\"size-medium wp-image-2014 alignleft\" src=\"http:\/\/gilvander.org.br\/site\/wp-content\/uploads\/2018\/05\/Patax\u00f3-e-Puri-300x227.jpg\" alt=\"\" width=\"300\" height=\"227\" srcset=\"http:\/\/gilvander.org.br\/site\/wp-content\/uploads\/2018\/05\/Patax\u00f3-e-Puri-300x227.jpg 300w, http:\/\/gilvander.org.br\/site\/wp-content\/uploads\/2018\/05\/Patax\u00f3-e-Puri.jpg 449w\" sizes=\"auto, (max-width: 300px) 100vw, 300px\" \/><\/p>\n<p style=\"text-align: justify;\">Aconteceu no CEDEFES (Centro de Documenta\u00e7\u00e3o Eloy Ferreira da Silva &#8211; www.cedefes.org.br ), em Belo Horizonte\/MG,\u00a0 no dia 23\/4\/2018, uma Roda de Conversa com o tema: \u201cDireitos Ind\u00edgenas e a quest\u00e3o ambiental: partilhando reflex\u00f5es para a luta\u201d.\u00a0 V\u00e1rias lideran\u00e7as ind\u00edgenas participaram do evento, que contou tamb\u00e9m com a participa\u00e7\u00e3o da Professora Dra. Alenice Baeta, Historiadora e Arque\u00f3loga, e outros\/as integrantes do CEDEFES, do Frei Gilvander Moreira, pela CPT-MG (Comiss\u00e3o Pastoral da Terra), entre outros\/as. Nesse v\u00eddeo, a 1\u00aa parte do\u00a0 registro de graves den\u00fancias de lideran\u00e7as ind\u00edgenas:\u00a0 assassinatos de ind\u00edgenas,\u00a0 preconceito e\u00a0 viol\u00eancia que os ind\u00edgenas t\u00eam sofrido na regi\u00e3o metropolitana de Belo Horizonte e\u00a0 dificuldades que enfrentam para expor e vender seu artesanato e usar o transporte p\u00fablico..<\/p>\n<p style=\"text-align: justify;\">*Filmagem de frei Gilvander Moreira, da CPT, das CEBs e do CEBI. Edi\u00e7\u00e3o de N\u00e1dia Oliveira, da Equipe de Comunica\u00e7\u00e3o da CPT\/MG. Belo Horizonte\/MG, 23\/4\/2018.<\/p>\n<p style=\"text-align: justify;\">* Inscreva-se no You Tube, no Canal Frei Gilvander Luta pela Terra e por Direitos, no link: https:\/\/www.youtube.com\/user\/fgilvander e assista a outros v\u00eddeos de luta por direitos sociais. Se assistir e gostar, compartilhe. Sugerimos.<\/p>\n<p>#freigilvander<\/p>\n<div class=\"epyt-video-wrapper\"><iframe loading=\"lazy\"  id=\"_ytid_36619\"  width=\"810\" height=\"456\"  data-origwidth=\"810\" data-origheight=\"456\" src=\"https:\/\/www.youtube.com\/embed\/H60HuMfg2Dk?enablejsapi=1&#038;autoplay=0&#038;cc_load_policy=0&#038;cc_lang_pref=&#038;iv_load_policy=1&#038;loop=0&#038;rel=1&#038;fs=1&#038;playsinline=0&#038;autohide=2&#038;theme=dark&#038;color=red&#038;controls=1&#038;disablekb=0&#038;\" class=\"__youtube_prefs__  epyt-is-override  no-lazyload\" title=\"YouTube player\"  allow=\"fullscreen; accelerometer; autoplay; clipboard-write; encrypted-media; gyroscope; picture-in-picture; web-share\" referrerpolicy=\"strict-origin-when-cross-origin\" allowfullscreen data-no-lazy=\"1\" data-skipgform_ajax_framebjll=\"\"><\/iframe><\/div>\n","protected":false},"excerpt":{"rendered":"<p>NO CEDEFES\/BH: IND\u00cdGENAS EM BELO HORIZONTE\/MG: PRECONCEITO, DISCRIMINA\u00c7\u00c3O E VIOL\u00caNCIA. 1\u00aa PARTE \u2013\u00a0 23\/4\/2018. Aconteceu no CEDEFES (Centro de Documenta\u00e7\u00e3o Eloy Ferreira da Silva &#8211; www.cedefes.org.br ), em Belo Horizonte\/MG,\u00a0 no dia 23\/4\/2018, uma Roda<\/p>\n","protected":false},"author":2,"featured_media":2014,"comment_status":"open","ping_status":"open","sticky":false,"template":"","format":"standard","meta":{"footnotes":""},"categories":[27,25,29,32,18],"tags":[],"class_list":["post-2013","post","type-post","status-publish","format-standard","has-post-thumbnail","hentry","category-direitos-humanos","category-luta-pela-terra-e-reforma-agraria","category-movimentos-sociais-populares","category-videos","category-videos-de-frei-gilvander"],"_links":{"self":[{"href":"http:\/\/gilvander.org.br\/site\/wp-json\/wp\/v2\/posts\/2013","targetHints":{"allow":["GET"]}}],"collection":[{"href":"http:\/\/gilvander.org.br\/site\/wp-json\/wp\/v2\/posts"}],"about":[{"href":"http:\/\/gilvander.org.br\/site\/wp-json\/wp\/v2\/types\/post"}],"author":[{"embeddable":true,"href":"http:\/\/gilvander.org.br\/site\/wp-json\/wp\/v2\/users\/2"}],"replies":[{"embeddable":true,"href":"http:\/\/gilvander.org.br\/site\/wp-json\/wp\/v2\/comments?post=2013"}],"version-history":[{"count":1,"href":"http:\/\/gilvander.org.br\/site\/wp-json\/wp\/v2\/posts\/2013\/revisions"}],"predecessor-version":[{"id":2015,"href":"http:\/\/gilvander.org.br\/site\/wp-json\/wp\/v2\/posts\/2013\/revisions\/2015"}],"wp:featuredmedia":[{"embeddable":true,"href":"http:\/\/gilvander.org.br\/site\/wp-json\/wp\/v2\/media\/2014"}],"wp:attachment":[{"href":"http:\/\/gilvander.org.br\/site\/wp-json\/wp\/v2\/media?parent=2013"}],"wp:term":[{"taxonomy":"category","embeddable":true,"href":"http:\/\/gilvander.org.br\/site\/wp-json\/wp\/v2\/categories?post=2013"},{"taxonomy":"post_tag","embeddable":true,"href":"http:\/\/gilvander.org.br\/site\/wp-json\/wp\/v2\/tags?post=2013"}],"curies":[{"name":"wp","href":"https:\/\/api.w.org\/{rel}","templated":true}]}}