{"id":2023,"date":"2018-05-26T11:01:32","date_gmt":"2018-05-26T14:01:32","guid":{"rendered":"http:\/\/gilvander.org.br\/site\/?p=2023"},"modified":"2018-05-26T11:01:32","modified_gmt":"2018-05-26T14:01:32","slug":"luta-dos-indigenas-em-belo-horizonte-mg-o-direito-a-sua-identidade-a-sua-cultura-cedefes-2a-parte-23-4-2018","status":"publish","type":"post","link":"http:\/\/gilvander.org.br\/site\/luta-dos-indigenas-em-belo-horizonte-mg-o-direito-a-sua-identidade-a-sua-cultura-cedefes-2a-parte-23-4-2018\/","title":{"rendered":"Luta dos ind\u00edgenas em Belo Horizonte, MG: o direito \u00e0 sua identidade, \u00e0 sua cultura. CEDEFES \u2013 2\u00aa Parte \u2013 23\/4\/2018."},"content":{"rendered":"<p><strong>Luta dos ind\u00edgenas em Belo Horizonte, MG: o direito \u00e0 sua identidade, \u00e0 sua cultura. CEDEFES \u2013 2\u00aa Parte \u2013 23\/4\/2018.<\/strong><\/p>\n<p><img loading=\"lazy\" decoding=\"async\" class=\"size-medium wp-image-2024 alignleft\" src=\"http:\/\/gilvander.org.br\/site\/wp-content\/uploads\/2018\/05\/debate-cedefes-750x410-300x164.jpg\" alt=\"\" width=\"300\" height=\"164\" srcset=\"http:\/\/gilvander.org.br\/site\/wp-content\/uploads\/2018\/05\/debate-cedefes-750x410-300x164.jpg 300w, http:\/\/gilvander.org.br\/site\/wp-content\/uploads\/2018\/05\/debate-cedefes-750x410.jpg 750w\" sizes=\"auto, (max-width: 300px) 100vw, 300px\" \/><\/p>\n<p style=\"text-align: justify;\">Terras roubadas, exterm\u00ednio de etnias, destrui\u00e7\u00e3o da cultura ind\u00edgena, escravid\u00e3o&#8230; Como se n\u00e3o bastassem tantas agress\u00f5es ao longo da hist\u00f3ria, ainda hoje, os ind\u00edgenas precisam lutar todos os dias contra o preconceito e a ignor\u00e2ncia. Em Belo Horizonte, MG, povos ind\u00edgenas decidem unir-se, denunciar os maltratos sofridos e lutar pelo direito \u00e0 cidade e de nela viver a sua identidade, sua cultura, sem serem perseguidos pela Pol\u00edcia Militar de Minas Gerais, sem serem violentados pela discrimina\u00e7\u00e3o e consequente exclus\u00e3o. Essa viola\u00e7\u00e3o de direitos de que s\u00e3o v\u00edtimas os ind\u00edgenas na capital mineira foi um dos pontos principais abordados na Roda de Conversa realizada no CEDEFES (Centro de Documenta\u00e7\u00e3o Eloy Ferreira da Silva &#8211; www.cedefes.org.br ),em Belo Horizonte\/MG, no dia 23\/4\/2018, que teve como tema: \u201cDireitos Ind\u00edgenas e a quest\u00e3o ambiental: partilhando reflex\u00f5es para a luta\u201d e contou com a participa\u00e7\u00e3o de v\u00e1rias lideran\u00e7as ind\u00edgenas, da Professora Dra. Alenice Baeta, Historiadora e Arque\u00f3loga, e outros\/as integrantes do CEDEFES, do frei Gilvander Moreira, da CPT-MG, do Pablo, da FUNAI (Funda\u00e7\u00e3o Nacional do \u00cdndio), entre outros.<\/p>\n<p style=\"text-align: justify;\">*Filmagem de frei Gilvander Moreira, da CPT, das CEBs e do CEBI. Edi\u00e7\u00e3o de N\u00e1dia Oliveira, da Equipe de Comunica\u00e7\u00e3o da CPT-MG. Belo Horizonte\/MG, 23 de abril de 2018.<\/p>\n<p style=\"text-align: justify;\">* Inscreva-se no You Tube, no Canal Frei Gilvander Luta pela Terra e por Direitos, no link: <a href=\"https:\/\/www.youtube.com\/user\/fgilvander\">https:\/\/www.youtube.com\/user\/fgilvander<\/a> e assista a outros v\u00eddeos de luta por direitos sociais. Se assistir e gostar, compartilhe. Sugerimos.<\/p>\n<p>#freigilvander<\/p>\n<div class=\"epyt-video-wrapper\"><iframe loading=\"lazy\"  id=\"_ytid_37635\"  width=\"810\" height=\"456\"  data-origwidth=\"810\" data-origheight=\"456\" src=\"https:\/\/www.youtube.com\/embed\/e-JuHQ4tNbQ?enablejsapi=1&#038;autoplay=0&#038;cc_load_policy=0&#038;cc_lang_pref=&#038;iv_load_policy=1&#038;loop=0&#038;rel=1&#038;fs=1&#038;playsinline=0&#038;autohide=2&#038;theme=dark&#038;color=red&#038;controls=1&#038;disablekb=0&#038;\" class=\"__youtube_prefs__  epyt-is-override  no-lazyload\" title=\"YouTube player\"  allow=\"fullscreen; accelerometer; autoplay; clipboard-write; encrypted-media; gyroscope; picture-in-picture; web-share\" referrerpolicy=\"strict-origin-when-cross-origin\" allowfullscreen data-no-lazy=\"1\" data-skipgform_ajax_framebjll=\"\"><\/iframe><\/div>\n","protected":false},"excerpt":{"rendered":"<p>Luta dos ind\u00edgenas em Belo Horizonte, MG: o direito \u00e0 sua identidade, \u00e0 sua cultura. CEDEFES \u2013 2\u00aa Parte \u2013 23\/4\/2018. Terras roubadas, exterm\u00ednio de etnias, destrui\u00e7\u00e3o da cultura ind\u00edgena, escravid\u00e3o&#8230; Como se n\u00e3o bastassem<\/p>\n","protected":false},"author":2,"featured_media":2024,"comment_status":"open","ping_status":"open","sticky":false,"template":"","format":"standard","meta":{"footnotes":""},"categories":[25,29,20,32,18],"tags":[],"class_list":["post-2023","post","type-post","status-publish","format-standard","has-post-thumbnail","hentry","category-luta-pela-terra-e-reforma-agraria","category-movimentos-sociais-populares","category-noticia","category-videos","category-videos-de-frei-gilvander"],"_links":{"self":[{"href":"http:\/\/gilvander.org.br\/site\/wp-json\/wp\/v2\/posts\/2023","targetHints":{"allow":["GET"]}}],"collection":[{"href":"http:\/\/gilvander.org.br\/site\/wp-json\/wp\/v2\/posts"}],"about":[{"href":"http:\/\/gilvander.org.br\/site\/wp-json\/wp\/v2\/types\/post"}],"author":[{"embeddable":true,"href":"http:\/\/gilvander.org.br\/site\/wp-json\/wp\/v2\/users\/2"}],"replies":[{"embeddable":true,"href":"http:\/\/gilvander.org.br\/site\/wp-json\/wp\/v2\/comments?post=2023"}],"version-history":[{"count":1,"href":"http:\/\/gilvander.org.br\/site\/wp-json\/wp\/v2\/posts\/2023\/revisions"}],"predecessor-version":[{"id":2025,"href":"http:\/\/gilvander.org.br\/site\/wp-json\/wp\/v2\/posts\/2023\/revisions\/2025"}],"wp:featuredmedia":[{"embeddable":true,"href":"http:\/\/gilvander.org.br\/site\/wp-json\/wp\/v2\/media\/2024"}],"wp:attachment":[{"href":"http:\/\/gilvander.org.br\/site\/wp-json\/wp\/v2\/media?parent=2023"}],"wp:term":[{"taxonomy":"category","embeddable":true,"href":"http:\/\/gilvander.org.br\/site\/wp-json\/wp\/v2\/categories?post=2023"},{"taxonomy":"post_tag","embeddable":true,"href":"http:\/\/gilvander.org.br\/site\/wp-json\/wp\/v2\/tags?post=2023"}],"curies":[{"name":"wp","href":"https:\/\/api.w.org\/{rel}","templated":true}]}}