{"id":2026,"date":"2018-05-26T18:38:00","date_gmt":"2018-05-26T21:38:00","guid":{"rendered":"http:\/\/gilvander.org.br\/site\/?p=2026"},"modified":"2018-05-26T18:38:00","modified_gmt":"2018-05-26T21:38:00","slug":"acampamento-cigano-sao-pedro-clamor-dos-ciganos-por-terra-e-direitos-em-ibirite-mg-25-5-2018","status":"publish","type":"post","link":"http:\/\/gilvander.org.br\/site\/acampamento-cigano-sao-pedro-clamor-dos-ciganos-por-terra-e-direitos-em-ibirite-mg-25-5-2018\/","title":{"rendered":"Acampamento Cigano S\u00e3o Pedro: clamor dos ciganos por terra e direitos, em Ibirit\u00e9\/MG. 25\/5\/2018."},"content":{"rendered":"<p><strong>Acampamento Cigano S\u00e3o Pedro: clamor dos ciganos por terra e direitos, em Ibirit\u00e9\/MG. 25\/5\/2018.<\/strong><\/p>\n<p><img loading=\"lazy\" decoding=\"async\" class=\"size-medium wp-image-2027 alignleft\" src=\"http:\/\/gilvander.org.br\/site\/wp-content\/uploads\/2018\/05\/Ciganos-em-Ibirit\u00e9-25-5-2018-300x225.jpg\" alt=\"\" width=\"300\" height=\"225\" srcset=\"http:\/\/gilvander.org.br\/site\/wp-content\/uploads\/2018\/05\/Ciganos-em-Ibirit\u00e9-25-5-2018-300x225.jpg 300w, http:\/\/gilvander.org.br\/site\/wp-content\/uploads\/2018\/05\/Ciganos-em-Ibirit\u00e9-25-5-2018-768x576.jpg 768w, http:\/\/gilvander.org.br\/site\/wp-content\/uploads\/2018\/05\/Ciganos-em-Ibirit\u00e9-25-5-2018.jpg 960w\" sizes=\"auto, (max-width: 300px) 100vw, 300px\" \/><\/p>\n<p style=\"text-align: justify;\">H\u00e1, aproximadamente, 7 anos, ocupando um terreno que estava abandonado, coberto por lixo e entulhos, a Comunidade Cigana do Acampamento Cigano S\u00e3o Pedro, em Ibirit\u00e9, regi\u00e3o metropolitana de Belo Horizonte\/MG, encontra-se sob amea\u00e7a iminente de despejo, com liminar de reintegra\u00e7\u00e3o de posse concedida pelo Juiz Omar, da 1\u00aa Vara C\u00edvel de Ibirit\u00e9 \u00e0 Prefeitura do munic\u00edpio. Essa a\u00e7\u00e3o da Prefeitura contradiz o compromisso assumido com a Comunidade Cigana de que lhes seria assegurado um local com infraestrutura adequada para sua perman\u00eancia. \u00c9 inadmiss\u00edvel que essa reintegra\u00e7\u00e3o de posse tenha como objetivo a doa\u00e7\u00e3o do terreno para duas empresas, sem garantir terreno adequado para as fam\u00edlias ciganas que ali est\u00e3o. O povo cigano, comunidade tradicional de cultura milenar, tem que ter respeitada sua dignidade, seus direitos e deve ser tratado com o devido respeito pelo Poder P\u00fablico. A Rede de Apoio, formada pelo CEDEFES (Centro de Documenta\u00e7\u00e3o Eloy Ferreira da Silva), pela CPT-MG (Comiss\u00e3o Pastoral da Terra), pela Associa\u00e7\u00e3o Nacional das Etnias Ciganas do Brasil, pelo Programa Di\u00e1logos Comunit\u00e1rios (em parceria com o Minist\u00e9rio P\u00fablico\/MG), por Advogadas e Advogadas Populares, pelo Minist\u00e9rio P\u00fablico Federal, entre outros, mobiliza-se em defesa da Comunidade Cigana S\u00e3o Pedro. Todo apoio e solidariedade ao Povo Cigano nessa luta por respeito aos seus direitos, \u00e0 sua dignidade!<\/p>\n<p style=\"text-align: justify;\">*Filmagem feita por Valdinalva Barbosa Caldas, da Comunidade Cigana S\u00e3o Pedro.<\/p>\n<p style=\"text-align: justify;\">Apoio: Frei Gilvander Moreira, da CPT, das CEBs e do CEBI. Edi\u00e7\u00e3o de N\u00e1dia Oliveira, da Equipe de Comunica\u00e7\u00e3o do CPT-MG. Ibirit\u00e9\/MG, 25 de maio de 2018.<\/p>\n<p style=\"text-align: justify;\">* Inscreva-se no You Tube, no Canal Frei Gilvander Luta pela Terra e por Direitos, no link: <a href=\"https:\/\/www.youtube.com\/user\/fgilvander\">https:\/\/www.youtube.com\/user\/fgilvander<\/a> e assista a outros v\u00eddeos de luta por direitos sociais. Se assistir e gostar, compartilhe. Sugerimos.<\/p>\n<p>#freigilvander<\/p>\n<div class=\"epyt-video-wrapper\"><iframe loading=\"lazy\"  id=\"_ytid_40797\"  width=\"810\" height=\"456\"  data-origwidth=\"810\" data-origheight=\"456\" src=\"https:\/\/www.youtube.com\/embed\/O8YKemkBSXk?enablejsapi=1&#038;autoplay=0&#038;cc_load_policy=0&#038;cc_lang_pref=&#038;iv_load_policy=1&#038;loop=0&#038;rel=1&#038;fs=1&#038;playsinline=0&#038;autohide=2&#038;theme=dark&#038;color=red&#038;controls=1&#038;disablekb=0&#038;\" class=\"__youtube_prefs__  epyt-is-override  no-lazyload\" title=\"YouTube player\"  allow=\"fullscreen; accelerometer; autoplay; clipboard-write; encrypted-media; gyroscope; picture-in-picture; web-share\" referrerpolicy=\"strict-origin-when-cross-origin\" allowfullscreen data-no-lazy=\"1\" data-skipgform_ajax_framebjll=\"\"><\/iframe><\/div>\n","protected":false},"excerpt":{"rendered":"<p>Acampamento Cigano S\u00e3o Pedro: clamor dos ciganos por terra e direitos, em Ibirit\u00e9\/MG. 25\/5\/2018. H\u00e1, aproximadamente, 7 anos, ocupando um terreno que estava abandonado, coberto por lixo e entulhos, a Comunidade Cigana do Acampamento Cigano<\/p>\n","protected":false},"author":2,"featured_media":2027,"comment_status":"open","ping_status":"open","sticky":false,"template":"","format":"standard","meta":{"footnotes":""},"categories":[27,30,28,25,29,32,18],"tags":[],"class_list":["post-2026","post","type-post","status-publish","format-standard","has-post-thumbnail","hentry","category-direitos-humanos","category-fe-e-politica","category-luta-pela-moradia","category-luta-pela-terra-e-reforma-agraria","category-movimentos-sociais-populares","category-videos","category-videos-de-frei-gilvander"],"_links":{"self":[{"href":"http:\/\/gilvander.org.br\/site\/wp-json\/wp\/v2\/posts\/2026","targetHints":{"allow":["GET"]}}],"collection":[{"href":"http:\/\/gilvander.org.br\/site\/wp-json\/wp\/v2\/posts"}],"about":[{"href":"http:\/\/gilvander.org.br\/site\/wp-json\/wp\/v2\/types\/post"}],"author":[{"embeddable":true,"href":"http:\/\/gilvander.org.br\/site\/wp-json\/wp\/v2\/users\/2"}],"replies":[{"embeddable":true,"href":"http:\/\/gilvander.org.br\/site\/wp-json\/wp\/v2\/comments?post=2026"}],"version-history":[{"count":1,"href":"http:\/\/gilvander.org.br\/site\/wp-json\/wp\/v2\/posts\/2026\/revisions"}],"predecessor-version":[{"id":2028,"href":"http:\/\/gilvander.org.br\/site\/wp-json\/wp\/v2\/posts\/2026\/revisions\/2028"}],"wp:featuredmedia":[{"embeddable":true,"href":"http:\/\/gilvander.org.br\/site\/wp-json\/wp\/v2\/media\/2027"}],"wp:attachment":[{"href":"http:\/\/gilvander.org.br\/site\/wp-json\/wp\/v2\/media?parent=2026"}],"wp:term":[{"taxonomy":"category","embeddable":true,"href":"http:\/\/gilvander.org.br\/site\/wp-json\/wp\/v2\/categories?post=2026"},{"taxonomy":"post_tag","embeddable":true,"href":"http:\/\/gilvander.org.br\/site\/wp-json\/wp\/v2\/tags?post=2026"}],"curies":[{"name":"wp","href":"https:\/\/api.w.org\/{rel}","templated":true}]}}