{"id":2046,"date":"2018-05-27T12:06:02","date_gmt":"2018-05-27T15:06:02","guid":{"rendered":"http:\/\/gilvander.org.br\/site\/?p=2046"},"modified":"2018-05-27T12:06:02","modified_gmt":"2018-05-27T15:06:02","slug":"acampamento-cigano-de-sao-pedro-em-ibirite-mg-a-voz-da-mulher-pelo-direito-a-terra-e-a-moradia-por-respeito-a-dignidade-humana-26-5-2018","status":"publish","type":"post","link":"http:\/\/gilvander.org.br\/site\/acampamento-cigano-de-sao-pedro-em-ibirite-mg-a-voz-da-mulher-pelo-direito-a-terra-e-a-moradia-por-respeito-a-dignidade-humana-26-5-2018\/","title":{"rendered":"Acampamento Cigano de S\u00e3o Pedro, em Ibirit\u00e9\/MG: A Voz da Mulher pelo direito \u00e0 terra e \u00e0 moradia, por respeito \u00e0 dignidade humana. 26\/5\/2018."},"content":{"rendered":"<p><strong>Acampamento Cigano de S\u00e3o Pedro, em Ibirit\u00e9\/MG: A Voz da Mulher pelo direito \u00e0 terra e \u00e0 moradia, por respeito \u00e0 dignidade humana. 26\/5\/2018.<\/strong><\/p>\n<p><img loading=\"lazy\" decoding=\"async\" class=\"size-medium wp-image-2047 alignleft\" src=\"http:\/\/gilvander.org.br\/site\/wp-content\/uploads\/2018\/05\/Ciganos-em-Ibirit\u00e9-2-25-5-2018-1-300x169.jpg\" alt=\"\" width=\"300\" height=\"169\" srcset=\"http:\/\/gilvander.org.br\/site\/wp-content\/uploads\/2018\/05\/Ciganos-em-Ibirit\u00e9-2-25-5-2018-1-300x169.jpg 300w, http:\/\/gilvander.org.br\/site\/wp-content\/uploads\/2018\/05\/Ciganos-em-Ibirit\u00e9-2-25-5-2018-1-768x432.jpg 768w, http:\/\/gilvander.org.br\/site\/wp-content\/uploads\/2018\/05\/Ciganos-em-Ibirit\u00e9-2-25-5-2018-1.jpg 960w\" sizes=\"auto, (max-width: 300px) 100vw, 300px\" \/><\/p>\n<p style=\"text-align: justify;\">As 12 fam\u00edlias do Acampamento Cigano de S\u00e3o Pedro, em Ibirit\u00e9, regi\u00e3o metropolitana de Belo Horizonte, vivem momentos de ang\u00fastia e tens\u00e3o, sob amea\u00e7a iminente de despejo, com liminar de reintegra\u00e7\u00e3o de posse concedida \u00e0 Prefeitura do munic\u00edpio,\u00a0 pela 1\u00aa Vara C\u00edvel de Ibirit\u00e9. Essa determina\u00e7\u00e3o judicial \u00e9 injusta, inconstitucional e fere gravemente o Estatuto dos Povos Ciganos, que garante a essas fam\u00edlias o direito inviol\u00e1vel\u00a0 de seus acampamentos, onde pousam em\u00a0 moradia. O terreno onde encontram-se acampadas h\u00e1, aproximadamente, 7 anos, estava ocioso, abandonado,\u00a0 sem cumprir qualquer fun\u00e7\u00e3o social, e servia para dep\u00f3sito de lixo e entulhos. Ao contr\u00e1rio do que afirma a Prefeitura, n\u00e3o se trata de \u00e1rea verde. Se assim fosse, como se justifica a pretens\u00e3o da doa\u00e7\u00e3o do terreno, pela Prefeitura, a duas empresas?\u00a0 Ao requerer o despejo dessas 12 fam\u00edlias, entre elas, crian\u00e7as, jovens e idosos, a Prefeitura n\u00e3o ofereceu nenhuma alternativa pr\u00e9via digna de terreno adequado para seu acampamento, evidenciando o desrespeito e o descaso do Poder P\u00fablico para com essa Comunidade Cigana, comunidade tradicional. Omitindo-se de sua obriga\u00e7\u00e3o governamental de zelar pelo bem comum e, nesse caso em particular, de desenvolver pol\u00edticas p\u00fablicas voltadas tamb\u00e9m para a Comunidade Cigana, a Prefeitura de Ibirit\u00e9 refor\u00e7a a discrimina\u00e7\u00e3o, a viol\u00eancia social e moral, a exclus\u00e3o do Povo Cigano; pr\u00e1ticas que devem ser combatidas por toda a sociedade e que s\u00e3o inadmiss\u00edveis, sobretudo, por parte dos que assumem a gest\u00e3o p\u00fablica. Nesse v\u00eddeo, a voz da mulher pelo direito \u00e0 terra e \u00e0 moradia das fam\u00edlias do Acampamento Cigano de S\u00e3o Pedro, em Ibirit\u00e9,MG, e por respeito \u00e0 sua dignidade humana, com os depoimentos indignados de Valdinalva Barbosa Caldas, lideran\u00e7a dessa Comunidade Cigana,\u00a0 e da Professora Dra. Alenice Baeta, Historiadora e Arque\u00f3loga, do CEDEFES (Centro de Documenta\u00e7\u00e3o Eloy Ferreira da Silva).<\/p>\n<p style=\"text-align: justify;\">* Filmagem de Valdinalva Barbosa Caldas, do Acampamento Cigano de S\u00e3o Pedro, e da Professora Dra. Alenice Baeta, do CEDEFES (Centro de Documenta\u00e7\u00e3o Eloy Ferreira da Silva). Apoio: Frei Gilvander Moreira, da CPT, das CEBs e do CEBI. Edi\u00e7\u00e3o de N\u00e1dia Oliveira, da Equipe de Comunica\u00e7\u00e3o da CPT\/MG.<\/p>\n<p style=\"text-align: justify;\">* Inscreva-se no You Tube, no Canal Frei Gilvander Luta pela Terra e por Direitos, no link: https:\/\/www.youtube.com\/user\/fgilvander e assista a outros v\u00eddeos de luta por direitos sociais. Se assistir e gostar, compartilhe. Sugerimos.<\/p>\n<p>#FreiGilvander<\/p>\n<div class=\"epyt-video-wrapper\"><iframe loading=\"lazy\"  id=\"_ytid_94306\"  width=\"810\" height=\"456\"  data-origwidth=\"810\" data-origheight=\"456\" src=\"https:\/\/www.youtube.com\/embed\/JXypSm4aFfA?enablejsapi=1&#038;autoplay=0&#038;cc_load_policy=0&#038;cc_lang_pref=&#038;iv_load_policy=1&#038;loop=0&#038;rel=1&#038;fs=1&#038;playsinline=0&#038;autohide=2&#038;theme=dark&#038;color=red&#038;controls=1&#038;disablekb=0&#038;\" class=\"__youtube_prefs__  epyt-is-override  no-lazyload\" title=\"YouTube player\"  allow=\"fullscreen; accelerometer; autoplay; clipboard-write; encrypted-media; gyroscope; picture-in-picture; web-share\" referrerpolicy=\"strict-origin-when-cross-origin\" allowfullscreen data-no-lazy=\"1\" data-skipgform_ajax_framebjll=\"\"><\/iframe><\/div>\n","protected":false},"excerpt":{"rendered":"<p>Acampamento Cigano de S\u00e3o Pedro, em Ibirit\u00e9\/MG: A Voz da Mulher pelo direito \u00e0 terra e \u00e0 moradia, por respeito \u00e0 dignidade humana. 26\/5\/2018. As 12 fam\u00edlias do Acampamento Cigano de S\u00e3o Pedro, em Ibirit\u00e9,<\/p>\n","protected":false},"author":2,"featured_media":2047,"comment_status":"open","ping_status":"open","sticky":false,"template":"","format":"standard","meta":{"footnotes":""},"categories":[28,25,29,32,18],"tags":[],"class_list":["post-2046","post","type-post","status-publish","format-standard","has-post-thumbnail","hentry","category-luta-pela-moradia","category-luta-pela-terra-e-reforma-agraria","category-movimentos-sociais-populares","category-videos","category-videos-de-frei-gilvander"],"_links":{"self":[{"href":"http:\/\/gilvander.org.br\/site\/wp-json\/wp\/v2\/posts\/2046","targetHints":{"allow":["GET"]}}],"collection":[{"href":"http:\/\/gilvander.org.br\/site\/wp-json\/wp\/v2\/posts"}],"about":[{"href":"http:\/\/gilvander.org.br\/site\/wp-json\/wp\/v2\/types\/post"}],"author":[{"embeddable":true,"href":"http:\/\/gilvander.org.br\/site\/wp-json\/wp\/v2\/users\/2"}],"replies":[{"embeddable":true,"href":"http:\/\/gilvander.org.br\/site\/wp-json\/wp\/v2\/comments?post=2046"}],"version-history":[{"count":1,"href":"http:\/\/gilvander.org.br\/site\/wp-json\/wp\/v2\/posts\/2046\/revisions"}],"predecessor-version":[{"id":2048,"href":"http:\/\/gilvander.org.br\/site\/wp-json\/wp\/v2\/posts\/2046\/revisions\/2048"}],"wp:featuredmedia":[{"embeddable":true,"href":"http:\/\/gilvander.org.br\/site\/wp-json\/wp\/v2\/media\/2047"}],"wp:attachment":[{"href":"http:\/\/gilvander.org.br\/site\/wp-json\/wp\/v2\/media?parent=2046"}],"wp:term":[{"taxonomy":"category","embeddable":true,"href":"http:\/\/gilvander.org.br\/site\/wp-json\/wp\/v2\/categories?post=2046"},{"taxonomy":"post_tag","embeddable":true,"href":"http:\/\/gilvander.org.br\/site\/wp-json\/wp\/v2\/tags?post=2046"}],"curies":[{"name":"wp","href":"https:\/\/api.w.org\/{rel}","templated":true}]}}