{"id":2050,"date":"2018-05-28T21:37:44","date_gmt":"2018-05-29T00:37:44","guid":{"rendered":"http:\/\/gilvander.org.br\/site\/?p=2050"},"modified":"2018-05-28T21:37:44","modified_gmt":"2018-05-29T00:37:44","slug":"terra-e-moradia-entregues-aos-bois-que-injustica-na-ocupacao-nova-jerusalem-em-nova-serrana-mg-27-5-2018","status":"publish","type":"post","link":"http:\/\/gilvander.org.br\/site\/terra-e-moradia-entregues-aos-bois-que-injustica-na-ocupacao-nova-jerusalem-em-nova-serrana-mg-27-5-2018\/","title":{"rendered":"Terra e moradia entregues aos bois. Que injusti\u00e7a! Na Ocupa\u00e7\u00e3o Nova Jerusal\u00e9m, em Nova Serrana, MG. 27\/5\/2018."},"content":{"rendered":"<p><strong>Terra e moradia entregues aos bois. Que injusti\u00e7a! Na Ocupa\u00e7\u00e3o Nova Jerusal\u00e9m, em Nova Serrana, MG. 27\/5\/2018.<\/strong><\/p>\n<p><img loading=\"lazy\" decoding=\"async\" class=\"size-medium wp-image-2051 alignleft\" src=\"http:\/\/gilvander.org.br\/site\/wp-content\/uploads\/2018\/05\/Canta-Galo-e-Nova-Serrana-300x169.jpg\" alt=\"\" width=\"300\" height=\"169\" srcset=\"http:\/\/gilvander.org.br\/site\/wp-content\/uploads\/2018\/05\/Canta-Galo-e-Nova-Serrana-300x169.jpg 300w, http:\/\/gilvander.org.br\/site\/wp-content\/uploads\/2018\/05\/Canta-Galo-e-Nova-Serrana-768x432.jpg 768w, http:\/\/gilvander.org.br\/site\/wp-content\/uploads\/2018\/05\/Canta-Galo-e-Nova-Serrana.jpg 960w\" sizes=\"auto, (max-width: 300px) 100vw, 300px\" \/><\/p>\n<p style=\"text-align: justify;\">As fam\u00edlias da Ocupa\u00e7\u00e3o-Comunidade Nova Jerusal\u00e9m reocuparam, dia 24\/5\/2018, a Fazenda Canta Galo, em Nova Serrana, regi\u00e3o centro-oeste de Minas Gerais, da qual foram despejadas, injustamente, dia 26\/4\/2018. Desde essa data aguardando uma posi\u00e7\u00e3o do Governo do Estado de Minas Gerais, acampadas nas margens do rio Par\u00e1, expostas ao frio intenso e a doen\u00e7as, passando por necessidades diversas, as fam\u00edlias decidiram pela reocupa\u00e7\u00e3o, retornando ao que restou de suas moradias e \u00e0 terra que por direito lhes pertence. A ordem judicial de\u00a0 reintegra\u00e7\u00e3o de posse concedida \u00e0 Prefeitura\u00a0 de Nova Serrana, sob o argumento (absurdo) de que a \u00e1rea seria destinada ao\u00a0 Cons\u00f3rcio Intermunicipal de Aterro Sanit\u00e1rio, e ali seria instalado esse Aterro (Lix\u00e3o), na verdade atendeu a interesses particulares dos Prefeitos e seus afetos, j\u00e1 que, com o despejo das fam\u00edlias, a \u00e1rea que ocupavam continua totalmente disponibilizada aos bois de aliados de prefeitos. Toda a planta\u00e7\u00e3o, todos os alimentos produzidos pelas fam\u00edlias que ali estavam h\u00e1 mais de seis anos, foram destru\u00eddos e muitas de suas casas foram arrombadas e\/ou demolidas, embora a decis\u00e3o judicial exigisse a preserva\u00e7\u00e3o das casas.\u00a0 A pergunta feita por uma moradora da Ocupa\u00e7\u00e3o \u00e9 tamb\u00e9m de toda a Rede de Apoio, e exige uma resposta do Poder P\u00fablico: \u201cO que \u00e9 mais importante pra voc\u00eas: um ser humano ou um boi?\u201d<\/p>\n<p style=\"text-align: justify;\">*Filmagem feita por Luciana, moradora da Ocupa\u00e7\u00e3o-Comunidade Nova Jerusal\u00e9m, em Nova Serrana\/MG. Apoio: Frei Gilvander Moreira, da CPT, das CEBs e do CEBI. Edi\u00e7\u00e3o de N\u00e1dia Oliveira, da Equipe de Comunica\u00e7\u00e3o da CPT-MG. Nova Serrana\/MG, 27\/5\/2018.<\/p>\n<p style=\"text-align: justify;\">* Inscreva-se no You Tube, no Canal Frei Gilvander Luta pela Terra e por Direitos, no link: https:\/\/www.youtube.com\/user\/fgilvander e assista a outros v\u00eddeos de luta por direitos sociais. Se assistir e gostar, compartilhe. Sugerimos.<\/p>\n<p>#FreiGilvander<\/p>\n<div class=\"epyt-video-wrapper\"><iframe loading=\"lazy\"  id=\"_ytid_23524\"  width=\"810\" height=\"456\"  data-origwidth=\"810\" data-origheight=\"456\" src=\"https:\/\/www.youtube.com\/embed\/-541JQU1pp0?enablejsapi=1&#038;autoplay=0&#038;cc_load_policy=0&#038;cc_lang_pref=&#038;iv_load_policy=1&#038;loop=0&#038;rel=1&#038;fs=1&#038;playsinline=0&#038;autohide=2&#038;theme=dark&#038;color=red&#038;controls=1&#038;disablekb=0&#038;\" class=\"__youtube_prefs__  epyt-is-override  no-lazyload\" title=\"YouTube player\"  allow=\"fullscreen; accelerometer; autoplay; clipboard-write; encrypted-media; gyroscope; picture-in-picture; web-share\" referrerpolicy=\"strict-origin-when-cross-origin\" allowfullscreen data-no-lazy=\"1\" data-skipgform_ajax_framebjll=\"\"><\/iframe><\/div>\n","protected":false},"excerpt":{"rendered":"<p>Terra e moradia entregues aos bois. Que injusti\u00e7a! Na Ocupa\u00e7\u00e3o Nova Jerusal\u00e9m, em Nova Serrana, MG. 27\/5\/2018. As fam\u00edlias da Ocupa\u00e7\u00e3o-Comunidade Nova Jerusal\u00e9m reocuparam, dia 24\/5\/2018, a Fazenda Canta Galo, em Nova Serrana, regi\u00e3o centro-oeste<\/p>\n","protected":false},"author":2,"featured_media":2051,"comment_status":"open","ping_status":"open","sticky":false,"template":"","format":"standard","meta":{"footnotes":""},"categories":[27,30,28,25,29,32,18],"tags":[],"class_list":["post-2050","post","type-post","status-publish","format-standard","has-post-thumbnail","hentry","category-direitos-humanos","category-fe-e-politica","category-luta-pela-moradia","category-luta-pela-terra-e-reforma-agraria","category-movimentos-sociais-populares","category-videos","category-videos-de-frei-gilvander"],"_links":{"self":[{"href":"http:\/\/gilvander.org.br\/site\/wp-json\/wp\/v2\/posts\/2050","targetHints":{"allow":["GET"]}}],"collection":[{"href":"http:\/\/gilvander.org.br\/site\/wp-json\/wp\/v2\/posts"}],"about":[{"href":"http:\/\/gilvander.org.br\/site\/wp-json\/wp\/v2\/types\/post"}],"author":[{"embeddable":true,"href":"http:\/\/gilvander.org.br\/site\/wp-json\/wp\/v2\/users\/2"}],"replies":[{"embeddable":true,"href":"http:\/\/gilvander.org.br\/site\/wp-json\/wp\/v2\/comments?post=2050"}],"version-history":[{"count":1,"href":"http:\/\/gilvander.org.br\/site\/wp-json\/wp\/v2\/posts\/2050\/revisions"}],"predecessor-version":[{"id":2052,"href":"http:\/\/gilvander.org.br\/site\/wp-json\/wp\/v2\/posts\/2050\/revisions\/2052"}],"wp:featuredmedia":[{"embeddable":true,"href":"http:\/\/gilvander.org.br\/site\/wp-json\/wp\/v2\/media\/2051"}],"wp:attachment":[{"href":"http:\/\/gilvander.org.br\/site\/wp-json\/wp\/v2\/media?parent=2050"}],"wp:term":[{"taxonomy":"category","embeddable":true,"href":"http:\/\/gilvander.org.br\/site\/wp-json\/wp\/v2\/categories?post=2050"},{"taxonomy":"post_tag","embeddable":true,"href":"http:\/\/gilvander.org.br\/site\/wp-json\/wp\/v2\/tags?post=2050"}],"curies":[{"name":"wp","href":"https:\/\/api.w.org\/{rel}","templated":true}]}}