{"id":2151,"date":"2018-06-12T22:39:54","date_gmt":"2018-06-13T01:39:54","guid":{"rendered":"http:\/\/gilvander.org.br\/site\/?p=2151"},"modified":"2018-06-12T22:39:54","modified_gmt":"2018-06-13T01:39:54","slug":"comunidade-cigana-da-lagoa-de-santo-antonio-em-pedro-leopoldo-mg-clamores-por-direitos-10-6-2018","status":"publish","type":"post","link":"http:\/\/gilvander.org.br\/site\/comunidade-cigana-da-lagoa-de-santo-antonio-em-pedro-leopoldo-mg-clamores-por-direitos-10-6-2018\/","title":{"rendered":"Comunidade Cigana da Lagoa de Santo Ant\u00f4nio, em Pedro Leopoldo, MG: clamores por direitos. 10\/6\/2018."},"content":{"rendered":"<p><strong>Comunidade Cigana da Lagoa de Santo Ant\u00f4nio, em Pedro Leopoldo, MG: clamores por direitos. 10\/6\/2018.<\/strong><\/p>\n<p><img loading=\"lazy\" decoding=\"async\" class=\"size-medium wp-image-2152 alignleft\" src=\"http:\/\/gilvander.org.br\/site\/wp-content\/uploads\/2018\/06\/Pedro-Leopoldo-MG-Ciganos-6-10-6-2018-300x300.jpg\" alt=\"\" width=\"300\" height=\"300\" srcset=\"http:\/\/gilvander.org.br\/site\/wp-content\/uploads\/2018\/06\/Pedro-Leopoldo-MG-Ciganos-6-10-6-2018-300x300.jpg 300w, http:\/\/gilvander.org.br\/site\/wp-content\/uploads\/2018\/06\/Pedro-Leopoldo-MG-Ciganos-6-10-6-2018-150x150.jpg 150w, http:\/\/gilvander.org.br\/site\/wp-content\/uploads\/2018\/06\/Pedro-Leopoldo-MG-Ciganos-6-10-6-2018-768x768.jpg 768w, http:\/\/gilvander.org.br\/site\/wp-content\/uploads\/2018\/06\/Pedro-Leopoldo-MG-Ciganos-6-10-6-2018.jpg 960w\" sizes=\"auto, (max-width: 300px) 100vw, 300px\" \/><\/p>\n<p style=\"text-align: justify;\">Aus\u00eancia de pol\u00edticas p\u00fablicas \u00e9 um desrespeito aos direitos da Comunidade Cigana. Reza o Art, 5\u00ba da Constitui\u00e7\u00e3o Brasileira de 1988 que \u201cTODOS s\u00e3o iguais perante a Lei, sem distin\u00e7\u00e3o de qualquer natureza, garantindo-se aos brasileiros e aos estrangeiros residentes no Pa\u00eds a inviolabilidade do direito \u00e0 vida, \u00e0 liberdade, \u00e0 igualdade, \u00e0 seguran\u00e7a e \u00e0 propriedade.\u201d Este, portanto, \u00e9 apenas um dos tantos direitos garantidos, por Lei, tamb\u00e9m aos povos ciganos do Brasil. Entretanto, em Pedro Leopoldo, regi\u00e3o metropolitana de Belo Horizonte, MG, a Prefeitura parece desconhecer a Lei e nada faz para que a Comunidade Cigana do Acampamento Cigano de Lagoa de Santo Ant\u00f4nio tenha acesso aos servi\u00e7os p\u00fablicos que garantam qualidade de vida com sa\u00fade, bem-estar e, sobretudo, dignidade. No entorno da Lagoa de Santo Ant\u00f4nio, o que se v\u00ea \u00e9 um cen\u00e1rio de descaso e de agress\u00e3o \u00e0s fam\u00edlias, especificamente, e ao Meio Ambiente. Tem-se a impress\u00e3o, pela tubula\u00e7\u00e3o aberta, e com interior f\u00e9tido, que esgoto est\u00e1 sendo despejado na Lagoa de Santo Ant\u00f4nio, o que \u00e9 inadmiss\u00edvel. As fam\u00edlias vivem no Acampamento sem condi\u00e7\u00f5es sanit\u00e1rias adequadas, expostas a doen\u00e7as pela falta de \u00e1gua pot\u00e1vel e pela polui\u00e7\u00e3o da Lagoa. A\u00e7\u00f5es urgentes s\u00e3o necess\u00e1rias no local, no sentido de se criar condi\u00e7\u00f5es dignas de perman\u00eancia e tamb\u00e9m em rela\u00e7\u00e3o \u00e0 assist\u00eancia \u00e0s fam\u00edlias, possibilitando-lhes o acesso \u00e0s pol\u00edticas p\u00fablicas necess\u00e1rias e, al\u00e9m disso, faz-se necess\u00e1rio desenvolver pol\u00edticas p\u00fablicas espec\u00edficas \u00e0s Comunidades Ciganas, assegurando-lhes seus direitos fundamentais, tais como terreno adequado para suas moradias, atendimento de sa\u00fade, educa\u00e7\u00e3o, assist\u00eancia social, ambiental, garantindo rede de \u00e1gua, energia e saneamento, inclusive. H\u00e1 toda uma Rede de Apoio mobilizada na luta pelos direitos das Comunidades Ciganas, composta Pela Associa\u00e7\u00e3o Nacional dos Ciganos (ANEC), CEDEFES (Centro de Documenta\u00e7\u00e3o Eloy Ferreira da Silva), CPT (Comiss\u00e3o Pastoral da Terra), MLB (Movimento de Luta nos Bairros, Vilas e Favelas), MPF (Minist\u00e9rio P\u00fablico Federal), Defensorias Estadual e da Uni\u00e3o, advogadas e advogados populares da RENAP (Rede Nacional de Advogadas e Advogados Populares), Professores e estudantes Universit\u00e1rios, dentre outros. Mexeu com os ciganos, mexeu com muitas for\u00e7as vivas! Respeito aos povos ciganos, sempre!<\/p>\n<p style=\"text-align: justify;\">*V\u00eddeos originais, \u00e1udios e fotos da Professora Dra. Alenice Baeta, historiadora e arque\u00f3loga, membro integrante do CEDEFES.<\/p>\n<p style=\"text-align: justify;\">Apoio: Frei Gilvander Moreira, da CPT, das CEBs e do CEBI. Edi\u00e7\u00e3o de N\u00e1dia Oliveira, da Equipe de Comunica\u00e7\u00e3o da CPT-MG. Pedro Leopoldo, MG, 10\/6\/2018.<\/p>\n<p style=\"text-align: justify;\">* Inscreva-se no You Tube, no Canal Frei Gilvander Luta pela Terra e por Direitos, no link: <a href=\"https:\/\/www.youtube.com\/user\/fgilvander\">https:\/\/www.youtube.com\/user\/fgilvander<\/a> e assista a outros v\u00eddeos de luta por direitos sociais. Se assistir e gostar, compartilhe. Sugerimos.<\/p>\n<p><a href=\"https:\/\/www.youtube.com\/results?search_query=%23FreiGilvander\">#FreiGilvander<\/a><\/p>\n<div class=\"epyt-video-wrapper\"><iframe loading=\"lazy\"  id=\"_ytid_58227\"  width=\"810\" height=\"456\"  data-origwidth=\"810\" data-origheight=\"456\" src=\"https:\/\/www.youtube.com\/embed\/wv0QEukpky0?enablejsapi=1&#038;autoplay=0&#038;cc_load_policy=0&#038;cc_lang_pref=&#038;iv_load_policy=1&#038;loop=0&#038;rel=1&#038;fs=1&#038;playsinline=0&#038;autohide=2&#038;theme=dark&#038;color=red&#038;controls=1&#038;disablekb=0&#038;\" class=\"__youtube_prefs__  epyt-is-override  no-lazyload\" title=\"YouTube player\"  allow=\"fullscreen; accelerometer; autoplay; clipboard-write; encrypted-media; gyroscope; picture-in-picture; web-share\" referrerpolicy=\"strict-origin-when-cross-origin\" allowfullscreen data-no-lazy=\"1\" data-skipgform_ajax_framebjll=\"\"><\/iframe><\/div>\n","protected":false},"excerpt":{"rendered":"<p>Comunidade Cigana da Lagoa de Santo Ant\u00f4nio, em Pedro Leopoldo, MG: clamores por direitos. 10\/6\/2018. Aus\u00eancia de pol\u00edticas p\u00fablicas \u00e9 um desrespeito aos direitos da Comunidade Cigana. Reza o Art, 5\u00ba da Constitui\u00e7\u00e3o Brasileira de<\/p>\n","protected":false},"author":2,"featured_media":2152,"comment_status":"open","ping_status":"open","sticky":false,"template":"","format":"standard","meta":{"footnotes":""},"categories":[27,28,25,29,32,18],"tags":[],"class_list":["post-2151","post","type-post","status-publish","format-standard","has-post-thumbnail","hentry","category-direitos-humanos","category-luta-pela-moradia","category-luta-pela-terra-e-reforma-agraria","category-movimentos-sociais-populares","category-videos","category-videos-de-frei-gilvander"],"_links":{"self":[{"href":"http:\/\/gilvander.org.br\/site\/wp-json\/wp\/v2\/posts\/2151","targetHints":{"allow":["GET"]}}],"collection":[{"href":"http:\/\/gilvander.org.br\/site\/wp-json\/wp\/v2\/posts"}],"about":[{"href":"http:\/\/gilvander.org.br\/site\/wp-json\/wp\/v2\/types\/post"}],"author":[{"embeddable":true,"href":"http:\/\/gilvander.org.br\/site\/wp-json\/wp\/v2\/users\/2"}],"replies":[{"embeddable":true,"href":"http:\/\/gilvander.org.br\/site\/wp-json\/wp\/v2\/comments?post=2151"}],"version-history":[{"count":1,"href":"http:\/\/gilvander.org.br\/site\/wp-json\/wp\/v2\/posts\/2151\/revisions"}],"predecessor-version":[{"id":2153,"href":"http:\/\/gilvander.org.br\/site\/wp-json\/wp\/v2\/posts\/2151\/revisions\/2153"}],"wp:featuredmedia":[{"embeddable":true,"href":"http:\/\/gilvander.org.br\/site\/wp-json\/wp\/v2\/media\/2152"}],"wp:attachment":[{"href":"http:\/\/gilvander.org.br\/site\/wp-json\/wp\/v2\/media?parent=2151"}],"wp:term":[{"taxonomy":"category","embeddable":true,"href":"http:\/\/gilvander.org.br\/site\/wp-json\/wp\/v2\/categories?post=2151"},{"taxonomy":"post_tag","embeddable":true,"href":"http:\/\/gilvander.org.br\/site\/wp-json\/wp\/v2\/tags?post=2151"}],"curies":[{"name":"wp","href":"https:\/\/api.w.org\/{rel}","templated":true}]}}