{"id":2268,"date":"2018-07-03T10:30:36","date_gmt":"2018-07-03T13:30:36","guid":{"rendered":"http:\/\/gilvander.org.br\/site\/?p=2268"},"modified":"2018-07-03T10:30:36","modified_gmt":"2018-07-03T13:30:36","slug":"mst-mg-lanca-campanha-de-30-anos-com-mais-uma-ocupacao-nas-terras-de-eike-batista-em-igarape-mg","status":"publish","type":"post","link":"http:\/\/gilvander.org.br\/site\/mst-mg-lanca-campanha-de-30-anos-com-mais-uma-ocupacao-nas-terras-de-eike-batista-em-igarape-mg\/","title":{"rendered":"MST\/MG lan\u00e7a Campanha de 30 anos com mais uma ocupa\u00e7\u00e3o nas terras de Eike Batista, em Igarap\u00e9, MG."},"content":{"rendered":"<p><strong>MST\/MG lan\u00e7a Campanha de 30 anos com mais uma ocupa\u00e7\u00e3o nas terras de Eike Batista, em Igarap\u00e9, MG.<\/strong><\/p>\n<p><img loading=\"lazy\" decoding=\"async\" class=\"size-medium wp-image-2269 alignleft\" src=\"http:\/\/gilvander.org.br\/site\/wp-content\/uploads\/2018\/07\/MST-em-Igarap\u00e9-MG-03-7-2018-300x169.jpg\" alt=\"\" width=\"300\" height=\"169\" srcset=\"http:\/\/gilvander.org.br\/site\/wp-content\/uploads\/2018\/07\/MST-em-Igarap\u00e9-MG-03-7-2018-300x169.jpg 300w, http:\/\/gilvander.org.br\/site\/wp-content\/uploads\/2018\/07\/MST-em-Igarap\u00e9-MG-03-7-2018-768x432.jpg 768w, http:\/\/gilvander.org.br\/site\/wp-content\/uploads\/2018\/07\/MST-em-Igarap\u00e9-MG-03-7-2018.jpg 960w\" sizes=\"auto, (max-width: 300px) 100vw, 300px\" \/><\/p>\n<p style=\"text-align: justify;\">Na madrugada desta ter\u00e7a-feira, 03\/7\/2018, cerca de 400 fam\u00edlias do MST ocuparam mais uma \u00e1rea da empresa em processo de fal\u00eancia, MMX, pertencente ao corrupto Eike Batista. A fazenda est\u00e1 localizada no munic\u00edpio de Igarap\u00e9. A a\u00e7\u00e3o inicia a campanha de mem\u00f3ria do movimento, \u201c30 anos de MST em Minas Gerais, semeando e alimentando a ousadia\u201d.<\/p>\n<p style=\"text-align: justify;\">\u201c\u00c9 na pr\u00e1tica da ocupa\u00e7\u00e3o que demonstramos nosso compromisso com a resist\u00eancia contra o golpe, com a luta pela terra e contra as elites que entregam nossos bens naturais de presente ao capital internacional\u201d, explica Mirinha Muniz, da Dire\u00e7\u00e3o Estadual do MST. Sabemos que esse empres\u00e1rio possui mais de 10 mil hectares de terra no entorno de Belo Horizonte. \u201cAqui temos o exemplo dos danos causados por essa empresa falida: a minera\u00e7\u00e3o ao lado da \u00e1gua, degradando o meio ambiente, enquanto a terra que poderia ser produtiva est\u00e1 abandonada\u201d, completa a dirigente.<\/p>\n<p style=\"text-align: justify;\">Ap\u00f3s tr\u00eas d\u00e9cadas organizando a luta pela terra, pela reforma agr\u00e1ria e pela transforma\u00e7\u00e3o social, o MST em Minas Gerais possui 42 assentamentos, 4 cooperativas de produ\u00e7\u00e3o e comercializa\u00e7\u00e3o, 41 acampamentos e tr\u00eas mil fam\u00edlias acampadas. \u201cNossa trajet\u00f3ria \u00e9 vitoriosa. Diante da conjuntura conturbada que vivemos no pa\u00eds, achamos que este \u00e9 o momento de resgatar as nossas mem\u00f3rias, entender o passado para apontar os nossos pr\u00f3ximos passos. E n\u00e3o temos d\u00favida de que nosso futuro \u00e9 de luta\u201d, afirma Wagner Vieira, da Dire\u00e7\u00e3o Estadual do MST.<\/p>\n<p style=\"text-align: justify;\">No dia 02 de julho de 1999, o MST realizava a primeira ocupa\u00e7\u00e3o na regi\u00e3o Metropolitana de Minas Gerais, no munic\u00edpio de Betim. Atualmente o assentamento, que leva a data de sua ocupa\u00e7\u00e3o como nome, possui 63 fam\u00edlias e uma vasta produ\u00e7\u00e3o de hortali\u00e7as agroecol\u00f3gicas, frutas, mandioca, milho, galinha caipira, entre outros. A campanha dos 30 anos segue com a\u00e7\u00f5es nas 9 regionais onde o MST est\u00e1 organizado. A ocupa\u00e7\u00e3o tamb\u00e9m \u00e9 uma homenagem ao militante do movimento Jos\u00e9 Nunes, o Zequinha, que faleceu na \u00faltima sexta-feira, 22\/6\/2018.<\/p>\n<p><strong>Mais informa\u00e7\u00f5es:\u00a0<\/strong><\/p>\n<p>Cel. (32) 99806-0686, com Geanini Hackbardt<\/p>\n<p><img loading=\"lazy\" decoding=\"async\" class=\"alignnone size-medium wp-image-2270\" src=\"http:\/\/gilvander.org.br\/site\/wp-content\/uploads\/2018\/07\/MST-em-Igarap\u00e9-MG-2-03-7-2018-300x225.jpg\" alt=\"\" width=\"300\" height=\"225\" srcset=\"http:\/\/gilvander.org.br\/site\/wp-content\/uploads\/2018\/07\/MST-em-Igarap\u00e9-MG-2-03-7-2018-300x225.jpg 300w, http:\/\/gilvander.org.br\/site\/wp-content\/uploads\/2018\/07\/MST-em-Igarap\u00e9-MG-2-03-7-2018-768x576.jpg 768w, http:\/\/gilvander.org.br\/site\/wp-content\/uploads\/2018\/07\/MST-em-Igarap\u00e9-MG-2-03-7-2018.jpg 960w\" sizes=\"auto, (max-width: 300px) 100vw, 300px\" \/><\/p>\n","protected":false},"excerpt":{"rendered":"<p>MST\/MG lan\u00e7a Campanha de 30 anos com mais uma ocupa\u00e7\u00e3o nas terras de Eike Batista, em Igarap\u00e9, MG. Na madrugada desta ter\u00e7a-feira, 03\/7\/2018, cerca de 400 fam\u00edlias do MST ocuparam mais uma \u00e1rea da empresa<\/p>\n","protected":false},"author":2,"featured_media":2269,"comment_status":"open","ping_status":"open","sticky":false,"template":"","format":"standard","meta":{"footnotes":""},"categories":[27,25,29,33],"tags":[],"class_list":["post-2268","post","type-post","status-publish","format-standard","has-post-thumbnail","hentry","category-direitos-humanos","category-luta-pela-terra-e-reforma-agraria","category-movimentos-sociais-populares","category-nota-publica"],"_links":{"self":[{"href":"http:\/\/gilvander.org.br\/site\/wp-json\/wp\/v2\/posts\/2268","targetHints":{"allow":["GET"]}}],"collection":[{"href":"http:\/\/gilvander.org.br\/site\/wp-json\/wp\/v2\/posts"}],"about":[{"href":"http:\/\/gilvander.org.br\/site\/wp-json\/wp\/v2\/types\/post"}],"author":[{"embeddable":true,"href":"http:\/\/gilvander.org.br\/site\/wp-json\/wp\/v2\/users\/2"}],"replies":[{"embeddable":true,"href":"http:\/\/gilvander.org.br\/site\/wp-json\/wp\/v2\/comments?post=2268"}],"version-history":[{"count":1,"href":"http:\/\/gilvander.org.br\/site\/wp-json\/wp\/v2\/posts\/2268\/revisions"}],"predecessor-version":[{"id":2271,"href":"http:\/\/gilvander.org.br\/site\/wp-json\/wp\/v2\/posts\/2268\/revisions\/2271"}],"wp:featuredmedia":[{"embeddable":true,"href":"http:\/\/gilvander.org.br\/site\/wp-json\/wp\/v2\/media\/2269"}],"wp:attachment":[{"href":"http:\/\/gilvander.org.br\/site\/wp-json\/wp\/v2\/media?parent=2268"}],"wp:term":[{"taxonomy":"category","embeddable":true,"href":"http:\/\/gilvander.org.br\/site\/wp-json\/wp\/v2\/categories?post=2268"},{"taxonomy":"post_tag","embeddable":true,"href":"http:\/\/gilvander.org.br\/site\/wp-json\/wp\/v2\/tags?post=2268"}],"curies":[{"name":"wp","href":"https:\/\/api.w.org\/{rel}","templated":true}]}}