{"id":2288,"date":"2018-07-06T11:22:04","date_gmt":"2018-07-06T14:22:04","guid":{"rendered":"http:\/\/gilvander.org.br\/site\/?p=2288"},"modified":"2018-07-06T11:27:42","modified_gmt":"2018-07-06T14:27:42","slug":"retomada-indigena-aldeia-kamaka-grayra-na-fucam-em-esmeraldas-mg-luta-legitima-pelo-direito-a-terra-3a-parte-06-6-2018","status":"publish","type":"post","link":"http:\/\/gilvander.org.br\/site\/retomada-indigena-aldeia-kamaka-grayra-na-fucam-em-esmeraldas-mg-luta-legitima-pelo-direito-a-terra-3a-parte-06-6-2018\/","title":{"rendered":"Retomada Ind\u00edgena Aldeia Kamak\u00e3 Grayra, na FUCAM, em Esmeraldas, MG: Luta leg\u00edtima pelo direito \u00e0 terra. 3\u00aa Parte. 06\/6\/2018."},"content":{"rendered":"<p style=\"font-weight: 400;\"><strong>Retomada Ind\u00edgena Aldeia Kamak\u00e3 Grayra, na FUCAM, em Esmeraldas, MG: Luta leg\u00edtima pelo direito \u00e0 terra. 3\u00aa Parte. 06\/6\/2018.<\/strong><\/p>\n<figure id=\"attachment_2289\" aria-describedby=\"caption-attachment-2289\" style=\"width: 300px\" class=\"wp-caption alignleft\"><img loading=\"lazy\" decoding=\"async\" class=\"wp-image-2289 size-medium\" src=\"http:\/\/gilvander.org.br\/site\/wp-content\/uploads\/2018\/07\/Marinalva-ind\u00edgna-na-FUCAM-300x169.jpg\" alt=\"\" width=\"300\" height=\"169\" srcset=\"http:\/\/gilvander.org.br\/site\/wp-content\/uploads\/2018\/07\/Marinalva-ind\u00edgna-na-FUCAM-300x169.jpg 300w, http:\/\/gilvander.org.br\/site\/wp-content\/uploads\/2018\/07\/Marinalva-ind\u00edgna-na-FUCAM-768x432.jpg 768w, http:\/\/gilvander.org.br\/site\/wp-content\/uploads\/2018\/07\/Marinalva-ind\u00edgna-na-FUCAM-1024x576.jpg 1024w, http:\/\/gilvander.org.br\/site\/wp-content\/uploads\/2018\/07\/Marinalva-ind\u00edgna-na-FUCAM.jpg 1280w\" sizes=\"auto, (max-width: 300px) 100vw, 300px\" \/><figcaption id=\"caption-attachment-2289\" class=\"wp-caption-text\">A cacica Marinalva e o vice-cacique Merong e outras duas ind\u00edgenas da Aldeia Kamak\u00e3 Grayra, em Esmeraldas, MG, dia 06\/6\/2018. Foto: G. L. Moreira.<\/figcaption><\/figure>\n<p style=\"font-weight: 400; text-align: justify;\">H\u00e1 um ano e meio, no dia 1\u00ba de janeiro de 2017, dezenas de fam\u00edlias ind\u00edgenas, que moravam antes na Regi\u00e3o Metropolitana de Belo Horizonte, MG &#8211; expulsas de seus territ\u00f3rios e sobrevivendo em di\u00e1spora for\u00e7ada -, apoiadas pela Associa\u00e7\u00e3o dos Povos Ind\u00edgenas de Belo Horizonte e Regi\u00e3o Metropolitana (APIBHRM), ocuparam parte de uma das tr\u00eas fazendas da FUCAM (Funda\u00e7\u00e3o Educacional Caio Martins), Fazenda Santa Tereza, no munic\u00edpio de Esmeraldas, RMBH, fazenda de propriedade do Governo de Minas Gerais. Na \u00e9poca da retomada, essa fazenda e as outras duas fazendas da FUCAM encontravam-se totalmente abandonada, sem cumprir sua fun\u00e7\u00e3o social, e essa situa\u00e7\u00e3o s\u00f3 foi alterada ap\u00f3s a retomada ind\u00edgena, quando, ent\u00e3o, o Governo de Minas Gerais preocupou-se em desenvolver, ali, algumas a\u00e7\u00f5es. Essa retomada ind\u00edgena deu origem \u00e0 Aldeia Kamak\u00e3 Grayra, em homenagem \u00e0 Jacinta Grayra, \u00faltima ancestral a falar a l\u00edngua Kamak\u00e3. Na aldeia encontram-se 62 fam\u00edlias, com 264 ind\u00edgenas, que, cansados das injusti\u00e7as, da discrimina\u00e7\u00e3o, da viol\u00eancia e do preconceito sofridos na capital mineira, do descaso do Poder P\u00fablico em rela\u00e7\u00e3o a essa realidade, e tendo conhecimento, na Assembleia Legislativa de Minas Gerais, dessa extensa \u00e1rea, com benfeitorias abandonadas, decidiram por sua ocupa\u00e7\u00e3o, melhor dizendo, decidiram retomar do Estado de Minas Gerais as terras que, originariamente, lhes pertencem, por leg\u00edtimo direito. Nesse v\u00eddeo, a 3\u00aa e \u00faltima parte da reuni\u00e3o realizada no dia 06\/6\/2018, com lideran\u00e7as ind\u00edgenas da Aldeia Kamak\u00e3 Grayra e representantes da FUNAI (Funda\u00e7\u00e3o Nacional do \u00cdndio), do CEDEFES (Centro de Documenta\u00e7\u00e3o Eloy Ferreira da Silva) e da CPT-MG (Comiss\u00e3o Pastoral da Terra), em que s\u00e3o relatados mais detalhes da luta por essa retomada ind\u00edgena, incluindo a\u00e7\u00f5es concretas da FUNAI pela garantia desse direito ao territ\u00f3rio aos ind\u00edgenas. Nessa reuni\u00e3o, a FUNAI fez a Qualifica\u00e7\u00e3o da nova Aldeia, uma esp\u00e9cie de cadastro da realidade da nova aldeia. Faz-se necess\u00e1rio que o Governo do Estado de Minas Gerais, a dire\u00e7\u00e3o da FUCAM e a Mesa de Negocia\u00e7\u00e3o do Governo com as Ocupa\u00e7\u00f5es iniciem, com urg\u00eancia, um processo de negocia\u00e7\u00e3o s\u00e9rio, \u00e9tico e humano que reconhe\u00e7a a legitimidade da Retomada Ind\u00edgena Kamak\u00e3 Grayra, em Esmeraldas, MG e efetue a Concess\u00e3o de Uso da terra para essa Comunidade Ind\u00edgena. Espera-se do Governo de Minas Gerais a celeridade nas a\u00e7\u00f5es, evitando qualquer forma de viol\u00eancia e repress\u00e3o aos ind\u00edgenas da RMBH; antes, e, sobretudo, reconhe\u00e7a o direito \u00e0 terra dos Povos Ind\u00edgenas e respeite sua dignidade. H\u00e1 toda uma vida pra ser (re)constru\u00edda, resgatada e vivida na Aldeia Kamak\u00e3 Grayra, em perfeita harmonia com a M\u00e3e Natureza que clama por cuidado e revitaliza\u00e7\u00e3o e tem nos ind\u00edgenas seus leg\u00edtimos e amorosos guardi\u00e3es.<\/p>\n<p style=\"font-weight: 400; text-align: justify;\">*Reportagem em v\u00eddeo de frei Gilvander Moreira, da CPT, das CEBs e do CEBI. Edi\u00e7\u00e3o de N\u00e1dia Oliveira, da Equipe de Comunica\u00e7\u00e3o da CPT-MG. Esmeraldas,MG, 06\/6\/2018. * Inscreva-se no You Tube, no Canal Frei Gilvander Luta pela Terra e por Direitos, no link:\u00a0<a href=\"https:\/\/www.youtube.com\/user\/fgilvander\">https:\/\/www.youtube.com\/user\/fgilvander<\/a>, acione o sininho, receba as notifica\u00e7\u00f5es de envio de v\u00eddeos e assista a outros v\u00eddeos de luta por direitos sociais. Se assistir e gostar, compartilhe. Sugerimos.<\/p>\n<p style=\"font-weight: 400;\"><a href=\"https:\/\/www.youtube.com\/results?search_query=%23FreiGilvander\">#FreiGilvander<\/a><\/p>\n<div class=\"epyt-video-wrapper\"><iframe loading=\"lazy\"  id=\"_ytid_73365\"  width=\"810\" height=\"456\"  data-origwidth=\"810\" data-origheight=\"456\" src=\"https:\/\/www.youtube.com\/embed\/9A3QZyUiP5E?enablejsapi=1&#038;autoplay=0&#038;cc_load_policy=0&#038;cc_lang_pref=&#038;iv_load_policy=1&#038;loop=0&#038;rel=1&#038;fs=1&#038;playsinline=0&#038;autohide=2&#038;theme=dark&#038;color=red&#038;controls=1&#038;disablekb=0&#038;\" class=\"__youtube_prefs__  epyt-is-override  no-lazyload\" title=\"YouTube player\"  allow=\"fullscreen; accelerometer; autoplay; clipboard-write; encrypted-media; gyroscope; picture-in-picture; web-share\" referrerpolicy=\"strict-origin-when-cross-origin\" allowfullscreen data-no-lazy=\"1\" data-skipgform_ajax_framebjll=\"\"><\/iframe><\/div>\n","protected":false},"excerpt":{"rendered":"<p>Retomada Ind\u00edgena Aldeia Kamak\u00e3 Grayra, na FUCAM, em Esmeraldas, MG: Luta leg\u00edtima pelo direito \u00e0 terra. 3\u00aa Parte. 06\/6\/2018. H\u00e1 um ano e meio, no dia 1\u00ba de janeiro de 2017, dezenas de fam\u00edlias ind\u00edgenas,<\/p>\n","protected":false},"author":2,"featured_media":2289,"comment_status":"open","ping_status":"open","sticky":false,"template":"","format":"standard","meta":{"footnotes":""},"categories":[39,27,28,25,29,32,18],"tags":[],"class_list":["post-2288","post","type-post","status-publish","format-standard","has-post-thumbnail","hentry","category-direitos-dos-povos-indigenas","category-direitos-humanos","category-luta-pela-moradia","category-luta-pela-terra-e-reforma-agraria","category-movimentos-sociais-populares","category-videos","category-videos-de-frei-gilvander"],"_links":{"self":[{"href":"http:\/\/gilvander.org.br\/site\/wp-json\/wp\/v2\/posts\/2288","targetHints":{"allow":["GET"]}}],"collection":[{"href":"http:\/\/gilvander.org.br\/site\/wp-json\/wp\/v2\/posts"}],"about":[{"href":"http:\/\/gilvander.org.br\/site\/wp-json\/wp\/v2\/types\/post"}],"author":[{"embeddable":true,"href":"http:\/\/gilvander.org.br\/site\/wp-json\/wp\/v2\/users\/2"}],"replies":[{"embeddable":true,"href":"http:\/\/gilvander.org.br\/site\/wp-json\/wp\/v2\/comments?post=2288"}],"version-history":[{"count":3,"href":"http:\/\/gilvander.org.br\/site\/wp-json\/wp\/v2\/posts\/2288\/revisions"}],"predecessor-version":[{"id":2292,"href":"http:\/\/gilvander.org.br\/site\/wp-json\/wp\/v2\/posts\/2288\/revisions\/2292"}],"wp:featuredmedia":[{"embeddable":true,"href":"http:\/\/gilvander.org.br\/site\/wp-json\/wp\/v2\/media\/2289"}],"wp:attachment":[{"href":"http:\/\/gilvander.org.br\/site\/wp-json\/wp\/v2\/media?parent=2288"}],"wp:term":[{"taxonomy":"category","embeddable":true,"href":"http:\/\/gilvander.org.br\/site\/wp-json\/wp\/v2\/categories?post=2288"},{"taxonomy":"post_tag","embeddable":true,"href":"http:\/\/gilvander.org.br\/site\/wp-json\/wp\/v2\/tags?post=2288"}],"curies":[{"name":"wp","href":"https:\/\/api.w.org\/{rel}","templated":true}]}}