{"id":2323,"date":"2018-07-15T21:43:07","date_gmt":"2018-07-16T00:43:07","guid":{"rendered":"http:\/\/gilvander.org.br\/site\/?p=2323"},"modified":"2018-07-15T21:48:45","modified_gmt":"2018-07-16T00:48:45","slug":"tributo-ao-tiaozinho-da-cpt-e-da-bio-saude-cristao-libertador","status":"publish","type":"post","link":"http:\/\/gilvander.org.br\/site\/tributo-ao-tiaozinho-da-cpt-e-da-bio-saude-cristao-libertador\/","title":{"rendered":"Tributo ao Ti\u00e3ozinho da CPT e da Bio-Sa\u00fade: Crist\u00e3o Libertador.\u00a0"},"content":{"rendered":"<p><strong>Tributo ao Ti\u00e3ozinho da CPT e da Bio-Sa\u00fade: Crist\u00e3o Libertador.\u00a0<\/strong>Por Aline Dias Ara\u00fajo<a href=\"#_ftn1\" name=\"_ftnref1\">[1]<\/a> e frei Gilvander Moreira<a href=\"#_ftn2\" name=\"_ftnref2\">[2]<\/a><\/p>\n<p><img loading=\"lazy\" decoding=\"async\" class=\"size-full wp-image-2324 alignleft\" src=\"http:\/\/gilvander.org.br\/site\/wp-content\/uploads\/2018\/07\/Ti\u00e3ozinho-sorrindo.jpg\" alt=\"\" width=\"230\" height=\"228\" srcset=\"http:\/\/gilvander.org.br\/site\/wp-content\/uploads\/2018\/07\/Ti\u00e3ozinho-sorrindo.jpg 230w, http:\/\/gilvander.org.br\/site\/wp-content\/uploads\/2018\/07\/Ti\u00e3ozinho-sorrindo-150x150.jpg 150w\" sizes=\"auto, (max-width: 230px) 100vw, 230px\" \/><\/p>\n<p style=\"text-align: justify;\">Se falarmos em Sebasti\u00e3o Clemente de Souza, pouca gente conhece, mas diga \u201cTi\u00e3ozinho da CPT\u201d ou \u201cTi\u00e3ozinho da Bio-Sa\u00fade\u201d e muita gente saber\u00e1 dizer quem \u00e9 e com certeza todos dir\u00e3o: \u201cpassou a vida toda fazendo o bem\u201d.<\/p>\n<p style=\"text-align: justify;\">Nascido dia 02 de fevereiro de 1965, o \u201cTi\u00e3ozinho das CEBs do noroeste de Minas, do STR de Brasil\u00e2ndia e Jo\u00e3o Pinheiro, da CPT e da Bio-Sa\u00fade, aos 53 anos, partiu, de repente, para a vida em plenitude, dia 13 de julho de 2018, uma sexta-feira, \u00e0s 12h, quando os ponteiros apontam para o infinito. Partiu para a eternidade de forma terna e viver\u00e1 tamb\u00e9m de forma indel\u00e9vel nas milhares de pessoas que tiveram a alegria e a responsabilidade de conviver com Ti\u00e3ozinho e lutar ao lado dele. Nas celebra\u00e7\u00f5es de corpo presente em Belo Horizonte, em Jo\u00e3o Pinheiro e em Brasil\u00e2ndia, todos eram un\u00e2nimes em dizer: \u201cTi\u00e3ozinho combateu o bom combate, perseverou na f\u00e9 libertadora, foi um verdadeiro crist\u00e3o\u201d.<\/p>\n<p style=\"text-align: justify;\">Roseli Augusto, da CPT-MG, por exemplo, emocionada, deu seu depoimento: \u201cEncontrei Ti\u00e3ozinho pelas primeiras vezes no in\u00edcio dos anos 1980, nos encontros de CEBs em Una\u00ed e Brasil\u00e2ndia. Atuou na equipe da CPT junto com Irma Z\u00e9lia, das Irm\u00e3s de Jesus Crucificado, no noroeste de Minas. Ajudou na cria\u00e7\u00e3o dos Sindicatos de Trabalhadores Rurais, lutou contra a viol\u00eancia agr\u00e1ria em uma das regi\u00f5es de maior trucul\u00eancia e dos mais extensos latif\u00fandios de Minas Gerais; viol\u00eancia que gerou o assassinato de muitas lideran\u00e7as como o Sr. J\u00falio Miranda, em 1984. Depois, Ti\u00e3ozinho descobriu a riqueza das a\u00e7\u00f5es da sa\u00fade alternativa, da homeopatia, fitoterapia e outros tratamentos alternativos para uma vida saud\u00e1vel. Nesse campo deu enorme contribui\u00e7\u00e3o e foi muito feliz. Fazia com amor esse trabalho. N\u00f3s lhe agradecemos e honraremos sempre sua mem\u00f3ria.\u201d<\/p>\n<p style=\"text-align: justify;\">Ti\u00e3ozinho viveu a vida inteiramente a servi\u00e7o dos irm\u00e3os oprimidos e injusti\u00e7ados: sem-terra, camponeses, posseiros, assalariados, aposentados, pessoas com problemas de sa\u00fade etc.<\/p>\n<p style=\"text-align: justify;\">Nascido no interior de Minas Gerais, na zona rural da cidade de Brasil\u00e2ndia de Minas, no noroeste de Minas, de fam\u00edlia de pequenos agricultores familiares, Ti\u00e3ozinho conheceu desde pequeno a vida dura e a realidade dos camponeses. Sentiu na pele e no pr\u00f3prio corpo o que \u00e9 ser negro e pobre neste nosso pa\u00eds elitista, latifundi\u00e1rio e discriminat\u00f3rio.<\/p>\n<p style=\"text-align: justify;\">Com uma humildade que desarmava os arrogantes, Ti\u00e3ozinho cativou uma multid\u00e3o de amigas e amigos, e desde crian\u00e7a descobriu que a vida s\u00f3 tem sentido quando colocada a servi\u00e7o do outro, do pr\u00f3ximo e, principalmente do outro injusti\u00e7ado e explorado. Ti\u00e3ozinho fazia isso com maestria e dedica\u00e7\u00e3o integral a todas as causas que abra\u00e7ava, sempre causas em defesa dos oprimidos. Com sabedoria, Ti\u00e3ozinho se colocava dispon\u00edvel, solid\u00e1rio a quem precisava. Ti\u00e3ozinho contribuiu decisivamente com a luta pela conquista da terra dos trabalhadores rurais de Brasil\u00e2ndia e de Jo\u00e3o Pinheiro.<\/p>\n<p style=\"text-align: justify;\">Junto com as irm\u00e3s de Jesus Crucificado, Ti\u00e3ozinho, como um Ap\u00f3stolo Paulo no nosso meio, fundou muitas CEBs no noroeste de Minas. De cora\u00e7\u00e3o generoso e humilde, sempre sorrindo, Ti\u00e3ozinho alegrava o povo das Comunidades Eclesiais de Base (CEBs) e nos alegrava com sua f\u00e9 viva, encarnada na vida, fazendo crer em um Jesus Cristo bem humano, \u00edntimo, presente no cotidiano da nossa realidade.<\/p>\n<p style=\"text-align: justify;\">Enquanto campon\u00eas nascido na ro\u00e7a, negro, cria das Comunidades Eclesiais de Base (CEBs), sob anima\u00e7\u00e3o e forma\u00e7\u00e3o das Irm\u00e3s de Jesus Crucificado, em Brasil\u00e2ndia e Una\u00ed, Ti\u00e3ozinho foi imprescind\u00edvel em Minas Gerais, em 1986 \u2013 ano em que o movimento social campon\u00eas estava fortemente mobilizado, pressionando e atuando nas discuss\u00f5es pr\u00f3-Constituinte, para inscrever na Constitui\u00e7\u00e3o de 1988 a desapropria\u00e7\u00e3o de latif\u00fandios para reforma agr\u00e1ria e a exig\u00eancia da fun\u00e7\u00e3o social da propriedade da terra -, foram criados os quatro primeiros assentamentos: PA Iturama, no munic\u00edpio de Limeira do Oeste, no pontal do Tri\u00e2ngulo Mineiro, com 117 fam\u00edlias, em 03 de setembro de 1986; e outros tr\u00eas assentamentos no noroeste de Minas. Ti\u00e3ozinho foi presen\u00e7a protagonista em todas essas lutas.<\/p>\n<p style=\"text-align: justify;\">A atua\u00e7\u00e3o de Ti\u00e3ozinho como integrante das CEBs, da CPT e do STR contribuiu para que o ber\u00e7o da luta pela terra em Minas Gerais fosse o noroeste do Estado, onde foi implementado \u00a0\u201co assentamento mais antigo de Arinos (e tamb\u00e9m o primeiro assentamento realizado pelo INCRA, em Minas Gerais, no ano de 1974), que recebeu o nome de Sagarana, nome dado por causa da rela\u00e7\u00e3o liter\u00e1ria existente entre a regi\u00e3o do Rio Urucuia e Jo\u00e3o Guimar\u00e3es Rosa\u201d (BATISTA, 2015, p. 49). O Projeto de Assentamento Sagarana fez parte do Projeto Integrado de Coloniza\u00e7\u00e3o (PIC) da ditadura militar-civil-empresarial.<\/p>\n<p style=\"text-align: justify;\">Tamb\u00e9m no noroeste de Minas, com a atua\u00e7\u00e3o do Ti\u00e3ozinho pela CPT (Comiss\u00e3o Pastoral da Terra), aconteceu um marco referencial na luta pela terra em Minas Gerais, que foi a desapropria\u00e7\u00e3o das fazendas Saco Grande e Palmeirinha, no munic\u00edpio de Una\u00ed, em 1984, Fruta D&#8217;Anta, no munic\u00edpio de Jo\u00e3o Pinheiro, em 1986, e Vereda Grande, no munic\u00edpio de Urucuia. As fazendas Saco Grande e Palmeirinha se tornaram PA Palmeirinha dia 01 de outubro de 1986, com 162 fam\u00edlias em 6146 hectares de \u00e1rea. Segundo dados do INCRA, de 2016, os camponeses Sem Terra no noroeste de Minas j\u00e1 conquistaram 77 assentamentos, gra\u00e7as tamb\u00e9m \u00e0 atua\u00e7\u00e3o do Ti\u00e3ozinho como agente da CPT.<\/p>\n<p style=\"text-align: justify;\">Em 2001, Ti\u00e3ozinho partiu do interior para a capital, e, em Belo Horizonte, ampliou seu c\u00edrculo de amizades e de luta, porque todos que conheciam Ti\u00e3ozinho queriam desfrutar de sua presen\u00e7a e de sua amizade. Contribuiu intensamente com a constru\u00e7\u00e3o e o desenvolvimento da Casa Bio-Sa\u00fade<a href=\"#_ftn3\" name=\"_ftnref3\">[3]<\/a>, durante 17 anos (de 2001 a 2018), na promo\u00e7\u00e3o da medicina preventiva, no trabalho da utiliza\u00e7\u00e3o de t\u00e9cnicas e terapias naturais acreditando que a sa\u00fade e a vida s\u00e3o bens preciosos e, portanto, era necess\u00e1rio militar tamb\u00e9m nesta causa.<\/p>\n<p style=\"text-align: justify;\">Ti\u00e3ozinho conseguiu ultrapassar as pr\u00f3prias limita\u00e7\u00f5es de ter estudado em escola rural e ter feito estudo supletivo para concluir o Ensino M\u00e9dio. Com muita luta, por meio do PROUNI, fez o curso de Fisioterapia no Centro Universit\u00e1rio Metodista Izabela Hendrix, onde foi estudante destaque sempre socializando com suas colegas seus in\u00fameros saberes nas \u00e1reas de sa\u00fade alternativa e natural.<\/p>\n<p style=\"text-align: justify;\">N\u00e3o sendo apenas da CPT e da Bio-Sa\u00fade, mas tamb\u00e9m das CEBs, do Sindicato dos\/as Trabalhadores\/ras Rurais de Brasil\u00e2ndia e Jo\u00e3o Pinheiro, do CEBI (Centro Ecum\u00eanico de Estudos B\u00edblicos), do Movimento Negro e da Luta dos Quilombolas etc., Ti\u00e3ozinho sempre soube a quem defender, onde exercer a sua milit\u00e2ncia, e seu jeito discreto n\u00e3o apagava sua consci\u00eancia pol\u00edtica e cidad\u00e3 revolucion\u00e1ria.<\/p>\n<p style=\"text-align: justify;\">Ti\u00e3ozinho colocou em pr\u00e1tica e vivenciou as bem-aventuran\u00e7as do Evangelho de Mateus 5,1-12. Sem vacilar, podemos afirmar como Jesus de Nazar\u00e9: \u201cFelizes\u00a0os <strong>pobres<\/strong>, como <strong>Ti\u00e3ozinho<\/strong>, porque deles \u00e9 o reino do c\u00e9u. Felizes os <strong>aflitos<\/strong>,\u00a0como <strong>Ti\u00e3ozinho<\/strong>, porque ser\u00e3o consolados. Felizes\u00a0os\u00a0<strong>humildes<\/strong>, como <strong>Ti\u00e3ozinho<\/strong>,\u00a0porque conquistar\u00e3o a terra. Felizes os que t\u00eam <strong>fome e sede de justi\u00e7a<\/strong>, como <strong>Ti\u00e3ozinho<\/strong>, porque ser\u00e3o saciados. Felizes os que s\u00e3o <strong>misericordiosos<\/strong>,\u00a0como <strong>Ti\u00e3ozinho<\/strong>, porque encontrar\u00e3o miseric\u00f3rdia. Felizes os <strong>puros de cora\u00e7\u00e3o<\/strong>,\u00a0como <strong>Ti\u00e3ozinho<\/strong>, porque ver\u00e3o a Deus. Felizes os que\u00a0<strong>constroem\u00a0a paz<\/strong>,\u00a0como <strong>Ti\u00e3ozinho<\/strong>, porque ser\u00e3o chamados filhos de Deus. Felizes os que s\u00e3o <strong>perseguidos por causa da justi\u00e7a<\/strong>,\u00a0como Ti\u00e3ozinho, porque deles \u00e9 o Reino do C\u00e9u. <strong>Felizes<\/strong>, voc\u00eas, como <strong>Ti\u00e3ozinho<\/strong>, se forem insultados e perseguidos, e se disserem todo tipo de cal\u00fania contra voc\u00eas, por causa de mim. Fiquem <strong>alegres e contentes<\/strong>,\u00a0como <strong>Ti\u00e3ozinho<\/strong>, porque ser\u00e1 grande para voc\u00eas a recompensa no c\u00e9u. Do\u00a0mesmo modo perseguiram os profetas que vieram antes de voc\u00eas.\u201d<\/p>\n<p style=\"text-align: justify;\">Feliz quem teve a alegria, a gra\u00e7a e a responsabilidade de conviver com Ti\u00e3ozinho e lutar ao lado dele por justi\u00e7a agr\u00e1ria, pelos direitos humanos, por sa\u00fade alternativa, naturista e hol\u00edstica. Que tenhamos a coragem que Ti\u00e3ozinho tinha para HONRARMOS o nome dele e o imenso legado espiritual, prof\u00e9tico e revolucion\u00e1rio que Ti\u00e3ozinho nos deixou.<\/p>\n<p style=\"text-align: justify;\">Vai com Deus, Ti\u00e3ozinho, mas voc\u00ea estar\u00e1 sempre em n\u00f3s, conosco. Nosso cora\u00e7\u00e3o chora sua aus\u00eancia f\u00edsica. N\u00e3o o temos mais diante de n\u00f3s. Voc\u00ea entrou em n\u00f3s, est\u00e1 em n\u00f3s! D\u00f3i muito saber que ficaremos sem voc\u00ea fisicamente, mas, onde estiver, com este cora\u00e7\u00e3o imenso e bondoso, voc\u00ea, Ti\u00e3ozinho, estar\u00e1 nos iluminando, nos inspirando e nos dando coragem e perseveran\u00e7a na luta pelo bem comum.<\/p>\n<p style=\"text-align: justify;\"><strong>Refer\u00eancia.<\/strong><\/p>\n<p style=\"text-align: justify;\">BATISTA, Elza Cristiny Carneiro. <strong>Trajet\u00f3rias escolares de jovens assentados: estudo em Arinos\/MG<\/strong>. (Disserta\u00e7\u00e3o de mestrado). Florian\u00f3polis: UFSC, 2015.<\/p>\n<p style=\"text-align: justify;\">Belo Horizonte e Jo\u00e3o Pinheiro, 15 de julho de 2018.<\/p>\n<p style=\"text-align: justify;\"><strong>Obs<\/strong>. 1: Esse texto \u00e9 apenas um pouco do muito que foi e fez o \u201cTi\u00e3ozinho da CPT e da Bio-Sa\u00fade\u201d. Quem com ele conviveu e lutou, sinta-se \u00e0 vontade para escrever algo sobre o imenso legado espiritual e prof\u00e9tico que ele nos deixou. Se escrever, envie-nos (e-mail: <a href=\"mailto:gilvanderlm@gmail.com\">gilvanderlm@gmail.com<\/a> , que com alegria publicaremos.<\/p>\n<p><strong>Obs<\/strong>. 2: Os v\u00eddeo, abaixo, confirmam o texto, acima.<\/p>\n<p><strong>1 &#8211; Ti\u00e3ozinho da Bio Sa\u00fade BH: A trajet\u00f3ria de uma luta. 1\u00aa Parte. Belo Horizonte\/MG, 30\/12\/2017.<\/strong><\/p>\n<div class=\"epyt-video-wrapper\"><iframe loading=\"lazy\"  id=\"_ytid_12383\"  width=\"810\" height=\"456\"  data-origwidth=\"810\" data-origheight=\"456\" src=\"https:\/\/www.youtube.com\/embed\/Z3pWHfljUe8?enablejsapi=1&#038;autoplay=0&#038;cc_load_policy=0&#038;cc_lang_pref=&#038;iv_load_policy=1&#038;loop=0&#038;rel=1&#038;fs=1&#038;playsinline=0&#038;autohide=2&#038;theme=dark&#038;color=red&#038;controls=1&#038;disablekb=0&#038;\" class=\"__youtube_prefs__  epyt-is-override  no-lazyload\" title=\"YouTube player\"  allow=\"fullscreen; accelerometer; autoplay; clipboard-write; encrypted-media; gyroscope; picture-in-picture; web-share\" referrerpolicy=\"strict-origin-when-cross-origin\" allowfullscreen data-no-lazy=\"1\" data-skipgform_ajax_framebjll=\"\"><\/iframe><\/div>\n<p><strong>2 &#8211; Ti\u00e3ozinho da Bio Sa\u00fade\/BH: A coragem de seguir Jesus \u2013 2\u00aa Parte \u2013 Belo Horizonte\/MG, 30\/12\/2017.<\/strong><\/p>\n<div class=\"epyt-video-wrapper\"><iframe loading=\"lazy\"  id=\"_ytid_68646\"  width=\"810\" height=\"456\"  data-origwidth=\"810\" data-origheight=\"456\" src=\"https:\/\/www.youtube.com\/embed\/viN2kFLwZw4?enablejsapi=1&#038;autoplay=0&#038;cc_load_policy=0&#038;cc_lang_pref=&#038;iv_load_policy=1&#038;loop=0&#038;rel=1&#038;fs=1&#038;playsinline=0&#038;autohide=2&#038;theme=dark&#038;color=red&#038;controls=1&#038;disablekb=0&#038;\" class=\"__youtube_prefs__  epyt-is-override  no-lazyload\" title=\"YouTube player\"  allow=\"fullscreen; accelerometer; autoplay; clipboard-write; encrypted-media; gyroscope; picture-in-picture; web-share\" referrerpolicy=\"strict-origin-when-cross-origin\" allowfullscreen data-no-lazy=\"1\" data-skipgform_ajax_framebjll=\"\"><\/iframe><\/div>\n<p><strong>3 &#8211; Ti\u00e3ozinho da Bio Sa\u00fade\/BH: luta e resist\u00eancia no noroeste de Minas &#8211; 3\u00aa Parte &#8211; 30\/12\/2017.<\/strong><\/p>\n<div class=\"epyt-video-wrapper\"><iframe loading=\"lazy\"  id=\"_ytid_99150\"  width=\"810\" height=\"456\"  data-origwidth=\"810\" data-origheight=\"456\" src=\"https:\/\/www.youtube.com\/embed\/9R5fBkr_opc?enablejsapi=1&#038;autoplay=0&#038;cc_load_policy=0&#038;cc_lang_pref=&#038;iv_load_policy=1&#038;loop=0&#038;rel=1&#038;fs=1&#038;playsinline=0&#038;autohide=2&#038;theme=dark&#038;color=red&#038;controls=1&#038;disablekb=0&#038;\" class=\"__youtube_prefs__  epyt-is-override  no-lazyload\" title=\"YouTube player\"  allow=\"fullscreen; accelerometer; autoplay; clipboard-write; encrypted-media; gyroscope; picture-in-picture; web-share\" referrerpolicy=\"strict-origin-when-cross-origin\" allowfullscreen data-no-lazy=\"1\" data-skipgform_ajax_framebjll=\"\"><\/iframe><\/div>\n<p><strong>4 &#8211; TI\u00c3OZINHO &#8211; V\u00eddeo in\u00e9dito &#8211; Em BH\/MG: Luta que continua. Servi\u00e7o \u00e0 sa\u00fade. 4a Parte. 30\/12\/2017.<\/strong><\/p>\n<div class=\"epyt-video-wrapper\"><iframe loading=\"lazy\"  id=\"_ytid_25429\"  width=\"810\" height=\"456\"  data-origwidth=\"810\" data-origheight=\"456\" src=\"https:\/\/www.youtube.com\/embed\/R355neHqWnE?enablejsapi=1&#038;autoplay=0&#038;cc_load_policy=0&#038;cc_lang_pref=&#038;iv_load_policy=1&#038;loop=0&#038;rel=1&#038;fs=1&#038;playsinline=0&#038;autohide=2&#038;theme=dark&#038;color=red&#038;controls=1&#038;disablekb=0&#038;\" class=\"__youtube_prefs__  epyt-is-override  no-lazyload\" title=\"YouTube player\"  allow=\"fullscreen; accelerometer; autoplay; clipboard-write; encrypted-media; gyroscope; picture-in-picture; web-share\" referrerpolicy=\"strict-origin-when-cross-origin\" allowfullscreen data-no-lazy=\"1\" data-skipgform_ajax_framebjll=\"\"><\/iframe><\/div>\n<p><strong>5 &#8211; Palavra \u00c9tica na TVC\/BH com Sebasti\u00e3o Clemente: cura natural e gratuita do c\u00e2ncer. 15\/09\/2015.<\/strong><\/p>\n<div class=\"epyt-video-wrapper\"><iframe loading=\"lazy\"  id=\"_ytid_44219\"  width=\"810\" height=\"456\"  data-origwidth=\"810\" data-origheight=\"456\" src=\"https:\/\/www.youtube.com\/embed\/d0b7PlDAm9g?enablejsapi=1&#038;autoplay=0&#038;cc_load_policy=0&#038;cc_lang_pref=&#038;iv_load_policy=1&#038;loop=0&#038;rel=1&#038;fs=1&#038;playsinline=0&#038;autohide=2&#038;theme=dark&#038;color=red&#038;controls=1&#038;disablekb=0&#038;\" class=\"__youtube_prefs__  epyt-is-override  no-lazyload\" title=\"YouTube player\"  allow=\"fullscreen; accelerometer; autoplay; clipboard-write; encrypted-media; gyroscope; picture-in-picture; web-share\" referrerpolicy=\"strict-origin-when-cross-origin\" allowfullscreen data-no-lazy=\"1\" data-skipgform_ajax_framebjll=\"\"><\/iframe><\/div>\n<p><a href=\"#_ftnref1\" name=\"_ftn1\">[1]<\/a> Assistente Social em Jo\u00e3o Pinheiro, MG, e mestranda em Servi\u00e7o Social. Militante social com significativa participa\u00e7\u00e3o nas CEBs, CEBI, na C\u00e1ritas e em Projetos Sociais no Noroeste de MG e no Vale do Jequitinhonha.<\/p>\n<p><a href=\"#_ftnref2\" name=\"_ftn2\">[2]<\/a> Frei e padre da Ordem dos carmelitas; doutor em Educa\u00e7\u00e3o pela FAE\/UFMG; licenciado e bacharel em Filosofia pela UFPR; bacharel em Teologia pelo ITESP<strong>\/<\/strong>SP; mestre em Ci\u00eancias B\u00edblicas; assessor da CPT, CEBI, SAB e Ocupa\u00e7\u00f5es Urbanas; prof. de \u201cMovimentos Sociais Populares e Direitos Humanos\u201d no IDH, em Belo Horizonte, MG.<\/p>\n<p>E-mail: <a href=\"mailto:gilvanderlm@gmail.com\">gilvanderlm@gmail.com<\/a> \u2013 <a href=\"http:\/\/www.gilvander.org.br\">www.gilvander.org.br<\/a> &#8211; <a href=\"http:\/\/www.freigilvander.blogspot.com.br\">www.freigilvander.blogspot.com.br<\/a>\u00a0\u00a0\u00a0\u00a0\u00a0 \u2013<\/p>\n<p><a href=\"http:\/\/www.twitter.com\/gilvanderluis\">www.twitter.com\/gilvanderluis<\/a>\u00a0 \u00a0\u00a0\u00a0\u00a0\u00a0\u00a0\u2013\u00a0\u00a0\u00a0\u00a0 Facebook: Gilvander Moreira III<\/p>\n<p><a href=\"#_ftnref3\" name=\"_ftn3\">[3]<\/a> Cf. <a href=\"http:\/\/www.biosaude.org.br\">www.biosaude.org.br<\/a> , situada \u00e0 Av. Francisco S\u00e1, 830 &#8211; Gutierrez, Belo Horizonte &#8211; MG, CEP: 30441-018\u00a0\u2013 Tel. <a href=\"https:\/\/www.google.com\/search?source=hp&amp;ei=C9lLW5vlFIye5gLtu4_QBg&amp;q=biosaude.org.br&amp;oq=biosaude.org.br&amp;gs_l=psy-ab.3...2714.6581.0.7134.16.15.0.0.0.0.346.2063.2-8j1.9.0....0...1.1.64.psy-ab..7.8.1715.0..0j35i39k1j0i131k1j0i10k1j0i30k1j0i10i30k1j0i8i30k1.0.SbK6QfqBLfI\">(31) 3313-3888<\/a><\/p>\n<p><strong>Eis, abaixo, algumas fotos de Ti\u00e3ozinho da CPT e da Bio-Sa\u00fade.<\/strong><\/p>\n<p><img loading=\"lazy\" decoding=\"async\" class=\"alignnone size-medium wp-image-2340\" src=\"http:\/\/gilvander.org.br\/site\/wp-content\/uploads\/2018\/07\/Tiaozinho-2-da-Bio-Sa\u00fade-BH-1-200x300.jpg\" alt=\"\" width=\"200\" height=\"300\" srcset=\"http:\/\/gilvander.org.br\/site\/wp-content\/uploads\/2018\/07\/Tiaozinho-2-da-Bio-Sa\u00fade-BH-1-200x300.jpg 200w, http:\/\/gilvander.org.br\/site\/wp-content\/uploads\/2018\/07\/Tiaozinho-2-da-Bio-Sa\u00fade-BH-1.jpg 640w\" sizes=\"auto, (max-width: 200px) 100vw, 200px\" \/> <img loading=\"lazy\" decoding=\"async\" class=\"alignnone size-medium wp-image-2341\" src=\"http:\/\/gilvander.org.br\/site\/wp-content\/uploads\/2018\/07\/Tiaozinho-2-na-2a-Romaria-da-terra-de-Arinos-25-7-1993-1-300x169.jpg\" alt=\"\" width=\"300\" height=\"169\" srcset=\"http:\/\/gilvander.org.br\/site\/wp-content\/uploads\/2018\/07\/Tiaozinho-2-na-2a-Romaria-da-terra-de-Arinos-25-7-1993-1-300x169.jpg 300w, http:\/\/gilvander.org.br\/site\/wp-content\/uploads\/2018\/07\/Tiaozinho-2-na-2a-Romaria-da-terra-de-Arinos-25-7-1993-1-768x432.jpg 768w, http:\/\/gilvander.org.br\/site\/wp-content\/uploads\/2018\/07\/Tiaozinho-2-na-2a-Romaria-da-terra-de-Arinos-25-7-1993-1.jpg 960w\" sizes=\"auto, (max-width: 300px) 100vw, 300px\" \/> <img loading=\"lazy\" decoding=\"async\" class=\"alignnone size-medium wp-image-2342\" src=\"http:\/\/gilvander.org.br\/site\/wp-content\/uploads\/2018\/07\/Tiaozinho-3-da-Bio-Sa\u00fade-BH-1-300x200.jpg\" alt=\"\" width=\"300\" height=\"200\" srcset=\"http:\/\/gilvander.org.br\/site\/wp-content\/uploads\/2018\/07\/Tiaozinho-3-da-Bio-Sa\u00fade-BH-1-300x200.jpg 300w, http:\/\/gilvander.org.br\/site\/wp-content\/uploads\/2018\/07\/Tiaozinho-3-da-Bio-Sa\u00fade-BH-1-768x512.jpg 768w, http:\/\/gilvander.org.br\/site\/wp-content\/uploads\/2018\/07\/Tiaozinho-3-da-Bio-Sa\u00fade-BH-1-420x280.jpg 420w, http:\/\/gilvander.org.br\/site\/wp-content\/uploads\/2018\/07\/Tiaozinho-3-da-Bio-Sa\u00fade-BH-1.jpg 960w\" sizes=\"auto, (max-width: 300px) 100vw, 300px\" \/> <img loading=\"lazy\" decoding=\"async\" class=\"alignnone size-medium wp-image-2343\" src=\"http:\/\/gilvander.org.br\/site\/wp-content\/uploads\/2018\/07\/Tiaozinho-4-da-Bio-Sa\u00fade-BH-1-300x225.jpg\" alt=\"\" width=\"300\" height=\"225\" srcset=\"http:\/\/gilvander.org.br\/site\/wp-content\/uploads\/2018\/07\/Tiaozinho-4-da-Bio-Sa\u00fade-BH-1-300x225.jpg 300w, http:\/\/gilvander.org.br\/site\/wp-content\/uploads\/2018\/07\/Tiaozinho-4-da-Bio-Sa\u00fade-BH-1-768x576.jpg 768w, http:\/\/gilvander.org.br\/site\/wp-content\/uploads\/2018\/07\/Tiaozinho-4-da-Bio-Sa\u00fade-BH-1.jpg 960w\" sizes=\"auto, (max-width: 300px) 100vw, 300px\" \/> <img loading=\"lazy\" decoding=\"async\" class=\"alignnone size-medium wp-image-2344\" src=\"http:\/\/gilvander.org.br\/site\/wp-content\/uploads\/2018\/07\/Tiaozinho-5-da-Bio-Sa\u00fade-BH-1-225x300.jpg\" alt=\"\" width=\"225\" height=\"300\" srcset=\"http:\/\/gilvander.org.br\/site\/wp-content\/uploads\/2018\/07\/Tiaozinho-5-da-Bio-Sa\u00fade-BH-1-225x300.jpg 225w, http:\/\/gilvander.org.br\/site\/wp-content\/uploads\/2018\/07\/Tiaozinho-5-da-Bio-Sa\u00fade-BH-1.jpg 720w\" sizes=\"auto, (max-width: 225px) 100vw, 225px\" \/> <img loading=\"lazy\" decoding=\"async\" class=\"alignnone size-medium wp-image-2345\" src=\"http:\/\/gilvander.org.br\/site\/wp-content\/uploads\/2018\/07\/Tiaozinho-6-da-Bio-Sa\u00fade-BH-1-300x225.jpg\" alt=\"\" width=\"300\" height=\"225\" srcset=\"http:\/\/gilvander.org.br\/site\/wp-content\/uploads\/2018\/07\/Tiaozinho-6-da-Bio-Sa\u00fade-BH-1-300x225.jpg 300w, http:\/\/gilvander.org.br\/site\/wp-content\/uploads\/2018\/07\/Tiaozinho-6-da-Bio-Sa\u00fade-BH-1-768x576.jpg 768w, http:\/\/gilvander.org.br\/site\/wp-content\/uploads\/2018\/07\/Tiaozinho-6-da-Bio-Sa\u00fade-BH-1.jpg 960w\" sizes=\"auto, (max-width: 300px) 100vw, 300px\" \/> <img loading=\"lazy\" decoding=\"async\" class=\"alignnone size-medium wp-image-2346\" src=\"http:\/\/gilvander.org.br\/site\/wp-content\/uploads\/2018\/07\/Tiaozinho-7-da-Bio-Sa\u00fade-BH-1-300x225.jpg\" alt=\"\" width=\"300\" height=\"225\" srcset=\"http:\/\/gilvander.org.br\/site\/wp-content\/uploads\/2018\/07\/Tiaozinho-7-da-Bio-Sa\u00fade-BH-1-300x225.jpg 300w, http:\/\/gilvander.org.br\/site\/wp-content\/uploads\/2018\/07\/Tiaozinho-7-da-Bio-Sa\u00fade-BH-1-768x576.jpg 768w, http:\/\/gilvander.org.br\/site\/wp-content\/uploads\/2018\/07\/Tiaozinho-7-da-Bio-Sa\u00fade-BH-1.jpg 960w\" sizes=\"auto, (max-width: 300px) 100vw, 300px\" \/> <img loading=\"lazy\" decoding=\"async\" class=\"alignnone size-medium wp-image-2347\" src=\"http:\/\/gilvander.org.br\/site\/wp-content\/uploads\/2018\/07\/Tiaozinho-8-da-Bio-Sa\u00fade-BH-1-300x168.jpg\" alt=\"\" width=\"300\" height=\"168\" srcset=\"http:\/\/gilvander.org.br\/site\/wp-content\/uploads\/2018\/07\/Tiaozinho-8-da-Bio-Sa\u00fade-BH-1-300x168.jpg 300w, http:\/\/gilvander.org.br\/site\/wp-content\/uploads\/2018\/07\/Tiaozinho-8-da-Bio-Sa\u00fade-BH-1-768x431.jpg 768w, http:\/\/gilvander.org.br\/site\/wp-content\/uploads\/2018\/07\/Tiaozinho-8-da-Bio-Sa\u00fade-BH-1.jpg 960w\" sizes=\"auto, (max-width: 300px) 100vw, 300px\" \/> <img loading=\"lazy\" decoding=\"async\" class=\"alignnone size-medium wp-image-2348\" src=\"http:\/\/gilvander.org.br\/site\/wp-content\/uploads\/2018\/07\/Tiaozinho-da-Bio-Sa\u00fade-BH-1-225x300.jpg\" alt=\"\" width=\"225\" height=\"300\" srcset=\"http:\/\/gilvander.org.br\/site\/wp-content\/uploads\/2018\/07\/Tiaozinho-da-Bio-Sa\u00fade-BH-1-225x300.jpg 225w, http:\/\/gilvander.org.br\/site\/wp-content\/uploads\/2018\/07\/Tiaozinho-da-Bio-Sa\u00fade-BH-1.jpg 720w\" sizes=\"auto, (max-width: 225px) 100vw, 225px\" \/> <img loading=\"lazy\" decoding=\"async\" class=\"alignnone size-medium wp-image-2349\" src=\"http:\/\/gilvander.org.br\/site\/wp-content\/uploads\/2018\/07\/Tiaozinho-da-Bio-Sa\u00fade-BH-1.jpg-2-comemorando-o-TCC-1-300x200.jpg\" alt=\"\" width=\"300\" height=\"200\" srcset=\"http:\/\/gilvander.org.br\/site\/wp-content\/uploads\/2018\/07\/Tiaozinho-da-Bio-Sa\u00fade-BH-1.jpg-2-comemorando-o-TCC-1-300x200.jpg 300w, http:\/\/gilvander.org.br\/site\/wp-content\/uploads\/2018\/07\/Tiaozinho-da-Bio-Sa\u00fade-BH-1.jpg-2-comemorando-o-TCC-1-768x512.jpg 768w, http:\/\/gilvander.org.br\/site\/wp-content\/uploads\/2018\/07\/Tiaozinho-da-Bio-Sa\u00fade-BH-1.jpg-2-comemorando-o-TCC-1-420x280.jpg 420w, http:\/\/gilvander.org.br\/site\/wp-content\/uploads\/2018\/07\/Tiaozinho-da-Bio-Sa\u00fade-BH-1.jpg-2-comemorando-o-TCC-1.jpg 960w\" sizes=\"auto, (max-width: 300px) 100vw, 300px\" \/> <img loading=\"lazy\" decoding=\"async\" class=\"alignnone size-medium wp-image-2350\" src=\"http:\/\/gilvander.org.br\/site\/wp-content\/uploads\/2018\/07\/Tiaozinho-da-Bio-Sa\u00fade-BH-1.jpg-3-comemorando-formatura-em-Fisioterapia-1-300x200.jpg\" alt=\"\" width=\"300\" height=\"200\" srcset=\"http:\/\/gilvander.org.br\/site\/wp-content\/uploads\/2018\/07\/Tiaozinho-da-Bio-Sa\u00fade-BH-1.jpg-3-comemorando-formatura-em-Fisioterapia-1-300x200.jpg 300w, http:\/\/gilvander.org.br\/site\/wp-content\/uploads\/2018\/07\/Tiaozinho-da-Bio-Sa\u00fade-BH-1.jpg-3-comemorando-formatura-em-Fisioterapia-1-768x512.jpg 768w, http:\/\/gilvander.org.br\/site\/wp-content\/uploads\/2018\/07\/Tiaozinho-da-Bio-Sa\u00fade-BH-1.jpg-3-comemorando-formatura-em-Fisioterapia-1-420x280.jpg 420w, http:\/\/gilvander.org.br\/site\/wp-content\/uploads\/2018\/07\/Tiaozinho-da-Bio-Sa\u00fade-BH-1.jpg-3-comemorando-formatura-em-Fisioterapia-1.jpg 960w\" sizes=\"auto, (max-width: 300px) 100vw, 300px\" \/> <img loading=\"lazy\" decoding=\"async\" class=\"alignnone size-medium wp-image-2351\" src=\"http:\/\/gilvander.org.br\/site\/wp-content\/uploads\/2018\/07\/Tiaozinho-da-Bio-Sa\u00fade-BH-1.jpg-4-comemorando-formatura-em-Fisioterapia-1-300x200.jpg\" alt=\"\" width=\"300\" height=\"200\" srcset=\"http:\/\/gilvander.org.br\/site\/wp-content\/uploads\/2018\/07\/Tiaozinho-da-Bio-Sa\u00fade-BH-1.jpg-4-comemorando-formatura-em-Fisioterapia-1-300x200.jpg 300w, http:\/\/gilvander.org.br\/site\/wp-content\/uploads\/2018\/07\/Tiaozinho-da-Bio-Sa\u00fade-BH-1.jpg-4-comemorando-formatura-em-Fisioterapia-1-768x512.jpg 768w, http:\/\/gilvander.org.br\/site\/wp-content\/uploads\/2018\/07\/Tiaozinho-da-Bio-Sa\u00fade-BH-1.jpg-4-comemorando-formatura-em-Fisioterapia-1-420x280.jpg 420w, http:\/\/gilvander.org.br\/site\/wp-content\/uploads\/2018\/07\/Tiaozinho-da-Bio-Sa\u00fade-BH-1.jpg-4-comemorando-formatura-em-Fisioterapia-1.jpg 960w\" sizes=\"auto, (max-width: 300px) 100vw, 300px\" \/> <img loading=\"lazy\" decoding=\"async\" class=\"alignnone size-medium wp-image-2352\" src=\"http:\/\/gilvander.org.br\/site\/wp-content\/uploads\/2018\/07\/Tiaozinho-da-Bio-Sa\u00fade-BH-1.jpg-comemorando-o-TCC-1-300x200.jpg\" alt=\"\" width=\"300\" height=\"200\" srcset=\"http:\/\/gilvander.org.br\/site\/wp-content\/uploads\/2018\/07\/Tiaozinho-da-Bio-Sa\u00fade-BH-1.jpg-comemorando-o-TCC-1-300x200.jpg 300w, http:\/\/gilvander.org.br\/site\/wp-content\/uploads\/2018\/07\/Tiaozinho-da-Bio-Sa\u00fade-BH-1.jpg-comemorando-o-TCC-1-768x512.jpg 768w, http:\/\/gilvander.org.br\/site\/wp-content\/uploads\/2018\/07\/Tiaozinho-da-Bio-Sa\u00fade-BH-1.jpg-comemorando-o-TCC-1-420x280.jpg 420w, http:\/\/gilvander.org.br\/site\/wp-content\/uploads\/2018\/07\/Tiaozinho-da-Bio-Sa\u00fade-BH-1.jpg-comemorando-o-TCC-1.jpg 960w\" sizes=\"auto, (max-width: 300px) 100vw, 300px\" \/> <img loading=\"lazy\" decoding=\"async\" class=\"alignnone size-medium wp-image-2353\" src=\"http:\/\/gilvander.org.br\/site\/wp-content\/uploads\/2018\/07\/Tiaozinho-na-2a-Romaria-da-terra-de-Arinos-25-7-1993-1-300x169.jpg\" alt=\"\" width=\"300\" height=\"169\" srcset=\"http:\/\/gilvander.org.br\/site\/wp-content\/uploads\/2018\/07\/Tiaozinho-na-2a-Romaria-da-terra-de-Arinos-25-7-1993-1-300x169.jpg 300w, http:\/\/gilvander.org.br\/site\/wp-content\/uploads\/2018\/07\/Tiaozinho-na-2a-Romaria-da-terra-de-Arinos-25-7-1993-1-768x432.jpg 768w, http:\/\/gilvander.org.br\/site\/wp-content\/uploads\/2018\/07\/Tiaozinho-na-2a-Romaria-da-terra-de-Arinos-25-7-1993-1.jpg 960w\" sizes=\"auto, (max-width: 300px) 100vw, 300px\" \/> <img loading=\"lazy\" decoding=\"async\" class=\"alignnone size-medium wp-image-2354\" src=\"http:\/\/gilvander.org.br\/site\/wp-content\/uploads\/2018\/07\/Ti\u00e3ozinho-na-TVC-BH-300x225.jpg\" alt=\"\" width=\"300\" height=\"225\" srcset=\"http:\/\/gilvander.org.br\/site\/wp-content\/uploads\/2018\/07\/Ti\u00e3ozinho-na-TVC-BH-300x225.jpg 300w, http:\/\/gilvander.org.br\/site\/wp-content\/uploads\/2018\/07\/Ti\u00e3ozinho-na-TVC-BH.jpg 480w\" sizes=\"auto, (max-width: 300px) 100vw, 300px\" \/><\/p>\n<p>&nbsp;<\/p>\n","protected":false},"excerpt":{"rendered":"<p>Tributo ao Ti\u00e3ozinho da CPT e da Bio-Sa\u00fade: Crist\u00e3o Libertador.\u00a0Por Aline Dias Ara\u00fajo[1] e frei Gilvander Moreira[2] Se falarmos em Sebasti\u00e3o Clemente de Souza, pouca gente conhece, mas diga \u201cTi\u00e3ozinho da CPT\u201d ou \u201cTi\u00e3ozinho da<\/p>\n","protected":false},"author":2,"featured_media":2324,"comment_status":"open","ping_status":"open","sticky":false,"template":"","format":"standard","meta":{"footnotes":""},"categories":[21,27,25,29,26,32,18],"tags":[],"class_list":["post-2323","post","type-post","status-publish","format-standard","has-post-thumbnail","hentry","category-artigo","category-direitos-humanos","category-luta-pela-terra-e-reforma-agraria","category-movimentos-sociais-populares","category-teologia-da-libertacao","category-videos","category-videos-de-frei-gilvander"],"_links":{"self":[{"href":"http:\/\/gilvander.org.br\/site\/wp-json\/wp\/v2\/posts\/2323","targetHints":{"allow":["GET"]}}],"collection":[{"href":"http:\/\/gilvander.org.br\/site\/wp-json\/wp\/v2\/posts"}],"about":[{"href":"http:\/\/gilvander.org.br\/site\/wp-json\/wp\/v2\/types\/post"}],"author":[{"embeddable":true,"href":"http:\/\/gilvander.org.br\/site\/wp-json\/wp\/v2\/users\/2"}],"replies":[{"embeddable":true,"href":"http:\/\/gilvander.org.br\/site\/wp-json\/wp\/v2\/comments?post=2323"}],"version-history":[{"count":3,"href":"http:\/\/gilvander.org.br\/site\/wp-json\/wp\/v2\/posts\/2323\/revisions"}],"predecessor-version":[{"id":2356,"href":"http:\/\/gilvander.org.br\/site\/wp-json\/wp\/v2\/posts\/2323\/revisions\/2356"}],"wp:featuredmedia":[{"embeddable":true,"href":"http:\/\/gilvander.org.br\/site\/wp-json\/wp\/v2\/media\/2324"}],"wp:attachment":[{"href":"http:\/\/gilvander.org.br\/site\/wp-json\/wp\/v2\/media?parent=2323"}],"wp:term":[{"taxonomy":"category","embeddable":true,"href":"http:\/\/gilvander.org.br\/site\/wp-json\/wp\/v2\/categories?post=2323"},{"taxonomy":"post_tag","embeddable":true,"href":"http:\/\/gilvander.org.br\/site\/wp-json\/wp\/v2\/tags?post=2323"}],"curies":[{"name":"wp","href":"https:\/\/api.w.org\/{rel}","templated":true}]}}