{"id":2357,"date":"2018-07-16T18:05:08","date_gmt":"2018-07-16T21:05:08","guid":{"rendered":"http:\/\/gilvander.org.br\/site\/?p=2357"},"modified":"2018-07-16T18:19:41","modified_gmt":"2018-07-16T21:19:41","slug":"tiaozinho-da-cpt-e-da-bio-saude-video-inedito-em-belo-horizonte-mg-luta-que-continua-servico-a-saude-4a-parte-30-12-2018","status":"publish","type":"post","link":"http:\/\/gilvander.org.br\/site\/tiaozinho-da-cpt-e-da-bio-saude-video-inedito-em-belo-horizonte-mg-luta-que-continua-servico-a-saude-4a-parte-30-12-2018\/","title":{"rendered":"Ti\u00e3ozinho da CPT e da Bio-Sa\u00fade &#8211; V\u00eddeo in\u00e9dito &#8211; Em Belo Horizonte\/MG: Luta que continua. Servi\u00e7o \u00e0 sa\u00fade. 4\u00aa Parte \u2013 30\/12\/2018."},"content":{"rendered":"<p style=\"font-weight: 400;\"><strong>Ti\u00e3ozinho da CPT e da Bio-Sa\u00fade &#8211; V\u00eddeo in\u00e9dito &#8211; Em Belo Horizonte\/MG: Luta que continua. Servi\u00e7o \u00e0 sa\u00fade. 4\u00aa Parte \u2013 30\/12\/2018.<\/strong><\/p>\n<p><img loading=\"lazy\" decoding=\"async\" class=\"size-medium wp-image-2360 alignleft\" src=\"http:\/\/gilvander.org.br\/site\/wp-content\/uploads\/2018\/07\/Ti\u00e3ozinho-sorrindo-2-na-mata-300x225.jpg\" alt=\"\" width=\"300\" height=\"225\" srcset=\"http:\/\/gilvander.org.br\/site\/wp-content\/uploads\/2018\/07\/Ti\u00e3ozinho-sorrindo-2-na-mata-300x225.jpg 300w, http:\/\/gilvander.org.br\/site\/wp-content\/uploads\/2018\/07\/Ti\u00e3ozinho-sorrindo-2-na-mata-768x576.jpg 768w, http:\/\/gilvander.org.br\/site\/wp-content\/uploads\/2018\/07\/Ti\u00e3ozinho-sorrindo-2-na-mata.jpg 960w\" sizes=\"auto, (max-width: 300px) 100vw, 300px\" \/><\/p>\n<p style=\"text-align: justify;\">\n<p style=\"font-weight: 400; text-align: justify;\">V\u00eddeo in\u00e9dito de Ti\u00e3ozinho, gravado por frei Gilvander Moreira, no dia 30\/12\/2017 e editado em 14\/7\/2018, um dia ap\u00f3s a passagem definitiva de Ti\u00e3ozinho para a vida plena. Este v\u00eddeo \u00e9 a 4a parte do Document\u00e1rio feito em v\u00eddeo, por frei Gilvander, sobre a trajet\u00f3ria de luta, f\u00e9 e vida de Sebasti\u00e3o Clemente de Souza, o Ti\u00e3ozinho das CEBs, da CPT, do STR (Sindicato dos Trabalhadores Rurais) de Jo\u00e3o Pinheiro e Brasil\u00e2ndia e da Bio-Sa\u00fade BH\/MG. Que beleza de hist\u00f3ria de vida e de luta que Ti\u00e3ozinho tem! Bem-aventurado \u00e9 o Ti\u00e3ozinho, que teve sempre fome e sede de justi\u00e7a e lutou pela partilha do p\u00e3o! Bem-aventurado \u00e9 o Ti\u00e3ozinho, pela pureza do seu cora\u00e7\u00e3o, que o faz, agora, contemplar, face a face, o Deus da Vida, com o sorriso de verdadeiro disc\u00edpulo de Jesus Cristo e profeta da causa dos injusti\u00e7ados do campo e da cidade. Bem-aventurado \u00e9 o Ti\u00e3ozinho, que combatendo a opress\u00e3o e as injusti\u00e7as, defendendo a vida de irm\u00e3os e irm\u00e3s, da M\u00e3e terra, da Irm\u00e3 \u00e1gua e de toda a cria\u00e7\u00e3o, se fez construtor do Reino de Justi\u00e7a e, agora, \u00e9 acolhido, na vida plena pelo Deus da Vida, como filho muito amado. Bem-aventurado \u00e9, \u00e9 e ser\u00e1 sempre, o Ti\u00e3ozinho, que sofreu persegui\u00e7\u00f5es por causa da justi\u00e7a e desfruta agora da gl\u00f3ria luminosa do Reino do c\u00e9u! Bem-aventurado \u00e9 Sebasti\u00e3o Clemente de Souza, o Ti\u00e3ozinho, que continua sendo luz e sal, presente em n\u00f3s, na luta que continua pela constru\u00e7\u00e3o do Reino de Deus aqui na terra&#8230; de justi\u00e7a e fraternidade.<\/p>\n<p style=\"font-weight: 400; text-align: justify;\">* Document\u00e1rio em v\u00eddeo de frei Glvander Moreira, da CPT, das CEBs e do CEBI. 4\u00aa Parte.<\/p>\n<p style=\"font-weight: 400; text-align: justify;\">Edi\u00e7\u00e3o de N\u00e1dia Oliveira, da Equipe de Comunica\u00e7\u00e3o da CPT-MG. Belo Horizonte, MG, 07\/7\/2018.<\/p>\n<p style=\"font-weight: 400; text-align: justify;\">* Inscreva-se no You Tube, no Canal Frei Gilvander Luta pela Terra e por Direitos, no link:\u00a0<a href=\"https:\/\/www.youtube.com\/user\/fgilvander\">https:\/\/www.youtube.com\/user\/fgilvander<\/a>, acione o sininho, receba as notifica\u00e7\u00f5es de envio de v\u00eddeos e assista a outros v\u00eddeos de luta por direitos sociais. Se assistir e gostar, compartilhe. Sugerimos.<\/p>\n<div class=\"epyt-video-wrapper\"><iframe loading=\"lazy\"  id=\"_ytid_50113\"  width=\"810\" height=\"456\"  data-origwidth=\"810\" data-origheight=\"456\" src=\"https:\/\/www.youtube.com\/embed\/R355neHqWnE?enablejsapi=1&#038;autoplay=0&#038;cc_load_policy=0&#038;cc_lang_pref=&#038;iv_load_policy=1&#038;loop=0&#038;rel=1&#038;fs=1&#038;playsinline=0&#038;autohide=2&#038;theme=dark&#038;color=red&#038;controls=1&#038;disablekb=0&#038;\" class=\"__youtube_prefs__  epyt-is-override  no-lazyload\" title=\"YouTube player\"  allow=\"fullscreen; accelerometer; autoplay; clipboard-write; encrypted-media; gyroscope; picture-in-picture; web-share\" referrerpolicy=\"strict-origin-when-cross-origin\" allowfullscreen data-no-lazy=\"1\" data-skipgform_ajax_framebjll=\"\"><\/iframe><\/div>\n","protected":false},"excerpt":{"rendered":"<p>Ti\u00e3ozinho da CPT e da Bio-Sa\u00fade &#8211; V\u00eddeo in\u00e9dito &#8211; Em Belo Horizonte\/MG: Luta que continua. Servi\u00e7o \u00e0 sa\u00fade. 4\u00aa Parte \u2013 30\/12\/2018. V\u00eddeo in\u00e9dito de Ti\u00e3ozinho, gravado por frei Gilvander Moreira, no dia 30\/12\/2017<\/p>\n","protected":false},"author":2,"featured_media":2358,"comment_status":"open","ping_status":"open","sticky":false,"template":"","format":"standard","meta":{"footnotes":""},"categories":[27,29,26,32,18],"tags":[],"class_list":["post-2357","post","type-post","status-publish","format-standard","has-post-thumbnail","hentry","category-direitos-humanos","category-movimentos-sociais-populares","category-teologia-da-libertacao","category-videos","category-videos-de-frei-gilvander"],"_links":{"self":[{"href":"http:\/\/gilvander.org.br\/site\/wp-json\/wp\/v2\/posts\/2357","targetHints":{"allow":["GET"]}}],"collection":[{"href":"http:\/\/gilvander.org.br\/site\/wp-json\/wp\/v2\/posts"}],"about":[{"href":"http:\/\/gilvander.org.br\/site\/wp-json\/wp\/v2\/types\/post"}],"author":[{"embeddable":true,"href":"http:\/\/gilvander.org.br\/site\/wp-json\/wp\/v2\/users\/2"}],"replies":[{"embeddable":true,"href":"http:\/\/gilvander.org.br\/site\/wp-json\/wp\/v2\/comments?post=2357"}],"version-history":[{"count":2,"href":"http:\/\/gilvander.org.br\/site\/wp-json\/wp\/v2\/posts\/2357\/revisions"}],"predecessor-version":[{"id":2361,"href":"http:\/\/gilvander.org.br\/site\/wp-json\/wp\/v2\/posts\/2357\/revisions\/2361"}],"wp:featuredmedia":[{"embeddable":true,"href":"http:\/\/gilvander.org.br\/site\/wp-json\/wp\/v2\/media\/2358"}],"wp:attachment":[{"href":"http:\/\/gilvander.org.br\/site\/wp-json\/wp\/v2\/media?parent=2357"}],"wp:term":[{"taxonomy":"category","embeddable":true,"href":"http:\/\/gilvander.org.br\/site\/wp-json\/wp\/v2\/categories?post=2357"},{"taxonomy":"post_tag","embeddable":true,"href":"http:\/\/gilvander.org.br\/site\/wp-json\/wp\/v2\/tags?post=2357"}],"curies":[{"name":"wp","href":"https:\/\/api.w.org\/{rel}","templated":true}]}}