{"id":2573,"date":"2018-06-13T11:03:55","date_gmt":"2018-06-13T14:03:55","guid":{"rendered":"http:\/\/gilvander.org.br\/site\/?p=2573"},"modified":"2018-12-13T11:05:15","modified_gmt":"2018-12-13T13:05:15","slug":"as-reformas-sao-para-sangrar-o-povo-2a-pre-romaria-da-xxi-romaria-terra-agua-mg-padre-tonhao-3a-parte-05-8-2018","status":"publish","type":"post","link":"http:\/\/gilvander.org.br\/site\/as-reformas-sao-para-sangrar-o-povo-2a-pre-romaria-da-xxi-romaria-terra-agua-mg-padre-tonhao-3a-parte-05-8-2018\/","title":{"rendered":"&#8220;As Reformas s\u00e3o para sangrar o povo.&#8221; 2a Pr\u00e9 Romaria da XXI Romaria\/Terra\/\u00c1gua\/MG. Padre Tonh\u00e3o. 3\u00aa Parte. 05\/8\/2018."},"content":{"rendered":"<p style=\"font-weight: 400;\"><strong>&#8220;As Reformas s\u00e3o para sangrar o povo.&#8221; 2a Pr\u00e9 Romaria da XXI Romaria\/Terra\/\u00c1gua\/MG. Padre Tonh\u00e3o. 3\u00aa Parte. 05\/8\/2018.<\/strong><\/p>\n<div class=\"epyt-video-wrapper\"><iframe loading=\"lazy\"  id=\"_ytid_72071\"  width=\"810\" height=\"456\"  data-origwidth=\"810\" data-origheight=\"456\" src=\"https:\/\/www.youtube.com\/embed\/m7EhdRpZC6k?enablejsapi=1&#038;autoplay=0&#038;cc_load_policy=0&#038;cc_lang_pref=&#038;iv_load_policy=1&#038;loop=0&#038;rel=1&#038;fs=1&#038;playsinline=0&#038;autohide=2&#038;theme=dark&#038;color=red&#038;controls=1&#038;disablekb=0&#038;\" class=\"__youtube_prefs__  epyt-is-override  no-lazyload\" title=\"YouTube player\"  allow=\"fullscreen; accelerometer; autoplay; clipboard-write; encrypted-media; gyroscope; picture-in-picture; web-share\" referrerpolicy=\"strict-origin-when-cross-origin\" allowfullscreen data-no-lazy=\"1\" data-skipgform_ajax_framebjll=\"\"><\/iframe><\/div>\n<p style=\"font-weight: 400; text-align: justify;\">&nbsp;No dia 05\/8\/2018, no munic\u00edpio de S\u00e3o Roque de Minas, foi realizada a 2\u00aa Pr\u00e9-Romaria da XXI Romaria das \u00c1guas e da Terra do Estado de Minas Gerais. A escolha do local para essa 2\u00aa Pr\u00e9-Romaria foi mesmo providencial. Um munic\u00edpio emoldurado por uma das mais belas paisagens de Minas Gerais, onde brotam as principais nascentes do Rio S\u00e3o Francisco, na Serra da Canastra, rica dos mais diversos bens naturais, um verdadeiro Santu\u00e1rio Sagrado Natural que abriga a m\u00e3e terra e a irm\u00e3 \u00e1gua, dons de Deus para o uso necess\u00e1rio de todos e todas. Um para\u00edso amea\u00e7ado pela gan\u00e2ncia dos capitalistas que, em nome do deus mercado, querem seguir explorando tudo, destruindo matas, envenenando o solo, poluindo as \u00e1guas, expulsando vidas, desrespeitando os direitos das Comunidades Tradicionais Canastreiras, colocando em risco o ecossistema da regi\u00e3o, colocando em risco a vida em toda sua biodiversidade. Essa corrida, enfrentada com luta e resist\u00eancia dos que ali dedicam-se a defender a m\u00e3e terra, a irm\u00e3 \u00e1gua e as Comunidades Tradicionais Canastreiras, precisa ser fortalecida. \u00c9 esse o alerta e o chamado feito por Padre Ant\u00f4nio Campos Vieira, o Padre Tonh\u00e3o, Vig\u00e1rio da Diocese de Luz\/MG: \u00e9 preciso mudan\u00e7a de comportamento, \u00e9 preciso ter a coragem de incomodar para defender a vida. Nesse v\u00eddeo, o registro do an\u00fancio das maravilhas da regi\u00e3o, da den\u00fancia feita por Padre Tonh\u00e3o das amea\u00e7as a esse Santu\u00e1rio e da esperan\u00e7a na coragem de todas as pessoas de bem e de todas as for\u00e7as vivas da sociedade de colocarem-se como romeiros e romeiras da m\u00e3e terra e da irm\u00e3 \u00e1gua, \u201cdas nascentes do S\u00e3o Francisco \u00e0s terras da justi\u00e7a.\u201d<\/p>\n<p><img loading=\"lazy\" decoding=\"async\" class=\"size-full wp-image-2574 alignleft\" src=\"http:\/\/gilvander.org.br\/site\/wp-content\/uploads\/2018\/08\/Aristeu-convida-para-XXI-Romaria.jpg\" alt=\"\" width=\"298\" height=\"169\"><\/p>\n<p style=\"font-weight: 400; text-align: justify;\">*Filmagem de Maria do Ros\u00e1rio de Oliveira Carneiro, da C\u00e1ritas Brasileira, Regional MG e Advogada Popular. Edi\u00e7\u00e3o de N\u00e1dia Oliveira, da Equipe de Comunica\u00e7\u00e3o da CPT-MG.<\/p>\n<p style=\"font-weight: 400; text-align: justify;\">* Inscreva-se no You Tube, no Canal Frei Gilvander Luta pela Terra e por Direitos, no link:&nbsp;<a href=\"https:\/\/www.youtube.com\/user\/fgilvander\">https:\/\/www.youtube.com\/user\/fgilvander<\/a>, acione o sininho, receba as notifica\u00e7\u00f5es de envio de v\u00eddeos e assista a diversos v\u00eddeos de luta por direitos sociais. Se assistir e gostar, compartilhe. Sugerimos.<\/p>\n<p style=\"font-weight: 400; text-align: justify;\"><a href=\"https:\/\/www.youtube.com\/results?search_query=%23FreiGilvander\">#FreiGilvander<\/a><\/p>\n","protected":false},"excerpt":{"rendered":"<p>&#8220;As Reformas s\u00e3o para sangrar o povo.&#8221; 2a Pr\u00e9 Romaria da XXI Romaria\/Terra\/\u00c1gua\/MG. Padre Tonh\u00e3o. 3\u00aa Parte. 05\/8\/2018. &nbsp;No dia 05\/8\/2018, no munic\u00edpio de S\u00e3o Roque de Minas, foi realizada a 2\u00aa Pr\u00e9-Romaria da XXI<\/p>\n","protected":false},"author":2,"featured_media":3348,"comment_status":"open","ping_status":"open","sticky":false,"template":"","format":"standard","meta":{"footnotes":""},"categories":[22,27,30,24,26,18],"tags":[],"class_list":["post-2573","post","type-post","status-publish","format-standard","has-post-thumbnail","hentry","category-cebs-comunidades-eclesiais-de-base","category-direitos-humanos","category-fe-e-politica","category-romaria-das-aguas-e-da-terra-de-mg","category-teologia-da-libertacao","category-videos-de-frei-gilvander"],"_links":{"self":[{"href":"http:\/\/gilvander.org.br\/site\/wp-json\/wp\/v2\/posts\/2573","targetHints":{"allow":["GET"]}}],"collection":[{"href":"http:\/\/gilvander.org.br\/site\/wp-json\/wp\/v2\/posts"}],"about":[{"href":"http:\/\/gilvander.org.br\/site\/wp-json\/wp\/v2\/types\/post"}],"author":[{"embeddable":true,"href":"http:\/\/gilvander.org.br\/site\/wp-json\/wp\/v2\/users\/2"}],"replies":[{"embeddable":true,"href":"http:\/\/gilvander.org.br\/site\/wp-json\/wp\/v2\/comments?post=2573"}],"version-history":[{"count":1,"href":"http:\/\/gilvander.org.br\/site\/wp-json\/wp\/v2\/posts\/2573\/revisions"}],"predecessor-version":[{"id":3349,"href":"http:\/\/gilvander.org.br\/site\/wp-json\/wp\/v2\/posts\/2573\/revisions\/3349"}],"wp:featuredmedia":[{"embeddable":true,"href":"http:\/\/gilvander.org.br\/site\/wp-json\/wp\/v2\/media\/3348"}],"wp:attachment":[{"href":"http:\/\/gilvander.org.br\/site\/wp-json\/wp\/v2\/media?parent=2573"}],"wp:term":[{"taxonomy":"category","embeddable":true,"href":"http:\/\/gilvander.org.br\/site\/wp-json\/wp\/v2\/categories?post=2573"},{"taxonomy":"post_tag","embeddable":true,"href":"http:\/\/gilvander.org.br\/site\/wp-json\/wp\/v2\/tags?post=2573"}],"curies":[{"name":"wp","href":"https:\/\/api.w.org\/{rel}","templated":true}]}}