{"id":3067,"date":"2018-10-17T10:29:12","date_gmt":"2018-10-17T13:29:12","guid":{"rendered":"http:\/\/gilvander.org.br\/site\/?p=3067"},"modified":"2018-10-17T10:29:12","modified_gmt":"2018-10-17T13:29:12","slug":"em-quem-jesus-de-nazare-nao-votaria-no-segundo-turno-em-2018-no-brasil","status":"publish","type":"post","link":"http:\/\/gilvander.org.br\/site\/em-quem-jesus-de-nazare-nao-votaria-no-segundo-turno-em-2018-no-brasil\/","title":{"rendered":"Em quem Jesus de Nazar\u00e9 n\u00e3o votaria no segundo turno em 2018 no Brasil?"},"content":{"rendered":"<p><strong>Em quem Jesus de Nazar\u00e9 n\u00e3o votaria no segundo turno em 2018 no Brasil?<\/strong><\/p>\n<p>Por frei Gilvander Moreira<a href=\"#_ftn1\" name=\"_ftnref1\"><sup>[1]<\/sup><\/a><\/p>\n<figure id=\"attachment_2161\" aria-describedby=\"caption-attachment-2161\" style=\"width: 300px\" class=\"wp-caption alignleft\"><img loading=\"lazy\" decoding=\"async\" class=\"wp-image-2161 size-medium\" src=\"http:\/\/www.cptmg.org.br\/portal\/wp-content\/uploads\/2018\/10\/Haddad-X-Bolsonaro-300x198.jpg\" alt=\"\" width=\"300\" height=\"198\" \/><figcaption id=\"caption-attachment-2161\" class=\"wp-caption-text\">Reprodu\u00e7\u00e3o: Divulga\u00e7\u00e3o<\/figcaption><\/figure>\n<p style=\"text-align: justify;\">A crise plural pela qual passa o povo brasileiro e mundial \u00e9 grav\u00edssima: crise econ\u00f4mica, pol\u00edtica, ecol\u00f3gica, social, crise das institui\u00e7\u00f5es etc. Justo seria se o voto fosse facultativo e votasse quem quisesse e tivesse acesso \u00e0s principais informa\u00e7\u00f5es para discernir quais s\u00e3o os\/as melhores candidatos\/as. Alegando que iriam diminuir o desemprego, a maioria dos deputados federais e senadores ignoraram 54 milh\u00f5es de votos e sem Dilma Rousseff ter cometido crime de responsabilidade destitu\u00edram a presidenta eleita pela vontade da maioria do povo brasileiro, abrindo as comportas para v\u00e1rios cortes em direitos fundamentais\/sociais e rasgando a Constitui\u00e7\u00e3o. Assim, dia 31 de agosto de 2016 iniciou-se no Brasil o 7\u00ba golpe sobre o povo brasileiro, desta vez um golpe parlamentar, jur\u00eddico e midi\u00e1tico.<\/p>\n<p style=\"text-align: justify;\">H\u00e1 v\u00e1rios mitos e mentiras circulando agora durante o segundo turno da elei\u00e7\u00e3o para presidente do Brasil. O Brasil n\u00e3o \u00e9 um quartel. Logo, a elei\u00e7\u00e3o presidencial n\u00e3o \u00e9 para escolher o melhor coronel\/capit\u00e3o. O Brasil \u00e9 um pa\u00eds com 206 milh\u00f5es de habitantes, um territ\u00f3rio de 9,5 milh\u00f5es de quil\u00f4metros quadrados e com biomas \u2013 Cerrado, Mata Atl\u00e2ntica, Amaz\u00f4nia, Pantanal, Caatinga e Pampa \u2013 profundamente devastados pelo agroneg\u00f3cio que, por meio de monoculturas, uso exagerado de agrot\u00f3xico e produ\u00e7\u00e3o de alimentos transg\u00eanicos, est\u00e1 causando a maior devasta\u00e7\u00e3o socioambiental da hist\u00f3ria. Pesquisas cient\u00edficas apontam que o uso de agrot\u00f3xicos na agricultura do agroneg\u00f3cio est\u00e1 causando c\u00e2ncer em mais de 600 mil pessoas a cada ano no Brasil. Assustador \u00e9 que entre as propostas capitalistas de Jair Bolsonaro est\u00e1 acabar com o Minist\u00e9rio do Meio Ambiente e com a fiscaliza\u00e7\u00e3o feita por fiscais do IBAMA, do ICBbio e do Minist\u00e9rio do Trabalho. Isso, segundo ele, \u201cpara n\u00e3o incomodar o (grande) produtor\u201d, ou seja: latifundi\u00e1rios e empres\u00e1rios do agroneg\u00f3cio estar\u00e3o completamente liberados para aprofundar a devasta\u00e7\u00e3o ambiental e o envenenamento da terra, da \u00e1gua, do ar e dos alimentos. Isso \u00e9 proposta de exterminador do futuro. Se for colocada em pr\u00e1tica essa proposta, ser\u00e1 o fim da Mata Amaz\u00f4nica e do pouco de cerrado que ainda existe no Brasil. Essa proposta est\u00e1 totalmente na contram\u00e3o do que prop\u00f5e o papa Francisco na Enc\u00edclica <em>Laudato Si<\/em>: \u201cA perda de florestas e bosques implica simultaneamente a perda de esp\u00e9cies que poderiam constituir, no futuro, recursos extremamente importantes n\u00e3o s\u00f3 para a alimenta\u00e7\u00e3o, mas tamb\u00e9m para a cura de doen\u00e7as e v\u00e1rios servi\u00e7os\u201d (<em>Laudato Si<\/em>, n. 32). \u201cAnualmente, desaparecem milhares de esp\u00e9cies vegetais e animais\u201d (<em>Laudato Si<\/em>, n. 33). O papa Francisco apoia a Agricultura Familiar na linha da Agroecologia e critica o agroneg\u00f3cio como um causador do \u00eaxodo rural ao dizer: \u201cH\u00e1 uma grande variedade de sistemas alimentares rurais de pequena escala que continuam alimentando a maior parte da popula\u00e7\u00e3o mundial, utilizando uma por\u00e7\u00e3o reduzida de terreno e \u00e1gua e produzindo menos res\u00edduos, quer em pequenas parcelas agr\u00edcolas e hortas, quer na ca\u00e7a e coleta de produtos silvestres, quer na pesca artesanal. As economias de larga escala \u2013 agroneg\u00f3cio via monoculturas -, especialmente no setor agr\u00edcola, acabam for\u00e7ando os pequenos agricultores a vender as suas terras ou a abandonar as suas culturas tradicionais\u201d (<em>Laudato Si<\/em>, n. 129).<\/p>\n<p style=\"text-align: justify;\">O latif\u00fandio continua sendo a coluna mestra do capitalismo brasileiro, que \u00e9 uma m\u00e1quina de moer vidas humanas e de toda a biodiversidade. As \u00e1reas urbanas, por sua vez, consolidam os modelos de desigualdade social, onde a popula\u00e7\u00e3o empurrada para a periferia n\u00e3o tem acesso a uma pol\u00edtica habitacional, saneamento b\u00e1sico, sa\u00fade e transporte digno. A viol\u00eancia social campeia com mais de 70 mil jovens sendo assassinados anualmente. Diante desse cen\u00e1rio, seja em \u00e1rea rural ou urbana, uma cortina de fuma\u00e7a est\u00e1 sendo insuflada diante do povo que est\u00e1 sendo cegado e impedido de discernir qual \u00e9 o candidato \u00e9tico e que de fato governar\u00e1 o Brasil com o povo e para gerar o bem comum para todos.<\/p>\n<p style=\"text-align: justify;\">Jair Bolsonaro (PSL) \u00e9 candidato do grande empresariado do capital nacional e internacional. Se eleito, jamais ir\u00e1 governar com o povo e nem para o povo. Ser\u00e1 sempre subserviente aos interesses imperiais dos Estados Unidos, pois ele prestou contin\u00eancia \u00e0 Bandeira estadunidense. Ele continuar\u00e1 privatizando as empresas estatais, a m\u00e3e terra, as \u00e1guas, reduzindo o povo \u00e0 mis\u00e9ria e desertificando nosso territ\u00f3rio. Ele n\u00e3o fala nada sobre necessidade de pol\u00edticas de preserva\u00e7\u00e3o ambiental e nem de se fazer Reforma Agr\u00e1ria Popular. Ao contr\u00e1rio, promete fortalecer o agroneg\u00f3cio, as mineradoras, impedir a demarca\u00e7\u00e3o de terras dos povos ind\u00edgenas e quilombolas e, pior, reduzir as poucas terras ind\u00edgenas j\u00e1 demarcadas. Isso \u00e9 injusti\u00e7a que clama aos c\u00e9us!<\/p>\n<p style=\"text-align: justify;\">Se fosse \u201cDeus acima de tudo\u201d, Bolsonaro n\u00e3o discriminaria as mulheres, os ind\u00edgenas, os quilombolas, as dom\u00e9sticas e os homossexuais etc. Bolsonaro defende torturadores e a tortura. Ele abusa do nome de Deus, pois semeia \u00f3dio no tecido social; em vez de colocar livros nas m\u00e3os das pessoas, quer liberar o mercado de armas no Brasil. Em 30 anos como deputado, Bolsonaro n\u00e3o contribuiu para melhorar nem a seguran\u00e7a p\u00fablica no estado do Rio de janeiro. Se eleito, ele ser\u00e1 como Trump no Brasil: autorit\u00e1rio e repressor. O \u00e9tico \u00e9 p\u00f4r nas m\u00e3os das pessoas livros e n\u00e3o armas. Ele recebe aux\u00edlio moradia sem precisar, usa funcion\u00e1ria do congresso para cuidar da mans\u00e3o dele no estado do Rio de Janeiro. Ele disse que os povos ind\u00edgenas n\u00e3o merecem \u201cnem um cent\u00edmetro de terra\u201d. \u00c9 uma grande contradi\u00e7\u00e3o ser pessoa crist\u00e3 e apoiar quem dissemina viol\u00eancia na sociedade, planeja distribuir armas e autorizar policiais a matar sem ser responsabilizados. O povo brasileiro n\u00e3o merece entrar novamente em outra ditadura. O \u00e9tico \u00e9 Ditadura Nunca Mais! Grave tamb\u00e9m s\u00e3o lideran\u00e7as religiosas, sejam padres ou pastores, induzirem os fi\u00e9is a votarem em Bolsonaro s\u00f3 por causa do seu discurso enganoso que diz \u201cDeus acima de tudo e defensor da fam\u00edlia e da moral tradicional\u201d. Ele mesmo j\u00e1 passou por v\u00e1rios casamentos e apresenta propostas antag\u00f4nicas com a f\u00e9 crist\u00e3: armar as pessoas, ensinar crian\u00e7as a atirar etc.<\/p>\n<p style=\"text-align: justify;\">Est\u00e1 enganado quem, por antipetismo, votar em Bolsonaro. N\u00e3o punir\u00e1 o PT, mas o povo brasileiro j\u00e1 t\u00e3o injusti\u00e7ado, pois todas as pol\u00edticas p\u00fablicas e direitos sociais ser\u00e3o liquidados. De 2003 a 2015, sob o Governo do PT o sal\u00e1rio m\u00ednimo teve aumento real, 16 universidades federais e 422 Institutos Federais foram constru\u00eddos, al\u00e9m de v\u00e1rias pol\u00edticas p\u00fablicas de respeito aos direitos humanos fundamentais. Conquistas sociais que nenhum outro partido fez. N\u00e3o podemos aventurar por no volante do Brasil quem insufla pol\u00edticas repressoras, que s\u00e3o falsos rem\u00e9dios para injusti\u00e7as sociais e, pior, at\u00e9 acena no rumo de uma nova ditadura. A quem n\u00e3o sabe o que \u00e9 Ditadura Militar-civil-empresarial sugiro ler o livro <em>Brasil Nunca Mais<\/em> e assistir ao Filme <em>Batismo de Sangue<\/em>.<\/p>\n<p style=\"text-align: justify;\">Muito bem manifestou-se o jornalista Francisco Assis em seu Artigo de Opini\u00e3o, publicado no Jornal portugu\u00eas P\u00fablico, em sua\u00a0 edi\u00e7\u00e3o do dia 11\/10\/2018 (Selecionamos alguns trechos.): \u00a0\u201cQuem elogia o torturador de uma jovem mulher absolutamente indefesa atribui-se a si pr\u00f3prio um estatuto praticamente sub-humano. Tudo nele aponta para a pequenez: \u00e9 um ser intelectualmente med\u00edocre, eticamente execr\u00e1vel, politicamente vulgar. Bolsonaro \u00e9 pouco mais do que um analfabeto ideol\u00f3gico com todos os perigos que isso mesmo encerra. Equiparar Haddad a Bolsonaro constitui um acto moral e politicamente inqualific\u00e1vel. Haddad \u00e9 um intelectual sofisticado, um democrata respeitador dos princ\u00edpios fundamentais das sociedades abertas e pluralistas, um homem de reconhecida integridade c\u00edvica e moral. Uma vit\u00f3ria de Bolsonaro significaria um retrocesso civilizacional para o Brasil e para o mundo. Haddad \u00e9 hoje mais do que Haddad, \u00e9 mais do que o PT, \u00e9 mesmo mais do que o Brasil. Haddad \u00e9 o s\u00edmbolo da luta da raz\u00e3o cr\u00edtica contra o obscurantismo, da liberdade face ao despotismo, da aspira\u00e7\u00e3o igualit\u00e1ria diante do culto das hierarquias de base biol\u00f3gica ou social. Haddad significa a civiliza\u00e7\u00e3o, Bolsonaro representa a barb\u00e1rie\u201d.<\/p>\n<p style=\"text-align: justify;\">(Fonte:<a href=\"https:\/\/www.publico.pt\/2018\/10\/11\/mundo\/opiniao\/um-canalha-a-porta-do-planalto-1847097\">https:\/\/www.publico.pt\/2018\/10\/11\/mundo\/opiniao\/um-canalha-a-porta-do-planalto-1847097<\/a>)<\/p>\n<p style=\"text-align: justify;\">Como disc\u00edpulos\/as de Jesus Cristo, devemos primar pela busca da paz como fruto da justi\u00e7a social, agr\u00e1ria e ambiental; ter o amor e o respeito ao diferente como princ\u00edpio da conviv\u00eancia social; diante das injusti\u00e7as sociais, cultivarmos sempre Op\u00e7\u00e3o pelos injusti\u00e7ados como Op\u00e7\u00e3o de Classe trabalhadora. \u00c9 muito importante e fundamental estarmos cientes de que a supera\u00e7\u00e3o das injusti\u00e7as passa sempre por educa\u00e7\u00e3o e cultura popular, a partir dos de baixo.<\/p>\n<p style=\"text-align: justify;\">Enfim, Jesus de Nazar\u00e9 n\u00e3o votaria em candidato que usa e abusa do nome do Deus da Vida e nem em candidato que representa os interesses do capital. Eis o caminho: votar em quem tem sensibilidade social e humana. Prefiro votar no professor Fernando Haddad, que, como Ministro da Educa\u00e7\u00e3o ampliou em larga escala o acesso \u00e0 Educa\u00e7\u00e3o P\u00fablica em todos os n\u00edveis, possibilitou aos jovens da classe trabalhadora e das Comunidades Tradicionais o ingresso nas Universidades P\u00fablicas e Particulares e criou o Piso Nacional de Sal\u00e1rio dos\/as professoras\/es. Militariza\u00e7\u00e3o da sociedade jamais ser\u00e1 caminho justo para a classe trabalhadora e camponesa e para ningu\u00e9m.<\/p>\n<p style=\"text-align: justify;\">Belo Horizonte, MG, 17\/10\/2018.<\/p>\n<p style=\"text-align: justify;\"><a href=\"#_ftnref1\" name=\"_ftn1\">[1]<\/a> Frei e padre da Ordem dos carmelitas; doutor em Educa\u00e7\u00e3o pela FAE\/UFMG; licenciado e bacharel em Filosofia pela UFPR; bacharel em Teologia pelo ITESP<strong>\/<\/strong>SP; mestre em Ci\u00eancias B\u00edblicas; assessor da CPT, CEBI, SAB e Ocupa\u00e7\u00f5es Urbanas; prof. de \u201cMovimentos Sociais Populares e Direitos Humanos\u201d no IDH, em Belo Horizonte, MG.<\/p>\n<p style=\"text-align: justify;\">E-mail: <a href=\"mailto:gilvanderlm@gmail.com\">gilvanderlm@gmail.com<\/a> \u2013 <a href=\"http:\/\/www.gilvander.org.br\">www.gilvander.org.br<\/a> &#8211; <a href=\"http:\/\/www.freigilvander.blogspot.com.br\">www.freigilvander.blogspot.com.br<\/a>\u00a0\u00a0\u00a0\u00a0\u00a0 \u2013<\/p>\n<p style=\"text-align: justify;\"><a href=\"http:\/\/www.twitter.com\/gilvanderluis\">www.twitter.com\/gilvanderluis<\/a>\u00a0\u00a0\u00a0\u00a0\u00a0\u00a0\u00a0 \u2013\u00a0\u00a0\u00a0\u00a0 Facebook: Gilvander Moreira III<\/p>\n<p style=\"text-align: justify;\">\n","protected":false},"excerpt":{"rendered":"<p>Em quem Jesus de Nazar\u00e9 n\u00e3o votaria no segundo turno em 2018 no Brasil? Por frei Gilvander Moreira[1] A crise plural pela qual passa o povo brasileiro e mundial \u00e9 grav\u00edssima: crise econ\u00f4mica, pol\u00edtica, ecol\u00f3gica,<\/p>\n","protected":false},"author":2,"featured_media":3068,"comment_status":"open","ping_status":"open","sticky":false,"template":"","format":"standard","meta":{"footnotes":""},"categories":[21,40,38,41,37,39,35,27,30,28,25,29],"tags":[],"class_list":["post-3067","post","type-post","status-publish","format-standard","has-post-thumbnail","hentry","category-artigo","category-direito-a-cidade","category-direito-a-saude","category-direitos-dos-carroceiros","category-direitos-dos-ciganos","category-direitos-dos-povos-indigenas","category-direitos-dos-quilombolas","category-direitos-humanos","category-fe-e-politica","category-luta-pela-moradia","category-luta-pela-terra-e-reforma-agraria","category-movimentos-sociais-populares"],"_links":{"self":[{"href":"http:\/\/gilvander.org.br\/site\/wp-json\/wp\/v2\/posts\/3067","targetHints":{"allow":["GET"]}}],"collection":[{"href":"http:\/\/gilvander.org.br\/site\/wp-json\/wp\/v2\/posts"}],"about":[{"href":"http:\/\/gilvander.org.br\/site\/wp-json\/wp\/v2\/types\/post"}],"author":[{"embeddable":true,"href":"http:\/\/gilvander.org.br\/site\/wp-json\/wp\/v2\/users\/2"}],"replies":[{"embeddable":true,"href":"http:\/\/gilvander.org.br\/site\/wp-json\/wp\/v2\/comments?post=3067"}],"version-history":[{"count":1,"href":"http:\/\/gilvander.org.br\/site\/wp-json\/wp\/v2\/posts\/3067\/revisions"}],"predecessor-version":[{"id":3069,"href":"http:\/\/gilvander.org.br\/site\/wp-json\/wp\/v2\/posts\/3067\/revisions\/3069"}],"wp:featuredmedia":[{"embeddable":true,"href":"http:\/\/gilvander.org.br\/site\/wp-json\/wp\/v2\/media\/3068"}],"wp:attachment":[{"href":"http:\/\/gilvander.org.br\/site\/wp-json\/wp\/v2\/media?parent=3067"}],"wp:term":[{"taxonomy":"category","embeddable":true,"href":"http:\/\/gilvander.org.br\/site\/wp-json\/wp\/v2\/categories?post=3067"},{"taxonomy":"post_tag","embeddable":true,"href":"http:\/\/gilvander.org.br\/site\/wp-json\/wp\/v2\/tags?post=3067"}],"curies":[{"name":"wp","href":"https:\/\/api.w.org\/{rel}","templated":true}]}}