{"id":3098,"date":"2018-10-23T16:38:16","date_gmt":"2018-10-23T19:38:16","guid":{"rendered":"http:\/\/gilvander.org.br\/site\/?p=3098"},"modified":"2018-10-23T16:38:16","modified_gmt":"2018-10-23T19:38:16","slug":"votar-na-democracia-ou-na-ditadura","status":"publish","type":"post","link":"http:\/\/gilvander.org.br\/site\/votar-na-democracia-ou-na-ditadura\/","title":{"rendered":"Votar na Democracia ou na Ditadura?"},"content":{"rendered":"<p><strong>Votar na Democracia ou na Ditadura?<\/strong><\/p>\n<p>Por Gilvander Moreira<a href=\"#_ftn1\" name=\"_ftnref1\"><sup>[1]<\/sup><\/a><\/p>\n<p><img loading=\"lazy\" decoding=\"async\" class=\"size-medium wp-image-2243 alignleft\" src=\"http:\/\/www.cptmg.org.br\/portal\/wp-content\/uploads\/2018\/10\/DEMOCRACIA-X-DITADURA-300x225.jpg\" alt=\"\" width=\"300\" height=\"225\" \/><\/p>\n<p style=\"text-align: justify;\">\u201cFelizes os que constroem a paz, pois ser\u00e3o chamados filhos de Deus\u201d (Mateus 5,9), bradou Jesus Cristo no Discurso da Montanha, na palestina, col\u00f4nia com povo escravizado e explorado pelo Imperialismo Romano. Dia 28 de outubro de 2018, no segundo turno da Elei\u00e7\u00e3o para presidente do Brasil, as eleitoras e os eleitores n\u00e3o votar\u00e3o apenas em Fernando Haddad ou em Jair Bolsonaro, ou anular\u00e3o ou far\u00e3o absten\u00e7\u00e3o, mas votar\u00e3o, principalmente, pelo fortalecimento da nossa enfraquecida Democracia ou assinar\u00e3o \u201cum cheque em branco\u201d para reingressar o Brasil em outra Ditadura. \u00d3bvio que o Partido dos Trabalhadores (PT) cometeu v\u00e1rios erros e praticou contradi\u00e7\u00f5es, mas tamb\u00e9m \u00e9 ineg\u00e1vel que a corrup\u00e7\u00e3o n\u00e3o iniciou com o PT \u2013 h\u00e1 518 anos h\u00e1 opress\u00e3o e corrup\u00e7\u00e3o no nosso querido Brasil \u2013 e que sob o ponto de vista social, os 13 anos de governo do PT trouxeram ganhos de direitos sociais para o povo brasileiro. Estamos em uma sociedade capitalista, na qual a classe dominante sempre insiste em reproduzir e ampliar a desigualdade social. Quanto mais desigualdade social maior ser\u00e1 a viol\u00eancia social. Reprimir essa viol\u00eancia, sem superar suas causas, e aumentar a desigualdade social s\u00f3 faz crescer a injusti\u00e7a social. Como uma cortina de fuma\u00e7a, a ideologia dominante \u2013 as ideias da classe dominante \u2013 e as fake News (not\u00edcias falsas) est\u00e3o emba\u00e7ando a vista de milh\u00f5es de pessoas que, mesmo sendo oprimidas e exploradas, est\u00e3o sendo seduzidas a votar em quem vai governar contra elas. A privatiza\u00e7\u00e3o da f\u00e9 crist\u00e3, dentro e fora da Igreja Cat\u00f3lica, com Teologia da Prosperidade, espiritualidades intimistas e moralismos tamb\u00e9m tem causado um div\u00f3rcio entre o ensinamento de Jesus Cristo e a pr\u00e1tica de muita gente que se diz crist\u00e3. Bolsonaro defende torturadores e a tortura, diz que vai liberar o com\u00e9rcio de armas e diminuir a idade penal. Enfim, ele pensa que com repress\u00e3o resolver\u00e1 viol\u00eancia social e desigualdade econ\u00f4mico-social. Lego engano. Por outro lado, Fernando Haddad apresenta um programa de governo com \u201cum l\u00e1pis em uma m\u00e3o e a carteira de trabalho assinada em outra\u201d e com pol\u00edticas sociais de inclus\u00e3o. No entanto, Haddad sofre com o antipetismo disseminado no tecido social.<\/p>\n<p style=\"text-align: justify;\">Neste cen\u00e1rio grav\u00edssimo, conv\u00e9m puxar \u00e0 mem\u00f3ria um pouco do que aconteceu na Ditadura militar-civil-empresarial de 1964 no Brasil. Os capitalistas, abocanhando a terra em propriedade privada capitalista, promoveram a mecaniza\u00e7\u00e3o da agricultura, desde a \u00e9poca da ditadura militar-civil-empresarial de 1964 e, assim, realizaram o que muitos chamaram de \u2018revolu\u00e7\u00e3o verde\u2019, em contraposi\u00e7\u00e3o ao projeto de sociedade que inclu\u00eda fazer as reformas de base: reformas agr\u00e1ria, urbana, da educa\u00e7\u00e3o, tribut\u00e1ria e pol\u00edtica. Sob o fomento do governo federal, os capitalistas da cidade levaram todo o arsenal industrial de m\u00e1quinas com pacotes qu\u00edmicos para a produ\u00e7\u00e3o agropecu\u00e1ria. Assim, \u201censejou um modelo agr\u00e1rio\/agr\u00edcola que mereceu a fina caracteriza\u00e7\u00e3o de \u201cuma agricultura sem agricultores\u201d, produzindo \u201cmuitos trabalhadores e trabalhadoras rurais sem terra ao concentrar muita terra em poucas m\u00e3os\u201d (PORTO-GON\u00c7ALVES; CUIN; LEAL; NUNES SILVA, 2015, p. 90). Na \u00e9poca da ditadura, \u201centre 1967\/1978, os latif\u00fandios no Brasil ampliaram sua \u00e1rea em 69,9 milh\u00f5es de hectares. Foi o per\u00edodo da denominada moderniza\u00e7\u00e3o da agricultura da ditadura militar de 1964, que trouxe consigo o crescimento da concentra\u00e7\u00e3o fundi\u00e1ria nas grandes propriedades latifundistas\u201d (OLIVEIRA, 2015, p. 30).<\/p>\n<p style=\"text-align: justify;\">A ditadura militar-civil-empresarial de 1964 fomentou tamb\u00e9m a repress\u00e3o e o assassinato de lideran\u00e7as camponesas, conforme demonstra um integrante da Comiss\u00e3o Nacional da Verdade (CNV). \u201cA ditadura \u2018terceirizou\u2019 mortes e desaparecimentos for\u00e7ados de pelo menos 1.196 camponeses e apoiadores, com financiamento do latif\u00fandio. O Estado se omitiu, acobertou e terceirizou a repress\u00e3o pol\u00edtica e social no campo, executada por jagun\u00e7os, pistoleiros, capangas e capatazes a servi\u00e7o de alguns fazendeiros, madeireiros, empresas rurais, grileiros e senhores de engenhos, castanhais e seringais\u201d (GILNEY VIANA, ex-coordenador do Projeto Mem\u00f3ria e Verdade da Secretaria de Direitos Humanos (SDH) da Presid\u00eancia da Rep\u00fablica).<a href=\"#_ftn2\" name=\"_ftnref2\"><sup>[2]<\/sup><\/a><\/p>\n<p style=\"text-align: justify;\">Durante o s\u00e9culo XX, v\u00e1rias ditaduras militares foram fomentadoras de injusti\u00e7a agr\u00e1ria em v\u00e1rios pa\u00edses da Am\u00e9rica AfroLat\u00cdndia. A Guatemala, por exemplo, esteve sob as botas dos militares, em ditadura militar, de 1954 at\u00e9 1996. Durante as quase quatro d\u00e9cadas de chumbo, 40 mil pessoas foram assassinadas pela Ditadura militar na Guatemala. Na Guatemala, de 24 a 29 de novembro de 2004, participando do VII Congresso Mission\u00e1rio Latino-Americano e II Congresso Americano Mission\u00e1rio, pudemos sentir e perceber que o povo guatemalteco ainda est\u00e1 profundamente ferido pela opress\u00e3o e repress\u00e3o da ditadura militar. Uma advogada chorou muito, enquanto me dizia: \u201cH\u00e1 profundas feridas em nosso povo. Sofremos a mais cruel das ditaduras da Am\u00e9rica Latina. Enquanto eu estudava na Universidade, diversas vezes ficamos sitiados sem poder sair, pois o ex\u00e9rcito cercava a universidade para pegar os \u2018subversivos\u2019. Um dia, nos despedimos de um professor, \u00e0s 18 horas. Ao chegar em minha casa, \u00e0s 20 horas, eu soube que aquele professor, competente e profundamente humano, tinha sido assassinado. Isso corta nosso cora\u00e7\u00e3o de dor. Ainda hoje \u00e9 arriscado denunciar, pois podemos ser perseguidos. Gra\u00e7as a Deus, est\u00e1 aumentando a press\u00e3o internacional refor\u00e7ando nossa luta pelos Direitos Humanos e Sociais\u201d (Depoimento de uma advogada guatemalteca, durante o VII Congresso Mission\u00e1rio Latino-americano, dia 25\/11\/2004 na cidade da Guatemala).<\/p>\n<p style=\"text-align: justify;\">Assustador tamb\u00e9m \u00e9 que entre as propostas capitalistas de Jair Bolsonaro est\u00e1 acabar com o Minist\u00e9rio do Meio Ambiente e com a fiscaliza\u00e7\u00e3o feita por fiscais do IBAMA, do ICBbio e do Minist\u00e9rio do Trabalho. Isso, segundo ele, \u201cpara n\u00e3o incomodar o (grande) produtor\u201d, ou seja: latifundi\u00e1rios e empres\u00e1rios do agroneg\u00f3cio estar\u00e3o completamente liberados para aprofundar a devasta\u00e7\u00e3o ambiental e o envenenamento da terra, da \u00e1gua, do ar e dos alimentos. Isso \u00e9 proposta de exterminador do futuro. Necess\u00e1rio o alerta feito por diversos intelectuais org\u00e2nicos na Nota \u201cO futuro da Amaz\u00f4nia passa pelo voto nas elei\u00e7\u00f5es de 2018\u201d, que diz: \u201cSem Amaz\u00f4nia n\u00e3o existe o Brasil, tal qual o conhecemos\u201d. Na Nota, afirmam: \u201cs\u00e3o quatro os servi\u00e7os que o bioma presta aos amaz\u00f4nidas, ao Brasil e ao resto do planeta.<\/p>\n<p style=\"text-align: justify;\">1\u00ba- O ciclo das \u00e1guas. Hoje, pelo conhecimento cient\u00edfico constru\u00eddo, s\u00e3o os rios voadores que v\u00eam da Amaz\u00f4nia que espalham as chuvas por todo territ\u00f3rio brasileiro, indo inclusive at\u00e9 ao Uruguai, Argentina e Paraguai. Sem a floresta para injetar mais \u00e1gua na atmosfera, esses rios voadores n\u00e3o se formam. Uma simples Suma\u00fama, \u00e1rvore imensa da Amaz\u00f4nia, injeta cerca de mil litros de \u00e1gua por dia na atmosfera. Portanto, sem a floresta Amaz\u00f4nica o Sul e o Sudeste brasileiro, onde est\u00e3o 70% da riqueza da Am\u00e9rica Latina, se transformam em um deserto.<\/p>\n<p style=\"text-align: justify;\">2\u00ba- O ciclo do carbono. Cada \u00e1rvore corresponde a toneladas de carbono fixado em sua estrutura. Quando uma \u00e1rvore dessa \u00e9 queimada ou entra em decomposi\u00e7\u00e3o, esse carbono \u00e9 liberado em forma de g\u00e1s e vai refor\u00e7ar o aquecimento global, contribuindo para a mudan\u00e7a do clima em todo o planeta.<\/p>\n<p style=\"text-align: justify;\">3\u00ba- A mega diversidade. Cada metro quadrado da Amaz\u00f4nia tem mais biodiversidade que em qualquer lugar do mundo. Da\u00ed prov\u00eam alimentos fant\u00e1sticos como o a\u00e7a\u00ed, cupua\u00e7u, castanhas, folhas, ra\u00edzes etc. Tamb\u00e9m v\u00eam os f\u00e1rmacos, as ess\u00eancias, os cosm\u00e9ticos, os \u00f3leos e outra quantidade incalcul\u00e1vel de riquezas que a s\u00f3 a natureza pode oferecer. Trocar essa riqueza por mais algumas cabe\u00e7as de gado, a explora\u00e7\u00e3o de minerais ou algumas toneladas de soja \u00e9 uma loucura absoluta. Mas, ela pode se tornar real se um candidato for eleito.<\/p>\n<p style=\"text-align: justify;\">4\u00ba- Os povos origin\u00e1rios. Na Amaz\u00f4nia est\u00e3o v\u00e1rios povos origin\u00e1rios ainda remanescentes do grande genoc\u00eddio que se abateu e se abate sobre eles at\u00e9 hoje. Eles nos preservaram o que ainda temos de riquezas naturais na Amaz\u00f4nia, a sua biodiversidade, al\u00e9m de nos mostrarem que \u00e9 poss\u00edvel viver da natureza sem destru\u00ed-la. Papa Francisco insiste em ouvir essas popula\u00e7\u00f5es origin\u00e1rias no S\u00ednodo Panamaz\u00f4nico de 2019 em Roma. Portanto, a destrui\u00e7\u00e3o da floresta \u00e9 tamb\u00e9m o tiro final no cora\u00e7\u00e3o das nossas popula\u00e7\u00f5es ind\u00edgenas remanescentes. Alertamos para propostas que s\u00e3o contrarias \u00e0 vida e atingem diretamente os povos origin\u00e1rios.<\/p>\n<p style=\"text-align: justify;\">Somos contr\u00e1rios a qualquer proposta que leve ao fechamento de \u00f3rg\u00e3os p\u00fablicos que defendem os direitos que est\u00e3o a servi\u00e7o da defesa da vida e do planeta (Minist\u00e9rio do Meio Ambiente, dos organismos de controle como IBAMA e ICMBIO), concess\u00f5es de obras sem licenciamento ambiental, enfim, uma lista infinita de agress\u00f5es ao ambiente e aos povos que podem se tornar realidade. Toda essa riqueza fundamental est\u00e1 em jogo. Ou preservamos ou destru\u00edmos o que nos resta. Os servi\u00e7os prestados pela Amaz\u00f3nia s\u00e3o naturais e o conhecimento sobre eles \u00e9 de ordem cient\u00edfica, mas uma decis\u00e3o pol\u00edtica pode derrubar tudo que a natureza nos oferece em sua infinita generosidade. O futuro da Amaz\u00f4nia passa pelo voto nas elei\u00e7\u00f5es de 2018.\u201d<\/p>\n<p style=\"text-align: justify;\">Pelos motivos expostos, acima, e por muitos outros que n\u00e3o h\u00e1 espa\u00e7o para colocar aqui, a op\u00e7\u00e3o \u00e9tica e crist\u00e3 \u00e9 votar em Haddad n. 13 e seguirmos dialogando e construindo a Democracia n\u00e3o apenas representativa, mas direta e participativa. Em nome do Deus da vida, das crian\u00e7as, das pr\u00f3ximas gera\u00e7\u00f5es, por amor ao pr\u00f3ximo e pela paz, humildemente sugerimos o voto em Haddad, n. 13.<\/p>\n<p style=\"text-align: justify;\"><strong>Refer\u00eancias<\/strong><\/p>\n<p style=\"text-align: justify;\">CNBB. <strong>Campanha da Fraternidade de 2017: Os Biomas Brasileiros e Defesa da Vida<\/strong>. Ed.<\/p>\n<p style=\"text-align: justify;\">CNBB. Bras\u00edlia. 2017.<\/p>\n<p style=\"text-align: justify;\">NOBRE, Ant\u00f4nio. <strong>Os rios voadores<\/strong>. https:\/\/www.youtube.com\/watch?v=34Y93Ar4tCA.<\/p>\n<p style=\"text-align: justify;\">_______. <strong>A M\u00e1quina de fazer \u00e1gua<\/strong>. https:\/\/www.youtube.com\/watch?v=HqAvP_hpzTA<\/p>\n<p style=\"text-align: justify;\">Acesso em 15\/10\/18.<\/p>\n<p style=\"text-align: justify;\">OLIVEIRA, Ariovaldo Umbelino de. Camponeses, ind\u00edgenas e quilombolas em luta no campo: a barb\u00e1rie aumenta. In: <strong>Conflitos no Campo Brasil 2015<\/strong>. Goi\u00e2nia: CPT Nacional, p. 28-42, 2015.<\/p>\n<p style=\"text-align: justify;\">PORTO GON\u00c7ALVES, Carlos Walter; CUIN, Danilo Pereira; LEAL, Leandro Teixeira; NUNES SILVA, Marlon. Bye bye Brasil, aqui estamos: a reinven\u00e7\u00e3o da quest\u00e3o agr\u00e1ria no Brasil. In: <strong>Conflitos no Campo Brasil 2015<\/strong>. Goi\u00e2nia: CPT Nacional, p. 86-99, 2015.<\/p>\n<p style=\"text-align: justify;\">Belo Horizonte, MG, 23\/10\/2018.<\/p>\n<p style=\"text-align: justify;\"><strong>Obs<\/strong>.: Os v\u00eddeos, abaixo, ilustram o que acontece em tempos de ditadura.<\/p>\n<p style=\"text-align: justify;\"><strong>1 &#8211; Filme \u201cBatismo de sangue\u201d<\/strong> (adapta\u00e7\u00e3o do livro <em>Batismo de Sangue<\/em>, de frei Betto)<\/p>\n<div class=\"epyt-video-wrapper\"><iframe loading=\"lazy\"  id=\"_ytid_92478\"  width=\"810\" height=\"456\"  data-origwidth=\"810\" data-origheight=\"456\" src=\"https:\/\/www.youtube.com\/embed\/8XDZoSRFhwM?enablejsapi=1&#038;autoplay=0&#038;cc_load_policy=0&#038;cc_lang_pref=&#038;iv_load_policy=1&#038;loop=0&#038;rel=1&#038;fs=1&#038;playsinline=0&#038;autohide=2&#038;theme=dark&#038;color=red&#038;controls=1&#038;disablekb=0&#038;\" class=\"__youtube_prefs__  epyt-is-override  no-lazyload\" title=\"YouTube player\"  allow=\"fullscreen; accelerometer; autoplay; clipboard-write; encrypted-media; gyroscope; picture-in-picture; web-share\" referrerpolicy=\"strict-origin-when-cross-origin\" allowfullscreen data-no-lazy=\"1\" data-skipgform_ajax_framebjll=\"\"><\/iframe><\/div>\n<p style=\"text-align: justify;\"><strong>2 \u2013 Filme \u201cO Ano em que meus pais sa\u00edram de f\u00e9rias\u201d.<\/strong><\/p>\n<div class=\"epyt-video-wrapper\"><iframe loading=\"lazy\"  id=\"_ytid_45666\"  width=\"810\" height=\"456\"  data-origwidth=\"810\" data-origheight=\"456\" src=\"https:\/\/www.youtube.com\/embed\/yplwrQIWgIw?enablejsapi=1&#038;autoplay=0&#038;cc_load_policy=0&#038;cc_lang_pref=&#038;iv_load_policy=1&#038;loop=0&#038;rel=1&#038;fs=1&#038;playsinline=0&#038;autohide=2&#038;theme=dark&#038;color=red&#038;controls=1&#038;disablekb=0&#038;\" class=\"__youtube_prefs__  epyt-is-override  no-lazyload\" title=\"YouTube player\"  allow=\"fullscreen; accelerometer; autoplay; clipboard-write; encrypted-media; gyroscope; picture-in-picture; web-share\" referrerpolicy=\"strict-origin-when-cross-origin\" allowfullscreen data-no-lazy=\"1\" data-skipgform_ajax_framebjll=\"\"><\/iframe><\/div>\n<p style=\"text-align: justify;\"><strong>3 \u2013 Filme \u201cZuzu Angel\u201d.<\/strong><\/p>\n<div class=\"epyt-video-wrapper\"><iframe loading=\"lazy\"  id=\"_ytid_43969\"  width=\"810\" height=\"456\"  data-origwidth=\"810\" data-origheight=\"456\" src=\"https:\/\/www.youtube.com\/embed\/KIlELuuROhA?enablejsapi=1&#038;autoplay=0&#038;cc_load_policy=0&#038;cc_lang_pref=&#038;iv_load_policy=1&#038;loop=0&#038;rel=1&#038;fs=1&#038;playsinline=0&#038;autohide=2&#038;theme=dark&#038;color=red&#038;controls=1&#038;disablekb=0&#038;\" class=\"__youtube_prefs__  epyt-is-override  no-lazyload\" title=\"YouTube player\"  allow=\"fullscreen; accelerometer; autoplay; clipboard-write; encrypted-media; gyroscope; picture-in-picture; web-share\" referrerpolicy=\"strict-origin-when-cross-origin\" allowfullscreen data-no-lazy=\"1\" data-skipgform_ajax_framebjll=\"\"><\/iframe><\/div>\n<p style=\"text-align: justify;\"><a href=\"#_ftnref1\" name=\"_ftn1\">[1]<\/a> Frei e padre da Ordem dos carmelitas; doutor em Educa\u00e7\u00e3o pela FAE\/UFMG; licenciado e bacharel em Filosofia pela UFPR; bacharel em Teologia pelo ITESP<strong>\/<\/strong>SP; mestre em Ci\u00eancias B\u00edblicas; assessor da CPT, CEBI, SAB e Ocupa\u00e7\u00f5es Urbanas; prof. de \u201cMovimentos Sociais Populares e Direitos Humanos\u201d no IDH, em Belo Horizonte, MG.<\/p>\n<p style=\"text-align: justify;\">E-mail: <a href=\"mailto:gilvanderlm@gmail.com\">gilvanderlm@gmail.com<\/a> \u2013 <a href=\"http:\/\/www.gilvander.org.br\">www.gilvander.org.br<\/a> &#8211; <a href=\"http:\/\/www.freigilvander.blogspot.com.br\">www.freigilvander.blogspot.com.br<\/a>\u00a0\u00a0\u00a0\u00a0\u00a0 \u2013<\/p>\n<p style=\"text-align: justify;\"><a href=\"http:\/\/www.twitter.com\/gilvanderluis\">www.twitter.com\/gilvanderluis<\/a>\u00a0\u00a0\u00a0\u00a0\u00a0\u00a0\u00a0 \u2013\u00a0\u00a0\u00a0\u00a0 Facebook: Gilvander Moreira III<\/p>\n<p style=\"text-align: justify;\"><a href=\"#_ftnref2\" name=\"_ftn2\">[2]<\/a> Jornal <em>A Verdade<\/em>, dez.\/jan.\/2017, n. 190, ano 17, p. 5. Cf. <a href=\"http:\/\/www.averdade.org.br\">www.averdade.org.br<\/a><\/p>\n","protected":false},"excerpt":{"rendered":"<p>Votar na Democracia ou na Ditadura? Por Gilvander Moreira[1] \u201cFelizes os que constroem a paz, pois ser\u00e3o chamados filhos de Deus\u201d (Mateus 5,9), bradou Jesus Cristo no Discurso da Montanha, na palestina, col\u00f4nia com povo<\/p>\n","protected":false},"author":2,"featured_media":3099,"comment_status":"open","ping_status":"open","sticky":false,"template":"","format":"standard","meta":{"footnotes":""},"categories":[21,40,27,30,29,32],"tags":[],"class_list":["post-3098","post","type-post","status-publish","format-standard","has-post-thumbnail","hentry","category-artigo","category-direito-a-cidade","category-direitos-humanos","category-fe-e-politica","category-movimentos-sociais-populares","category-videos"],"_links":{"self":[{"href":"http:\/\/gilvander.org.br\/site\/wp-json\/wp\/v2\/posts\/3098","targetHints":{"allow":["GET"]}}],"collection":[{"href":"http:\/\/gilvander.org.br\/site\/wp-json\/wp\/v2\/posts"}],"about":[{"href":"http:\/\/gilvander.org.br\/site\/wp-json\/wp\/v2\/types\/post"}],"author":[{"embeddable":true,"href":"http:\/\/gilvander.org.br\/site\/wp-json\/wp\/v2\/users\/2"}],"replies":[{"embeddable":true,"href":"http:\/\/gilvander.org.br\/site\/wp-json\/wp\/v2\/comments?post=3098"}],"version-history":[{"count":1,"href":"http:\/\/gilvander.org.br\/site\/wp-json\/wp\/v2\/posts\/3098\/revisions"}],"predecessor-version":[{"id":3100,"href":"http:\/\/gilvander.org.br\/site\/wp-json\/wp\/v2\/posts\/3098\/revisions\/3100"}],"wp:featuredmedia":[{"embeddable":true,"href":"http:\/\/gilvander.org.br\/site\/wp-json\/wp\/v2\/media\/3099"}],"wp:attachment":[{"href":"http:\/\/gilvander.org.br\/site\/wp-json\/wp\/v2\/media?parent=3098"}],"wp:term":[{"taxonomy":"category","embeddable":true,"href":"http:\/\/gilvander.org.br\/site\/wp-json\/wp\/v2\/categories?post=3098"},{"taxonomy":"post_tag","embeddable":true,"href":"http:\/\/gilvander.org.br\/site\/wp-json\/wp\/v2\/tags?post=3098"}],"curies":[{"name":"wp","href":"https:\/\/api.w.org\/{rel}","templated":true}]}}