{"id":3137,"date":"2018-11-09T14:41:04","date_gmt":"2018-11-09T16:41:04","guid":{"rendered":"http:\/\/gilvander.org.br\/site\/?p=3137"},"modified":"2018-11-09T14:52:00","modified_gmt":"2018-11-09T16:52:00","slug":"povo-indigena-tuxa-em-luta-pelo-territorio-em-buritizeiros-mg-a-terra-e-mae-09-10-2018","status":"publish","type":"post","link":"http:\/\/gilvander.org.br\/site\/povo-indigena-tuxa-em-luta-pelo-territorio-em-buritizeiros-mg-a-terra-e-mae-09-10-2018\/","title":{"rendered":"Povo ind\u00edgena Tux\u00e1 em luta pelo territ\u00f3rio, em Buritizeiros\/MG: &#8220;A terra \u00e9 m\u00e3e!&#8221;. 09\/10\/2018."},"content":{"rendered":"<p><strong>Povo ind\u00edgena Tux\u00e1 em luta pelo territ\u00f3rio, em Buritizeiros\/MG: &#8220;A terra \u00e9 m\u00e3e!&#8221;. 09\/10\/2018.<\/strong><\/p>\n<div class=\"epyt-video-wrapper\"><iframe loading=\"lazy\"  id=\"_ytid_15680\"  width=\"810\" height=\"456\"  data-origwidth=\"810\" data-origheight=\"456\" src=\"https:\/\/www.youtube.com\/embed\/vDfPSIm8eVo?enablejsapi=1&#038;autoplay=0&#038;cc_load_policy=0&#038;cc_lang_pref=&#038;iv_load_policy=1&#038;loop=0&#038;rel=1&#038;fs=1&#038;playsinline=0&#038;autohide=2&#038;theme=dark&#038;color=red&#038;controls=1&#038;disablekb=0&#038;\" class=\"__youtube_prefs__  epyt-is-override  no-lazyload\" title=\"YouTube player\"  allow=\"fullscreen; accelerometer; autoplay; clipboard-write; encrypted-media; gyroscope; picture-in-picture; web-share\" referrerpolicy=\"strict-origin-when-cross-origin\" allowfullscreen data-no-lazy=\"1\" data-skipgform_ajax_framebjll=\"\"><\/iframe><\/div>\n<p style=\"text-align: justify;\">H\u00e1 tr\u00eas anos, parte da Comunidade Ind\u00edgena Tux\u00e1, na aldeia Tux\u00e1 Setor Bragag\u00e1, se encontra em uma Retomada (Ocupa\u00e7\u00e3o) na fazenda Santo Ant\u00f4nio, no distrito da Cachoeira da Manteiga, munic\u00edpio de Buritizeiro\/MG, pr\u00f3ximo \u00e0 conflu\u00eancia do rio Paracatu com o rio S\u00e3o Francisco. Os ind\u00edgenas Tux\u00e1 est\u00e3o h\u00e1 65 anos na regi\u00e3o de Pirapora. Foram trazidos de localidades atingidas pela barragem de Itaparica, no Rio S\u00e3o Francisco, em Rodelas, na Bahia, para Minas Gerais pela lideran\u00e7a Tux\u00e1 Mestre Roque, Os Tux\u00e1 reivindicam a fazenda Santo Ant\u00f4nio, de propriedade do Estado de Minas Gerais, bem como o acesso \u00e0s pol\u00edticas p\u00fablicas a que t\u00eam direito. Eles querem produzir nessa terra, plantar e colher para sobreviver, manter as suas tradi\u00e7\u00f5es culturais, sua hist\u00f3ria. Em uma Nota Oficial da comunidade datada de 23 de novembro de 2015, os Tux\u00e1 denunciam o clima de tens\u00e3o provocado por latifundi\u00e1rios da regi\u00e3o que, ao longo dos anos, v\u00eam explorando a terra em retomada, dela fazendo uso indevido para cria\u00e7\u00e3o de gado, matan\u00e7a de animais silvestres, desmatamento, sendo percebido ali vest\u00edgios de atividade madeireira e de carvoaria, entre outras formas de devasta\u00e7\u00e3o ambiental. Nesse v\u00eddeo, o depoimento da Cacica An\u00e1lia Tux\u00e1, que participou de Reuni\u00e3o com representantes do Governo de Minas Gerais, juntamente com outras lideran\u00e7as dos Povos Ind\u00edgenas em Minas Gerais e agente de pastoral da Comiss\u00e3o Pastoral da Terra (CPT), na Cidade Administrativa, em Belo Horizonte, no dia 09\/10\/2018. Na pauta da Mesa, a luta dos povos ind\u00edgenas em Minas Gerais por direitos e pela posse das terras em retomada, terras antes ociosas, sem cumprir qualquer fun\u00e7\u00e3o social e que, para os Povos Ind\u00edgenas, s\u00e3o fundamentais para sua sobreviv\u00eancia e sua (re)exist\u00eancia.<\/p>\n<figure id=\"attachment_3138\" aria-describedby=\"caption-attachment-3138\" style=\"width: 300px\" class=\"wp-caption alignleft\"><img loading=\"lazy\" decoding=\"async\" class=\"wp-image-3138 size-medium\" src=\"http:\/\/gilvander.org.br\/site\/wp-content\/uploads\/2018\/11\/An\u00e1lia-Tux\u00e1-cacica-300x168.jpg\" alt=\"\" width=\"300\" height=\"168\" \/><figcaption id=\"caption-attachment-3138\" class=\"wp-caption-text\">Reprodu\u00e7\u00e3o do Youtube: Cacica An\u00e1lia, do Povo Tux\u00e1, de Buritizeiro, MG, em Confer\u00eancia Indigenista.<\/figcaption><\/figure>\n<p style=\"text-align: justify;\">*Filmagem de frei Gilvander Moreira, da CPT, das CEBs e do CEBI. Edi\u00e7\u00e3o de N\u00e1dia Oliveira, colaboradora da CPT-MG. Belo Horizonte\/MG, 09\/10\/2018.<\/p>\n<p style=\"text-align: justify;\">* Inscreva-se no You Tube, no Canal Frei Gilvander Luta pela Terra e por Direitos, no link: <a href=\"https:\/\/www.youtube.com\/user\/fgilvander\">https:\/\/www.youtube.com\/user\/fgilvander<\/a>, acione o sininho, receba as notifica\u00e7\u00f5es de envio de v\u00eddeos e assista a diversos v\u00eddeos de luta por direitos sociais. Se assistir e gostar, compartilhe. Sugerimos.<\/p>\n<p style=\"text-align: justify;\"><a href=\"https:\/\/www.youtube.com\/results?search_query=%23FreiGilvander\">#FreiGilvander<\/a><\/p>\n","protected":false},"excerpt":{"rendered":"<p>Povo ind\u00edgena Tux\u00e1 em luta pelo territ\u00f3rio, em Buritizeiros\/MG: &#8220;A terra \u00e9 m\u00e3e!&#8221;. 09\/10\/2018. H\u00e1 tr\u00eas anos, parte da Comunidade Ind\u00edgena Tux\u00e1, na aldeia Tux\u00e1 Setor Bragag\u00e1, se encontra em uma Retomada (Ocupa\u00e7\u00e3o) na fazenda<\/p>\n","protected":false},"author":2,"featured_media":3138,"comment_status":"open","ping_status":"open","sticky":false,"template":"","format":"standard","meta":{"footnotes":""},"categories":[39,27,29,43,32,18],"tags":[],"class_list":["post-3137","post","type-post","status-publish","format-standard","has-post-thumbnail","hentry","category-direitos-dos-povos-indigenas","category-direitos-humanos","category-movimentos-sociais-populares","category-pedagogia-emancipatoria","category-videos","category-videos-de-frei-gilvander"],"_links":{"self":[{"href":"http:\/\/gilvander.org.br\/site\/wp-json\/wp\/v2\/posts\/3137","targetHints":{"allow":["GET"]}}],"collection":[{"href":"http:\/\/gilvander.org.br\/site\/wp-json\/wp\/v2\/posts"}],"about":[{"href":"http:\/\/gilvander.org.br\/site\/wp-json\/wp\/v2\/types\/post"}],"author":[{"embeddable":true,"href":"http:\/\/gilvander.org.br\/site\/wp-json\/wp\/v2\/users\/2"}],"replies":[{"embeddable":true,"href":"http:\/\/gilvander.org.br\/site\/wp-json\/wp\/v2\/comments?post=3137"}],"version-history":[{"count":1,"href":"http:\/\/gilvander.org.br\/site\/wp-json\/wp\/v2\/posts\/3137\/revisions"}],"predecessor-version":[{"id":3139,"href":"http:\/\/gilvander.org.br\/site\/wp-json\/wp\/v2\/posts\/3137\/revisions\/3139"}],"wp:featuredmedia":[{"embeddable":true,"href":"http:\/\/gilvander.org.br\/site\/wp-json\/wp\/v2\/media\/3138"}],"wp:attachment":[{"href":"http:\/\/gilvander.org.br\/site\/wp-json\/wp\/v2\/media?parent=3137"}],"wp:term":[{"taxonomy":"category","embeddable":true,"href":"http:\/\/gilvander.org.br\/site\/wp-json\/wp\/v2\/categories?post=3137"},{"taxonomy":"post_tag","embeddable":true,"href":"http:\/\/gilvander.org.br\/site\/wp-json\/wp\/v2\/tags?post=3137"}],"curies":[{"name":"wp","href":"https:\/\/api.w.org\/{rel}","templated":true}]}}