{"id":3166,"date":"2018-11-14T10:53:54","date_gmt":"2018-11-14T12:53:54","guid":{"rendered":"http:\/\/gilvander.org.br\/site\/?p=3166"},"modified":"2018-11-14T10:53:54","modified_gmt":"2018-11-14T12:53:54","slug":"a-luta-pela-terra-em-campo-do-meio-mg-so-acaba-com-o-assentamento-das-familias-no-latifundio-da-ex-usina-ariadnopolis-memoria-necessaria","status":"publish","type":"post","link":"http:\/\/gilvander.org.br\/site\/a-luta-pela-terra-em-campo-do-meio-mg-so-acaba-com-o-assentamento-das-familias-no-latifundio-da-ex-usina-ariadnopolis-memoria-necessaria\/","title":{"rendered":"A luta pela terra em Campo do Meio, MG, s\u00f3 acaba com o assentamento das fam\u00edlias no latif\u00fandio da ex-usina Ariadn\u00f3polis: mem\u00f3ria necess\u00e1ria."},"content":{"rendered":"<p><strong>A luta pela terra em Campo do Meio, MG, s\u00f3 acaba com o assentamento das fam\u00edlias no latif\u00fandio da ex-usina Ariadn\u00f3polis: mem\u00f3ria necess\u00e1ria.\u00a0<\/strong><\/p>\n<p>Por frei Gilvander Moreira<a href=\"#_ftn1\" name=\"_ftnref1\"><sup>[1]<\/sup><\/a><\/p>\n<figure id=\"attachment_3167\" aria-describedby=\"caption-attachment-3167\" style=\"width: 300px\" class=\"wp-caption alignleft\"><img loading=\"lazy\" decoding=\"async\" class=\"wp-image-3167 size-medium\" src=\"http:\/\/gilvander.org.br\/site\/wp-content\/uploads\/2018\/11\/Quilombo-Campo-Grande-do-MST-1-300x225.jpg\" alt=\"\" width=\"300\" height=\"225\" srcset=\"http:\/\/gilvander.org.br\/site\/wp-content\/uploads\/2018\/11\/Quilombo-Campo-Grande-do-MST-1-300x225.jpg 300w, http:\/\/gilvander.org.br\/site\/wp-content\/uploads\/2018\/11\/Quilombo-Campo-Grande-do-MST-1-768x576.jpg 768w, http:\/\/gilvander.org.br\/site\/wp-content\/uploads\/2018\/11\/Quilombo-Campo-Grande-do-MST-1.jpg 960w\" sizes=\"auto, (max-width: 300px) 100vw, 300px\" \/><figcaption id=\"caption-attachment-3167\" class=\"wp-caption-text\">Manifesta\u00e7\u00e3o de Sem Terra do MST do Quilombo Campo Grande, na pra\u00e7a diante do F\u00f3rum em Campos Gerais, dia 07\/11\/2018, contra despejo de 11 Acampamentos no latif\u00fandio da ex-usina Ariadn\u00f3polis, em Campo do Meio, sul de Minas Gerais. Foto: Douglas Mansur.<\/figcaption><\/figure>\n<p style=\"text-align: justify;\">Em Campo do Meio, no sul de Minas Gerais, quase 500 fam\u00edlias Sem Terra, do MST (Movimento dos Trabalhadores Rurais), ocupam h\u00e1 20 anos, desde 14 de mar\u00e7o de 1998, um latif\u00fandio de 3.900 hectares que n\u00e3o cumpria sua fun\u00e7\u00e3o social \u2013 as terras da ex-usina Ariadn\u00f3polis. S\u00e3o 11 Acampamentos que formam o Quilombo Campo Grande. Onde antes se plantava apenas cana-de-a\u00e7\u00facar e gerava lucro apenas para poucos empres\u00e1rios, pela luta e trabalho dos Sem Terra do MST tornou-se um campo\u00a0f\u00e9rtil que est\u00e1 produzindo 510 toneladas de caf\u00e9 agroecol\u00f3gico por ano, al\u00e9m de 55.000 sacas de milho crioulo, 500 toneladas de feij\u00e3o, 8 toneladas de mel, al\u00e9m de 40 hectares de hortas, isso apenas na safra entre 2017 e 2018. H\u00e1 tamb\u00e9m um Coletivo de Mulheres que produzem ervas medicinais. No acampamento foram plantadas 60 mil mudas de \u00e1rvores nativas e 60 mil \u00e1rvores frut\u00edferas. Ap\u00f3s seis despejos e reocupa\u00e7\u00e3o do latif\u00fandio da Ariadn\u00f3polis que estava abandonado desde a fal\u00eancia da usina, o Quilombo Campo Grande est\u00e1 sob a imin\u00eancia de novo despejo, ap\u00f3s decis\u00e3o de um juiz da Vara Agr\u00e1ria de Minas que autorizou Liminar de Reintegra\u00e7\u00e3o de Posse.<\/p>\n<p style=\"text-align: justify;\">Para compreendermos a justeza e a legitimidade da luta dos Sem Terra do MST no Quilombo Campo Grande \u00e9 preciso fazermos retrospectiva hist\u00f3rica. Mesmo sob decis\u00e3o judicial de reintegra\u00e7\u00e3o de posse, as quase 500 fam\u00edlias Sem Terra est\u00e3o determinadas a n\u00e3o aceitarem o despejo. N\u00e3o pode acontecer outro massacre como o de Eldorado dos Caraj\u00e1s, ocorrido em 17 de abril de 1996. A hist\u00f3ria revela que conflitos agr\u00e1rios e injusti\u00e7a social existem h\u00e1 v\u00e1rias d\u00e9cadas na regi\u00e3o de Campo do Meio. Injusti\u00e7a social e agr\u00e1ria s\u00f3 se supera de forma justa e pac\u00edfica com Pol\u00edtica P\u00fablica, no caso, reforma agr\u00e1ria. Repress\u00e3o piora mil vez os problemas sociais.<\/p>\n<p style=\"text-align: justify;\">Na d\u00e9cada de 1980, houve intenso combate ao trabalho escravo no sul de Minas por 15 Sindicatos de Trabalhadores Rurais (STRs) da regi\u00e3o que tinham rompido com a FETAEMG (Federa\u00e7\u00e3o dos Trabalhadores na Agricultura do estado de Minas Gerais). Em 1983, aconteceu em Campo do Meio a fal\u00eancia da Usina Ariadn\u00f3polis, deixando mais de 300 milh\u00f5es de reais de d\u00edvidas trabalhistas e milhares de desempregados. No ano seguinte, de 20 a 22 de janeiro de 1984, aconteceu um Encontro Nacional de Camponeses em Cascavel, no Paran\u00e1, que se tornou o momento da cria\u00e7\u00e3o do MST. Quatro anos depois, na madrugada de 12 de fevereiro de 1988, aconteceu a 1\u00aa Ocupa\u00e7\u00e3o do MST em Minas Gerais, com 400 fam\u00edlias, na fazenda Aruega, no munic\u00edpio de Novo Cruzeiro, no Vale do Jequitinhonha. Agentes de pastoral da Comiss\u00e3o Pastoral da Terra (CPT) fizeram a maior parte do trabalho de base para reunir as fam\u00edlias para a 1\u00aa ocupa\u00e7\u00e3o do MST em Minas. Em Campo do Meio, as injusti\u00e7as sociais eram t\u00e3o grandes que em 1995 aconteceu a 3\u00aa greve de 90 dias dos trabalhadores rurais boias frias lesados em seus direitos trabalhistas pela fal\u00eancia da Usina Ariadn\u00f3polis. No ano seguinte, em 17 de abril de 1996, aconteceu o massacre de 21 Sem Terra em Eldorado dos Caraj\u00e1s, no Par\u00e1. Sete meses ap\u00f3s, em 18 de novembro de 1996, aconteceu a Ocupa\u00e7\u00e3o da fazenda Jatob\u00e1, pelo MST, em Campo do Meio. Sob o impacto do massacre de Eldorado dos Caraj\u00e1s, o Governo Federal, tentando mostrar algum compromisso com a reforma agr\u00e1ria, dia 02 de julho de 1997, criou o Assentamento Primeiro do Sul, do MST, em Campo do Meio, na fazenda Jatob\u00e1, com 84 fam\u00edlias. Entretanto, sete anos depois, mais sangue de Sem Terra irrigava a m\u00e3e terra mineira, dia 20 de novembro de 2004, com o massacre de cinco Sem Terra no Acampamento Terra Prometida em Felisburgo, no Vale do Jequitinhonha. Com o fortalecimento da luta pela terra no sul de Minas, dia 12 de maio de 2006, o MST conquistou a cria\u00e7\u00e3o do Assentamento Santo Dias, em Guap\u00e9, no sul de Minas, assentamento com 100% de produ\u00e7\u00e3o agroecol\u00f3gica. No entanto, rastros de trabalho escravo continuavam no sul de Minas e dia 19 de agosto de 2008, um caminh\u00e3o de boias frias tombou na rodovia Fern\u00e3o Dias, em Santo Ant\u00f4nio do Amparo, sul de Minas, matando 14 boias frias e deixando 18 feridos, v\u00e1rios ficando tetrapl\u00e9gicos para o resto da vida. Por\u00e9m, a luta pela terra n\u00e3o parou, ali\u00e1s, continuou crescendo, at\u00e9 que dia 07 de fevereiro de 2014, a fam\u00edlia Sem Terra do MST conquistou a cria\u00e7\u00e3o do Assentamento Nova Conquista II, nas terras da Ariadn\u00f3polis, em Campo do Meio. Era o MST cravando definitivamente sua bandeira no mega latif\u00fandio da Ariadn\u00f3polis. Diante da falta de compromisso do Governo Federal e com os ensurdecedores clamores dos Sem Terra, em 25 de setembro de 2015, o governador de Minas Gerais, Fernando Pimentel, assinou o decreto n. 365\/2015 desapropriando por interesse social para cria\u00e7\u00e3o de col\u00f4nia agr\u00edcola mais de 3 mil hectares do latif\u00fandio da ex-usina Ariadn\u00f3polis, ficando fora os Acampamentos Vit\u00f3ria da Conquista, Potreiro, Chico Mendes e a \u00e1rea de 54 hectares da sede da Usina. Esse decreto pavimentava juridicamente o caminho para a conquista da integralidade das terras da Ariadn\u00f3polis pelo MST. Dia 09 de mar\u00e7o de 2016 aconteceu mais uma conquista: o governador Pimentel assinou um 2\u00ba decreto (n. 107\/2016) desapropriando outra \u00e1rea da Ariadn\u00f3polis para fins de reforma agr\u00e1ria. Entretanto, a queda de bra\u00e7o entre Latif\u00fandio e Sem Terra, que dura h\u00e1 muitas d\u00e9cadas, continuou. Dia 23 de novembro de 2016, o \u00d3rg\u00e3o Superior do TJMG (Tribunal de Justi\u00e7a de Minas Gerais) rejeitou o Mandado de Seguran\u00e7a que questionava o Decreto n. 365\/2015 do Governador Pimentel. Contudo, um lobby de deputados ruralistas e do agroneg\u00f3cio conseguiu junto ao judici\u00e1rio a derrubada dos decretos de desapropria\u00e7\u00e3o e um juiz substituto da Vara Agr\u00e1ria de Minas, dia 07 de novembro de 2018, decidiu restabelecer Liminar de Reintegra\u00e7\u00e3o. Um absurdo jur\u00eddico e inconstitucional.<\/p>\n<p style=\"text-align: justify;\">Na luta pela terra no Sul de Minas, o MST j\u00e1 conquistou tr\u00eas assentamentos: o PA Primeiro do Sul, o PA Nova Conquista II, em Campo do Meio e o PA Santo Dias, no munic\u00edpio de Guap\u00e9. Al\u00e9m disso, no grande latif\u00fandio da ex-usina Ariadn\u00f3polis, o MST est\u00e1 com o Quilombo Campo Grande integrado por 11 acampamentos. S\u00e3o eles: Tiradentes, com 28 fam\u00edlias, em lotes de 8 a 10 hectares; Vit\u00f3ria da Conquista, com 36 fam\u00edlias; Rosa Luxemburgo, com 77 fam\u00edlias; Sidney Dias, com 86 fam\u00edlias; Girassol, com 35 fam\u00edlias, pr\u00f3ximo da cidade, com um ou dois hectares cada lote; Fome Zero, com 36 fam\u00edlias; Resist\u00eancia, com umas 40 fam\u00edlias; Betim, com umas 40 fam\u00edlias; Chico Mendes, com umas 30 fam\u00edlias; Irm\u00e3 Dorothy, com 7 fam\u00edlias; Campos das Flores, com 15 fam\u00edlias (Dados de 2016 da coordena\u00e7\u00e3o do MST em Campo do Meio).<\/p>\n<p style=\"text-align: justify;\">O PA Primeiro do Sul n\u00e3o foi constru\u00eddo da noite para o dia &#8211; teve uma longa gesta\u00e7\u00e3o. Como cidade interiorana, Campo do Meio foi \u2013 e ainda \u00e9 em grande parte, palco de pr\u00e1ticas coronelistas &#8211; com o seu corol\u00e1rio clientelismo -, o que inibiu durante muito tempo a reuni\u00e3o de condi\u00e7\u00f5es materiais, objetivas e subjetivas para se fazer o primeiro Acampamento do MST no sul de Minas. \u201cFoi muito duro o in\u00edcio da luta pela terra aqui no Primeiro do Sul. Eu sei de relatos de fome extrema de fam\u00edlias ao ponto de, \u00e0 noite, filhos chorarem de fome pedindo comida\u201d (S\u00edlvio Neto, do MST).<\/p>\n<p style=\"text-align: justify;\">O primeiro assentamento do MST na regi\u00e3o foi gestado no latif\u00fandio da ex-usina Ariadn\u00f3polis, com toda sua hist\u00f3ria: falida em 1983, como suced\u00e2nea de Engenho de cana-de-a\u00e7\u00facar que existiu desde a \u00e9poca da escravid\u00e3o &#8211; \u00e9poca colonial pr\u00e9-1888. Ariadn\u00f3polis, etimologicamente significa \u2018cidade de Ariadna\u2019, nome de uma das filhas do dono da terra, falecida em 1906. Palco de uma das maiores vergonhas da hist\u00f3ria do Brasil, Campo do Meio abrigou durante s\u00e9culos um engenho que arrancou suor e sangue de milhares de trabalhadores camponeses. A Usina Ariadn\u00f3polis de a\u00e7\u00facar e \u00e1lcool foi respons\u00e1vel por uma fort\u00edssima agress\u00e3o ambiental, vilipendiou a dignidade de milhares de trabalhadores camponeses e promoveu um enorme calote aos cofres p\u00fablicos. \u201cEu conheci dois trabalhadores que foram mortos na usina Ariadn\u00f3polis por acidente de trabalho. Ap\u00f3s a usina falir, muitos trabalhadores morreram sem receber seus direitos trabalhistas\u201d (Oliv\u00e9rio de Carvalho, assentado no PA Primeiro do Sul).<\/p>\n<p style=\"text-align: justify;\">Na regi\u00e3o do sul de Minas, a monocultura do caf\u00e9 \u00e9 muito forte com uma intensa presen\u00e7a de trabalhadores camponeses imigrantes que v\u00eam trabalhar todos os anos nas fazendas na colheita do caf\u00e9. Muitos trabalhadores boias-frias j\u00e1 morreram em acidentes de tr\u00e2nsito, melhor dizendo, em crimes premeditados por causa das condi\u00e7\u00f5es prec\u00e1rias dos caminh\u00f5es e \u00f4nibus, indo ou voltando das fazendas de caf\u00e9. \u201cOutro caminh\u00e3o sem freio tombou na curva de uma estrada no munic\u00edpio de Guap\u00e9 e matou 11 boias-frias, 10 negros e 1 branco, que trabalhavam em lavouras de caf\u00e9\u201d (Sebasti\u00e3o M\u00e9lia Marques, assentado no PA Primeiro do Sul).<\/p>\n<p style=\"text-align: justify;\">Por toda essa hist\u00f3ria de luta e enfrentamentos, conquistas custando muito suor e sangue, inclusive, n\u00e3o pode haver tentativa de despejo dos 11 Acampamentos do MST no Quilombo Grande, em Campo do Meio; campo que j\u00e1 foi campo de repouso para os tropeiros e n\u00e3o pode se transformar em um Campo de Guerra. O justo \u00e9 assentar as quase 500 fam\u00edlias no latif\u00fandio da Ariadn\u00f3polis.<\/p>\n<p style=\"text-align: justify;\">Belo Horizonte, MG, 14\/11\/2018.<\/p>\n<p style=\"text-align: justify;\"><strong>Obs<\/strong>.: Os v\u00eddeos, abaixam, ilustram o texto acima.<\/p>\n<p style=\"text-align: justify;\"><strong>1 &#8211; Quilombo Campo Grande (MST) em Campo do Meio, sul de MG: Despejo, n\u00e3o. 1\u00aa Parte. 07\/11\/2018.<\/strong><\/p>\n<div class=\"epyt-video-wrapper\"><iframe loading=\"lazy\"  id=\"_ytid_71588\"  width=\"810\" height=\"456\"  data-origwidth=\"810\" data-origheight=\"456\" src=\"https:\/\/www.youtube.com\/embed\/WKnYB3vsWnc?enablejsapi=1&#038;autoplay=0&#038;cc_load_policy=0&#038;cc_lang_pref=&#038;iv_load_policy=1&#038;loop=0&#038;rel=1&#038;fs=1&#038;playsinline=0&#038;autohide=2&#038;theme=dark&#038;color=red&#038;controls=1&#038;disablekb=0&#038;\" class=\"__youtube_prefs__  epyt-is-override  no-lazyload\" title=\"YouTube player\"  allow=\"fullscreen; accelerometer; autoplay; clipboard-write; encrypted-media; gyroscope; picture-in-picture; web-share\" referrerpolicy=\"strict-origin-when-cross-origin\" allowfullscreen data-no-lazy=\"1\" data-skipgform_ajax_framebjll=\"\"><\/iframe><\/div>\n<p style=\"text-align: justify;\"><strong>2 \u2013 Resist\u00eancia e clamor por justi\u00e7a: Quilombo Campo Grande\/MST, em Campo do Meio\/MG. 2\u00aa Parte. 07\/11\/18.<\/strong><\/p>\n<div class=\"epyt-video-wrapper\"><iframe loading=\"lazy\"  id=\"_ytid_67848\"  width=\"810\" height=\"456\"  data-origwidth=\"810\" data-origheight=\"456\" src=\"https:\/\/www.youtube.com\/embed\/u7Z5yNWwgz8?enablejsapi=1&#038;autoplay=0&#038;cc_load_policy=0&#038;cc_lang_pref=&#038;iv_load_policy=1&#038;loop=0&#038;rel=1&#038;fs=1&#038;playsinline=0&#038;autohide=2&#038;theme=dark&#038;color=red&#038;controls=1&#038;disablekb=0&#038;\" class=\"__youtube_prefs__  epyt-is-override  no-lazyload\" title=\"YouTube player\"  allow=\"fullscreen; accelerometer; autoplay; clipboard-write; encrypted-media; gyroscope; picture-in-picture; web-share\" referrerpolicy=\"strict-origin-when-cross-origin\" allowfullscreen data-no-lazy=\"1\" data-skipgform_ajax_framebjll=\"\"><\/iframe><\/div>\n<p style=\"text-align: justify;\"><strong>3- Direito \u00e0 terra \u00e9 de quem nela trabalha: Quilombo Campo Grande\/MST\/Campo do Meio\/MG\/3\u00aa Parte\/11\/2018.<\/strong><\/p>\n<div class=\"epyt-video-wrapper\"><iframe loading=\"lazy\"  id=\"_ytid_64517\"  width=\"810\" height=\"456\"  data-origwidth=\"810\" data-origheight=\"456\" src=\"https:\/\/www.youtube.com\/embed\/4YNNg1WS3L0?enablejsapi=1&#038;autoplay=0&#038;cc_load_policy=0&#038;cc_lang_pref=&#038;iv_load_policy=1&#038;loop=0&#038;rel=1&#038;fs=1&#038;playsinline=0&#038;autohide=2&#038;theme=dark&#038;color=red&#038;controls=1&#038;disablekb=0&#038;\" class=\"__youtube_prefs__  epyt-is-override  no-lazyload\" title=\"YouTube player\"  allow=\"fullscreen; accelerometer; autoplay; clipboard-write; encrypted-media; gyroscope; picture-in-picture; web-share\" referrerpolicy=\"strict-origin-when-cross-origin\" allowfullscreen data-no-lazy=\"1\" data-skipgform_ajax_framebjll=\"\"><\/iframe><\/div>\n<p style=\"text-align: justify;\"><strong>4 &#8211; Palavra \u00c9tica na TVC\/BH: luta pela terra no Sul de Minas. Horta medicinal e um assentado. 02\/03\/16.<\/strong><\/p>\n<div class=\"epyt-video-wrapper\"><iframe loading=\"lazy\"  id=\"_ytid_76825\"  width=\"810\" height=\"456\"  data-origwidth=\"810\" data-origheight=\"456\" src=\"https:\/\/www.youtube.com\/embed\/pzA9fYe_cKg?enablejsapi=1&#038;autoplay=0&#038;cc_load_policy=0&#038;cc_lang_pref=&#038;iv_load_policy=1&#038;loop=0&#038;rel=1&#038;fs=1&#038;playsinline=0&#038;autohide=2&#038;theme=dark&#038;color=red&#038;controls=1&#038;disablekb=0&#038;\" class=\"__youtube_prefs__  epyt-is-override  no-lazyload\" title=\"YouTube player\"  allow=\"fullscreen; accelerometer; autoplay; clipboard-write; encrypted-media; gyroscope; picture-in-picture; web-share\" referrerpolicy=\"strict-origin-when-cross-origin\" allowfullscreen data-no-lazy=\"1\" data-skipgform_ajax_framebjll=\"\"><\/iframe><\/div>\n<p style=\"text-align: justify;\"><strong>5 &#8211; Silvinho\/MST: ORGANIZA\u00c7\u00c3O, CORAGEM, UNIDADE. Campo do Meio\/MG &#8211; 11\/12\/2017.<\/strong><\/p>\n<div class=\"epyt-video-wrapper\"><iframe loading=\"lazy\"  id=\"_ytid_85553\"  width=\"810\" height=\"456\"  data-origwidth=\"810\" data-origheight=\"456\" src=\"https:\/\/www.youtube.com\/embed\/G_QK_aP87Fw?enablejsapi=1&#038;autoplay=0&#038;cc_load_policy=0&#038;cc_lang_pref=&#038;iv_load_policy=1&#038;loop=0&#038;rel=1&#038;fs=1&#038;playsinline=0&#038;autohide=2&#038;theme=dark&#038;color=red&#038;controls=1&#038;disablekb=0&#038;\" class=\"__youtube_prefs__  epyt-is-override  no-lazyload\" title=\"YouTube player\"  allow=\"fullscreen; accelerometer; autoplay; clipboard-write; encrypted-media; gyroscope; picture-in-picture; web-share\" referrerpolicy=\"strict-origin-when-cross-origin\" allowfullscreen data-no-lazy=\"1\" data-skipgform_ajax_framebjll=\"\"><\/iframe><\/div>\n<p style=\"text-align: justify;\"><strong>6 &#8211; MST\/Ato Pol\u00edtico em Campo do Meio\/MG, contra a viol\u00eancia, pela Reforma Agr\u00e1ria\u20134\u00aa Parte\u201311\/12\/2017.<\/strong><\/p>\n<div class=\"epyt-video-wrapper\"><iframe loading=\"lazy\"  id=\"_ytid_13380\"  width=\"810\" height=\"456\"  data-origwidth=\"810\" data-origheight=\"456\" src=\"https:\/\/www.youtube.com\/embed\/fl0m1JqgoWs?enablejsapi=1&#038;autoplay=0&#038;cc_load_policy=0&#038;cc_lang_pref=&#038;iv_load_policy=1&#038;loop=0&#038;rel=1&#038;fs=1&#038;playsinline=0&#038;autohide=2&#038;theme=dark&#038;color=red&#038;controls=1&#038;disablekb=0&#038;\" class=\"__youtube_prefs__  epyt-is-override  no-lazyload\" title=\"YouTube player\"  allow=\"fullscreen; accelerometer; autoplay; clipboard-write; encrypted-media; gyroscope; picture-in-picture; web-share\" referrerpolicy=\"strict-origin-when-cross-origin\" allowfullscreen data-no-lazy=\"1\" data-skipgform_ajax_framebjll=\"\"><\/iframe><\/div>\n<p style=\"text-align: justify;\"><strong>7 &#8211; Frei Gilvander Moreira: &#8220;MST em Campo do Meio, MG: Uma b\u00ean\u00e7\u00e3o do Deus da Vida&#8221;. 11\/ 12\/ 2017.<\/strong><\/p>\n<div class=\"epyt-video-wrapper\"><iframe loading=\"lazy\"  id=\"_ytid_47214\"  width=\"810\" height=\"456\"  data-origwidth=\"810\" data-origheight=\"456\" src=\"https:\/\/www.youtube.com\/embed\/NmZmBo-4m4U?enablejsapi=1&#038;autoplay=0&#038;cc_load_policy=0&#038;cc_lang_pref=&#038;iv_load_policy=1&#038;loop=0&#038;rel=1&#038;fs=1&#038;playsinline=0&#038;autohide=2&#038;theme=dark&#038;color=red&#038;controls=1&#038;disablekb=0&#038;\" class=\"__youtube_prefs__  epyt-is-override  no-lazyload\" title=\"YouTube player\"  allow=\"fullscreen; accelerometer; autoplay; clipboard-write; encrypted-media; gyroscope; picture-in-picture; web-share\" referrerpolicy=\"strict-origin-when-cross-origin\" allowfullscreen data-no-lazy=\"1\" data-skipgform_ajax_framebjll=\"\"><\/iframe><\/div>\n<p style=\"text-align: justify;\"><strong>8 &#8211; MST: Ato Pol\u00edtico em Campo do Meio\/ MG, contra amea\u00e7as e por reforma agr\u00e1ria. 3a Parte. 11\/ 12\/17.<\/strong><\/p>\n<div class=\"epyt-video-wrapper\"><iframe loading=\"lazy\"  id=\"_ytid_23706\"  width=\"810\" height=\"456\"  data-origwidth=\"810\" data-origheight=\"456\" src=\"https:\/\/www.youtube.com\/embed\/9QJFl3zgXso?enablejsapi=1&#038;autoplay=0&#038;cc_load_policy=0&#038;cc_lang_pref=&#038;iv_load_policy=1&#038;loop=0&#038;rel=1&#038;fs=1&#038;playsinline=0&#038;autohide=2&#038;theme=dark&#038;color=red&#038;controls=1&#038;disablekb=0&#038;\" class=\"__youtube_prefs__  epyt-is-override  no-lazyload\" title=\"YouTube player\"  allow=\"fullscreen; accelerometer; autoplay; clipboard-write; encrypted-media; gyroscope; picture-in-picture; web-share\" referrerpolicy=\"strict-origin-when-cross-origin\" allowfullscreen data-no-lazy=\"1\" data-skipgform_ajax_framebjll=\"\"><\/iframe><\/div>\n<p style=\"text-align: justify;\"><strong>9 &#8211; Ato Pol\u00edtico do MST-Campo do Meio\/MG, contra a viol\u00eancia, pela Reforma Agr\u00e1ria- 2\u00aa Parte-11\/12\/2017.<\/strong><\/p>\n<div class=\"epyt-video-wrapper\"><iframe loading=\"lazy\"  id=\"_ytid_43585\"  width=\"810\" height=\"456\"  data-origwidth=\"810\" data-origheight=\"456\" src=\"https:\/\/www.youtube.com\/embed\/i5eywnxky7o?enablejsapi=1&#038;autoplay=0&#038;cc_load_policy=0&#038;cc_lang_pref=&#038;iv_load_policy=1&#038;loop=0&#038;rel=1&#038;fs=1&#038;playsinline=0&#038;autohide=2&#038;theme=dark&#038;color=red&#038;controls=1&#038;disablekb=0&#038;\" class=\"__youtube_prefs__  epyt-is-override  no-lazyload\" title=\"YouTube player\"  allow=\"fullscreen; accelerometer; autoplay; clipboard-write; encrypted-media; gyroscope; picture-in-picture; web-share\" referrerpolicy=\"strict-origin-when-cross-origin\" allowfullscreen data-no-lazy=\"1\" data-skipgform_ajax_framebjll=\"\"><\/iframe><\/div>\n<p style=\"text-align: justify;\"><strong>10 &#8211; Marcha do MST &#8211; Campo do Meio\/MG, contra a viol\u00eancia, pela Reforma Agr\u00e1ria &#8211; 1a Parte &#8211; 11\/12\/2017.<\/strong><\/p>\n<div class=\"epyt-video-wrapper\"><iframe loading=\"lazy\"  id=\"_ytid_37882\"  width=\"810\" height=\"456\"  data-origwidth=\"810\" data-origheight=\"456\" src=\"https:\/\/www.youtube.com\/embed\/qGaqhMNM05I?enablejsapi=1&#038;autoplay=0&#038;cc_load_policy=0&#038;cc_lang_pref=&#038;iv_load_policy=1&#038;loop=0&#038;rel=1&#038;fs=1&#038;playsinline=0&#038;autohide=2&#038;theme=dark&#038;color=red&#038;controls=1&#038;disablekb=0&#038;\" class=\"__youtube_prefs__  epyt-is-override  no-lazyload\" title=\"YouTube player\"  allow=\"fullscreen; accelerometer; autoplay; clipboard-write; encrypted-media; gyroscope; picture-in-picture; web-share\" referrerpolicy=\"strict-origin-when-cross-origin\" allowfullscreen data-no-lazy=\"1\" data-skipgform_ajax_framebjll=\"\"><\/iframe><\/div>\n<p style=\"text-align: justify;\"><a href=\"#_ftnref1\" name=\"_ftn1\">[1]<\/a> Frei e padre da Ordem dos carmelitas; doutor em Educa\u00e7\u00e3o pela FAE\/UFMG; licenciado e bacharel em Filosofia pela UFPR; bacharel em Teologia pelo ITESP<strong>\/<\/strong>SP; mestre em Ci\u00eancias B\u00edblicas; assessor da CPT, CEBI, SAB e Ocupa\u00e7\u00f5es Urbanas; prof. de \u201cMovimentos Sociais Populares e Direitos Humanos\u201d no IDH, em Belo Horizonte, MG.<\/p>\n<p style=\"text-align: justify;\">E-mail: <a href=\"mailto:gilvanderlm@gmail.com\">gilvanderlm@gmail.com<\/a> \u2013 <a href=\"http:\/\/www.gilvander.org.br\">www.gilvander.org.br<\/a> &#8211; <a href=\"http:\/\/www.freigilvander.blogspot.com.br\">www.freigilvander.blogspot.com.br<\/a>\u00a0\u00a0\u00a0\u00a0\u00a0 \u2013<\/p>\n<p style=\"text-align: justify;\"><a href=\"http:\/\/www.twitter.com\/gilvanderluis\">www.twitter.com\/gilvanderluis<\/a>\u00a0\u00a0\u00a0\u00a0\u00a0\u00a0\u00a0 \u2013\u00a0\u00a0\u00a0\u00a0 Facebook: Gilvander Moreira III<\/p>\n<p style=\"text-align: justify;\">\n","protected":false},"excerpt":{"rendered":"<p>A luta pela terra em Campo do Meio, MG, s\u00f3 acaba com o assentamento das fam\u00edlias no latif\u00fandio da ex-usina Ariadn\u00f3polis: mem\u00f3ria necess\u00e1ria.\u00a0 Por frei Gilvander Moreira[1] Em Campo do Meio, no sul de Minas<\/p>\n","protected":false},"author":2,"featured_media":3167,"comment_status":"open","ping_status":"open","sticky":false,"template":"","format":"standard","meta":{"footnotes":""},"categories":[21,17,44,27,25,29,43,18],"tags":[],"class_list":["post-3166","post","type-post","status-publish","format-standard","has-post-thumbnail","hentry","category-artigo","category-destaque","category-direito-a-memoria","category-direitos-humanos","category-luta-pela-terra-e-reforma-agraria","category-movimentos-sociais-populares","category-pedagogia-emancipatoria","category-videos-de-frei-gilvander"],"_links":{"self":[{"href":"http:\/\/gilvander.org.br\/site\/wp-json\/wp\/v2\/posts\/3166","targetHints":{"allow":["GET"]}}],"collection":[{"href":"http:\/\/gilvander.org.br\/site\/wp-json\/wp\/v2\/posts"}],"about":[{"href":"http:\/\/gilvander.org.br\/site\/wp-json\/wp\/v2\/types\/post"}],"author":[{"embeddable":true,"href":"http:\/\/gilvander.org.br\/site\/wp-json\/wp\/v2\/users\/2"}],"replies":[{"embeddable":true,"href":"http:\/\/gilvander.org.br\/site\/wp-json\/wp\/v2\/comments?post=3166"}],"version-history":[{"count":1,"href":"http:\/\/gilvander.org.br\/site\/wp-json\/wp\/v2\/posts\/3166\/revisions"}],"predecessor-version":[{"id":3168,"href":"http:\/\/gilvander.org.br\/site\/wp-json\/wp\/v2\/posts\/3166\/revisions\/3168"}],"wp:featuredmedia":[{"embeddable":true,"href":"http:\/\/gilvander.org.br\/site\/wp-json\/wp\/v2\/media\/3167"}],"wp:attachment":[{"href":"http:\/\/gilvander.org.br\/site\/wp-json\/wp\/v2\/media?parent=3166"}],"wp:term":[{"taxonomy":"category","embeddable":true,"href":"http:\/\/gilvander.org.br\/site\/wp-json\/wp\/v2\/categories?post=3166"},{"taxonomy":"post_tag","embeddable":true,"href":"http:\/\/gilvander.org.br\/site\/wp-json\/wp\/v2\/tags?post=3166"}],"curies":[{"name":"wp","href":"https:\/\/api.w.org\/{rel}","templated":true}]}}