{"id":3176,"date":"2018-11-18T20:40:34","date_gmt":"2018-11-18T22:40:34","guid":{"rendered":"http:\/\/gilvander.org.br\/site\/?p=3176"},"modified":"2018-11-18T20:48:03","modified_gmt":"2018-11-18T22:48:03","slug":"povo-indigena-kiriri-em-caldas-sul-de-mg-de-boia-fria-a-luta-pela-terra-noite-de-06-11-2018","status":"publish","type":"post","link":"http:\/\/gilvander.org.br\/site\/povo-indigena-kiriri-em-caldas-sul-de-mg-de-boia-fria-a-luta-pela-terra-noite-de-06-11-2018\/","title":{"rendered":"Povo Ind\u00edgena Kiriri em Caldas, sul de MG: de boia-fria \u00e0 luta pela terra. Noite de 06\/11\/2018."},"content":{"rendered":"<p style=\"font-weight: 400;\"><strong>Povo Ind\u00edgena Kiriri em Caldas, sul de MG: de boia-fria \u00e0 luta pela terra. Noite de 06\/11\/2018.<\/strong><\/p>\n<div class=\"epyt-video-wrapper\"><iframe loading=\"lazy\"  id=\"_ytid_92932\"  width=\"810\" height=\"456\"  data-origwidth=\"810\" data-origheight=\"456\" src=\"https:\/\/www.youtube.com\/embed\/ChTlBXCY0ro?enablejsapi=1&#038;autoplay=0&#038;cc_load_policy=0&#038;cc_lang_pref=&#038;iv_load_policy=1&#038;loop=0&#038;rel=1&#038;fs=1&#038;playsinline=0&#038;autohide=2&#038;theme=dark&#038;color=red&#038;controls=1&#038;disablekb=0&#038;\" class=\"__youtube_prefs__  epyt-is-override  no-lazyload\" title=\"YouTube player\"  allow=\"fullscreen; accelerometer; autoplay; clipboard-write; encrypted-media; gyroscope; picture-in-picture; web-share\" referrerpolicy=\"strict-origin-when-cross-origin\" allowfullscreen data-no-lazy=\"1\" data-skipgform_ajax_framebjll=\"\"><\/iframe><\/div>\n<p style=\"font-weight: 400; text-align: justify;\">Desde mar\u00e7o de 2017, 16 fam\u00edlias do Povo Kiriri, vindas do Oeste da Bahia, moram em uma \u00e1rea situada no bairro rural do Rio Verde, distante 7 km da sede de Caldas, no sul de Minas Gerais. Assim que a \u00e1rea foi ocupada, o Povo Ind\u00edgena Kiriri foi notificado de Liminar de Reintegra\u00e7\u00e3o de Posse, reivindicada pela UEMG (Universidade do Estado de Minas Gerais) e Governo de Minas Gerais. Em outubro de 2018, eles receberam um novo mandado de reintegra\u00e7\u00e3o de posse que determinava que sa\u00edssem do local at\u00e9 o fim de outubro. A \u00e1rea onde os Kiriri est\u00e3o possui cerca de 60 hectares, dos quais informam que est\u00e3o ocupando apenas 26 hectares. \u00c9 que h\u00e1 mais de dez fam\u00edlias n\u00e3o \u00edndias ocupando parte da \u00e1rea, com casas de alvenaria muito boa, inclusive. Mesmo n\u00e3o tendo t\u00edtulo de propriedade, essas fam\u00edlias n\u00e3o ind\u00edgenas n\u00e3o foram objeto de liminar de reintegra\u00e7\u00e3o de posse. Percebe-se, pois, a\u00ed, mais uma discrimina\u00e7\u00e3o institucional contra os ind\u00edgenas. Os Kiriri j\u00e1 fincaram ra\u00edzes nessa terra: est\u00e3o j\u00e1 com 13 casas de pau a pique e barro constru\u00eddas, plantando lavouras na linha da agroecologia sem agrot\u00f3xicos, vivendo em comunidade e cultivando a inspiradora m\u00edstica e espiritualidade Kiriri. Gra\u00e7as \u00e0 luta do Povo Ind\u00edgena Kiriri e \u00e0 Rede de Apoio que se formou, a UEMG mudou seu posicionamento e, em reuni\u00e3o no Minist\u00e9rio P\u00fablico Federal, em Pouso Alegre, no dia 06\/11\/2018, manifestou-se por meio da Professora Joana Beatriz Barros Pereira, Diretora da UEMG em Campanha, representando a reitora Lav\u00ednia Rosa Rodrigues, com acordo de cess\u00e3o das terras aos Kiriri. Nova reuni\u00e3o deve ser marcada como Governo de Minas Gerais para firmar os termos desse acordo. Nesse v\u00eddeo, o depoimento de ind\u00edgenas da Aldeia Kiriri sobre sua luta di\u00e1ria pela sobreviv\u00eancia, como boias-frias, na sofrida colheita de batatas em fazendas da regi\u00e3o, enquanto aguardam o momento da colheita do que plantaram e, com esperan\u00e7a, a posse da terra.<\/p>\n<figure id=\"attachment_3177\" aria-describedby=\"caption-attachment-3177\" style=\"width: 300px\" class=\"wp-caption alignleft\"><img loading=\"lazy\" decoding=\"async\" class=\"wp-image-3177 size-medium\" src=\"http:\/\/gilvander.org.br\/site\/wp-content\/uploads\/2018\/11\/indios_kiriri_caldas-300x225.jpg\" alt=\"\" width=\"300\" height=\"225\" srcset=\"http:\/\/gilvander.org.br\/site\/wp-content\/uploads\/2018\/11\/indios_kiriri_caldas-300x225.jpg 300w, http:\/\/gilvander.org.br\/site\/wp-content\/uploads\/2018\/11\/indios_kiriri_caldas.jpg 620w\" sizes=\"auto, (max-width: 300px) 100vw, 300px\" \/><figcaption id=\"caption-attachment-3177\" class=\"wp-caption-text\">Tribo Kiriri tenta documento na Funai que comprove ocupa\u00e7\u00e3o em Caldas (MG) (Foto: Reprodu\u00e7\u00e3o EPTV\/Michel Diogo).<\/figcaption><\/figure>\n<p style=\"font-weight: 400; text-align: justify;\">*Reportagem em v\u00eddeo de frei Gilvander, da CPT, das CEBs e do CEBI. Edi\u00e7\u00e3o de N\u00e1dia Oliveira, colaboradora da CPT-MG. Caldas\/MG, 06\/11\/2018.<\/p>\n<p style=\"font-weight: 400; text-align: justify;\">* Inscreva-se no You Tube, no Canal Frei Gilvander Luta pela Terra e por Direitos, no link:\u00a0<a href=\"https:\/\/www.youtube.com\/user\/fgilvander\">https:\/\/www.youtube.com\/user\/fgilvander<\/a>, acione o sininho, receba as notifica\u00e7\u00f5es de envio de v\u00eddeos e assista a diversos v\u00eddeos de luta por direitos sociais. Se assistir e gostar, compartilhe. Sugerimos.<\/p>\n<p style=\"font-weight: 400; text-align: justify;\"><a href=\"https:\/\/www.youtube.com\/results?search_query=%23FreiGilvander\">#FreiGilvander<\/a><\/p>\n","protected":false},"excerpt":{"rendered":"<p>Povo Ind\u00edgena Kiriri em Caldas, sul de MG: de boia-fria \u00e0 luta pela terra. Noite de 06\/11\/2018. Desde mar\u00e7o de 2017, 16 fam\u00edlias do Povo Kiriri, vindas do Oeste da Bahia, moram em uma \u00e1rea<\/p>\n","protected":false},"author":2,"featured_media":3177,"comment_status":"open","ping_status":"open","sticky":false,"template":"","format":"standard","meta":{"footnotes":""},"categories":[44,39,27,25,29,43,18],"tags":[],"class_list":["post-3176","post","type-post","status-publish","format-standard","has-post-thumbnail","hentry","category-direito-a-memoria","category-direitos-dos-povos-indigenas","category-direitos-humanos","category-luta-pela-terra-e-reforma-agraria","category-movimentos-sociais-populares","category-pedagogia-emancipatoria","category-videos-de-frei-gilvander"],"_links":{"self":[{"href":"http:\/\/gilvander.org.br\/site\/wp-json\/wp\/v2\/posts\/3176","targetHints":{"allow":["GET"]}}],"collection":[{"href":"http:\/\/gilvander.org.br\/site\/wp-json\/wp\/v2\/posts"}],"about":[{"href":"http:\/\/gilvander.org.br\/site\/wp-json\/wp\/v2\/types\/post"}],"author":[{"embeddable":true,"href":"http:\/\/gilvander.org.br\/site\/wp-json\/wp\/v2\/users\/2"}],"replies":[{"embeddable":true,"href":"http:\/\/gilvander.org.br\/site\/wp-json\/wp\/v2\/comments?post=3176"}],"version-history":[{"count":1,"href":"http:\/\/gilvander.org.br\/site\/wp-json\/wp\/v2\/posts\/3176\/revisions"}],"predecessor-version":[{"id":3178,"href":"http:\/\/gilvander.org.br\/site\/wp-json\/wp\/v2\/posts\/3176\/revisions\/3178"}],"wp:featuredmedia":[{"embeddable":true,"href":"http:\/\/gilvander.org.br\/site\/wp-json\/wp\/v2\/media\/3177"}],"wp:attachment":[{"href":"http:\/\/gilvander.org.br\/site\/wp-json\/wp\/v2\/media?parent=3176"}],"wp:term":[{"taxonomy":"category","embeddable":true,"href":"http:\/\/gilvander.org.br\/site\/wp-json\/wp\/v2\/categories?post=3176"},{"taxonomy":"post_tag","embeddable":true,"href":"http:\/\/gilvander.org.br\/site\/wp-json\/wp\/v2\/tags?post=3176"}],"curies":[{"name":"wp","href":"https:\/\/api.w.org\/{rel}","templated":true}]}}