{"id":3569,"date":"2019-01-11T09:02:46","date_gmt":"2019-01-11T11:02:46","guid":{"rendered":"http:\/\/gilvander.org.br\/site\/?p=3569"},"modified":"2019-01-11T11:26:03","modified_gmt":"2019-01-11T13:26:03","slug":"pelos-direitos-das-comunidades-pesqueiras-e-quilombola-de-degredo-no-espirito-santo%ef%bb%bf","status":"publish","type":"post","link":"http:\/\/gilvander.org.br\/site\/pelos-direitos-das-comunidades-pesqueiras-e-quilombola-de-degredo-no-espirito-santo%ef%bb%bf\/","title":{"rendered":"Pelos Direitos das Comunidades Pesqueiras e Quilombola de Degredo, no Esp\u00edrito Santo\ufeff"},"content":{"rendered":"\n<p><strong>Pelos Direitos das Comunidades Pesqueiras e Quilombola de Degredo,&nbsp;no&nbsp;Esp\u00edrito&nbsp;Santo<\/strong><\/p>\n\n\n\n<div class=\"wp-block-image\"><figure class=\"alignleft is-resized\"><img loading=\"lazy\" decoding=\"async\" src=\"http:\/\/gilvander.org.br\/site\/wp-content\/uploads\/2019\/01\/Slide1.jpg\" alt=\"\" class=\"wp-image-3570\" width=\"456\" height=\"341\" srcset=\"http:\/\/gilvander.org.br\/site\/wp-content\/uploads\/2019\/01\/Slide1.jpg 960w, http:\/\/gilvander.org.br\/site\/wp-content\/uploads\/2019\/01\/Slide1-300x225.jpg 300w, http:\/\/gilvander.org.br\/site\/wp-content\/uploads\/2019\/01\/Slide1-768x576.jpg 768w\" sizes=\"auto, (max-width: 456px) 100vw, 456px\" \/><figcaption>A lama t\u00f3xica e a mortandade de peixes no litoral- tirando trabalho, sa\u00fade e alimento dos pescadores. <br> (Foto de Leonardo de S\u00e1- Rio Doce e o Mar. Linhares\/ES)<br> <strong>Fonte<\/strong>: <br><a href=\"http:\/\/ https:\/\/medium.com\/jornalistas-livres\/do-lucro-%C3%A0-lama-uma-viagem-de-mariana-ao-fim-do-mundo-5c243e331f49\">http:\/\/ https:\/\/medium.com\/jornalistas-livres\/do-lucro-%C3%A0-lama-uma-viagem-de-mariana-ao-fim-do-mundo-5c243e331f49<\/a><br> &nbsp; <\/figcaption><\/figure><\/div>\n\n\n\n<p>O Jornal S\u00e9culo Di\u00e1rio divulgou mat\u00e9ria\nno dia 9 de janeiro de 2019 informando a lament\u00e1vel e repugnante decis\u00e3o do\njuiz Federal M\u00e1rio de Paula Franco J\u00fanior, da 12\u00aa&nbsp;Vara Federal de Belo\nHorizonte, em Minas Gerais, assinada no dia 27 de dezembro de 2018 (durante o\nrecesso judicial) que, a pedido da Funda\u00e7\u00e3o Renova (FR) &#8211; entenda-se as\nmineradoras Samarco, Vale e BHP Billiton -, decidiu pela suspens\u00e3o do fornecimento\nde \u00e1gua pot\u00e1vel para a Comunidade Quilombola de Degredo, em Linhares, no norte\ndo Esp\u00edrito Santo. A Comunidade Quilombola Pesqueira de Degredo \u00e9 uma das\ncentenas de comunidades n\u00e3o apenas atingidas, mas golpeadas pela lama t\u00f3xica\noriunda do crime e trag\u00e9dia continuada que se iniciou com rompimento da\nBarragem de Fund\u00e3o, da Samarco\/Vale e BHP Billiton, na tarde de 05 de novembro\nde 2015. <\/p>\n\n\n\n<p>Segundo o defensor p\u00fablico do estado do Esp\u00edrito Santo, Sr. Rafael Portela Santos: \u201cA Samarco valeu-se de um estudo t\u00e9cnico que sequer foi discutido nas inst\u00e2ncias de governan\u00e7a. O documento s\u00f3 apareceu ap\u00f3s a aplica\u00e7\u00e3o de multa \u00e0s mantenedoras, uma vez que a Funda\u00e7\u00e3o Renova se negava a fornecer \u00e1gua pot\u00e1vel \u00e0 comunidade de Degredo\u201d. <\/p>\n\n\n\n<figure class=\"wp-block-image\"><img loading=\"lazy\" decoding=\"async\" width=\"960\" height=\"720\" src=\"http:\/\/gilvander.org.br\/site\/wp-content\/uploads\/2019\/01\/Slide3.jpg\" alt=\"\" class=\"wp-image-3571\" srcset=\"http:\/\/gilvander.org.br\/site\/wp-content\/uploads\/2019\/01\/Slide3.jpg 960w, http:\/\/gilvander.org.br\/site\/wp-content\/uploads\/2019\/01\/Slide3-300x225.jpg 300w, http:\/\/gilvander.org.br\/site\/wp-content\/uploads\/2019\/01\/Slide3-768x576.jpg 768w\" sizes=\"auto, (max-width: 960px) 100vw, 960px\" \/><figcaption>Comunidade quilombola pesqueira de Degredo-Linhares\/ES<br> Imagens: Daniela Felix<br> <strong>Fonte<\/strong>: <a href=\"http:\/\/jornalasirene.com.br\/espirito-santo\/2018\/11\/20\/capitulo-4-as-redes\">http:\/\/jornalasirene.com.br\/espirito-santo\/2018\/11\/20\/capitulo-4-as-redes<\/a><br> &nbsp; <\/figcaption><\/figure>\n\n\n\n<p>A decis\u00e3o da justi\u00e7a federal, acima\nreferida, contraria a Nota T\u00e9cnica n\u00ba 10\/2018, da C\u00e2mara T\u00e9cnica Ind\u00edgena e\nPovos e Comunidades Tradicionais (CT-IPCT) que orienta a instala\u00e7\u00e3o da \u00e1gua\npot\u00e1vel por parte das empresas infratoras, insistindo ainda nos efeitos\npsicol\u00f3gicos da comunidade com rela\u00e7\u00e3o ao consumo da \u00e1gua subterr\u00e2nea ap\u00f3s a\ntrag\u00e9dia crime, bem como, as delibera\u00e7\u00f5es do Comit\u00ea Interfederativo (CIF) \u2013\ninst\u00e2ncia m\u00e1xima das decis\u00f5es administrativas envolvendo as a\u00e7\u00f5es de\ncompensa\u00e7\u00e3o e repara\u00e7\u00e3o pela trag\u00e9dia\/crime da Samarco\/Vale\/BHP Billiton. Al\u00e9m\ndisso, a decis\u00e3o da 12\u00aa Vara Federal \u00e9 flagrantemente inconstitucional, pois\ndesrespeita um dos princ\u00edpios fundamentais da Constitui\u00e7\u00e3o Federal de 1988,\nrespeito \u00e0 dignidade da pessoa humana. E mais: \u00e1gua \u00e9 um bem comum que n\u00e3o pode\nser (so)negado e a ningu\u00e9m. Tamb\u00e9m o rio, as \u00e1guas e toda a natureza t\u00eam\ndireitos, inclusive o direito de dessedentar seus filhos e filhas, que s\u00e3o os\nseres humanos e todos os seres vivos. <\/p>\n\n\n\n<p>&nbsp;Junta-se a esta absurda e injusta decis\u00e3o uma outra ainda expedida no mesmo dia, no entanto, ainda mais devastadora que prev\u00ea a modifica\u00e7\u00e3o de 1500 acordos feitos com cerca de nove mil pescadores do ex-rio Doce. Pela decis\u00e3o, o pagamento feito em aux\u00edlios emergenciais mensais poder\u00e1 ser descontado das indeniza\u00e7\u00f5es, o que seria mais outra grande injusti\u00e7a com os atingidos. <\/p>\n\n\n\n<div class=\"wp-block-image\"><figure class=\"alignleft is-resized\"><img loading=\"lazy\" decoding=\"async\" src=\"http:\/\/gilvander.org.br\/site\/wp-content\/uploads\/2019\/01\/Slide2.jpg\" alt=\"\" class=\"wp-image-3572\" width=\"407\" height=\"305\" srcset=\"http:\/\/gilvander.org.br\/site\/wp-content\/uploads\/2019\/01\/Slide2.jpg 960w, http:\/\/gilvander.org.br\/site\/wp-content\/uploads\/2019\/01\/Slide2-300x225.jpg 300w, http:\/\/gilvander.org.br\/site\/wp-content\/uploads\/2019\/01\/Slide2-768x576.jpg 768w\" sizes=\"auto, (max-width: 407px) 100vw, 407px\" \/><figcaption> Jos\u00e9 Costa, pescador e presidente da Associa\u00e7\u00e3o de Pescadores de Degredo. <br> (Foto: Flavia Bernardes \/ FASE)<br> <strong>Fonte<\/strong>:<a href=\"http:\/\/ https:\/\/fase.org.br\/pt\/informe-se\/noticias\/nem-um-poco-a-mais-realiza-intercambio-no-norte-do-es\/    \">http:\/\/ https:\/\/fase.org.br\/pt\/informe-se\/noticias\/nem-um-poco-a-mais-realiza-intercambio-no-norte-do-es\/    <\/a><\/figcaption><\/figure><\/div>\n\n\n\n<p>N\u00e3o se pode aceitar que press\u00f5es e\ninteresses de empresas criminosas como as mineradoras Samarco, Vale e BHP\nBilliton interfiram nas decis\u00f5es de magistrados e institui\u00e7\u00f5es p\u00fablicas, que\ndevem defender os interesses das comunidades afetadas e violentadas, os\ndireitos humanos fundamentais, de povos tradicionais como quilombolas e\npescadores artesanais (reconhecidos e protegidos por organismos internacionais\ncomo a Conven\u00e7\u00e3o 169 da OIT, da ONU, por exemplo) &nbsp;e o meio ambiente, inclusive.<\/p>\n\n\n\n<p>&nbsp;&nbsp;&nbsp;&nbsp;&nbsp;&nbsp;&nbsp;&nbsp;&nbsp;&nbsp;&nbsp;&nbsp;&nbsp; Belo Horizonte, 10 de janeiro de\n2019. <\/p>\n\n\n\n<p><strong>Assinam\nesta Nota:<\/strong><\/p>\n\n\n\n<p>Centro de Documenta\u00e7\u00e3o Eloy Ferreira da\nSilva (CEDEFES)<\/p>\n\n\n\n<p>Federa\u00e7\u00e3o das Comunidades Quilombolas-N\u00b4Golo<\/p>\n\n\n\n<p>Comiss\u00e3o Pastoral da Terra (CPT\/MG)<\/p>\n\n\n\n<p>Articula\u00e7\u00e3o Metropolitana de Agricultura Urbana (AMAU)<\/p>\n\n\n\n<p>Associa\u00e7\u00e3o Nacional de A\u00e7\u00e3o Indigenista\n(ANAI)<\/p>\n","protected":false},"excerpt":{"rendered":"<p>Pelos Direitos das Comunidades Pesqueiras e Quilombola de Degredo,&nbsp;no&nbsp;Esp\u00edrito&nbsp;Santo O Jornal S\u00e9culo Di\u00e1rio divulgou mat\u00e9ria no dia 9 de janeiro de 2019 informando a lament\u00e1vel e repugnante decis\u00e3o do juiz Federal M\u00e1rio de Paula Franco<\/p>\n","protected":false},"author":2,"featured_media":3570,"comment_status":"open","ping_status":"open","sticky":false,"template":"","format":"standard","meta":{"footnotes":""},"categories":[47,46,49,27,25,33],"tags":[],"class_list":["post-3569","post","type-post","status-publish","format-standard","has-post-thumbnail","hentry","category-direito-a-agua","category-direito-a-cultura-popular","category-direito-a-terra","category-direitos-humanos","category-luta-pela-terra-e-reforma-agraria","category-nota-publica"],"_links":{"self":[{"href":"http:\/\/gilvander.org.br\/site\/wp-json\/wp\/v2\/posts\/3569","targetHints":{"allow":["GET"]}}],"collection":[{"href":"http:\/\/gilvander.org.br\/site\/wp-json\/wp\/v2\/posts"}],"about":[{"href":"http:\/\/gilvander.org.br\/site\/wp-json\/wp\/v2\/types\/post"}],"author":[{"embeddable":true,"href":"http:\/\/gilvander.org.br\/site\/wp-json\/wp\/v2\/users\/2"}],"replies":[{"embeddable":true,"href":"http:\/\/gilvander.org.br\/site\/wp-json\/wp\/v2\/comments?post=3569"}],"version-history":[{"count":2,"href":"http:\/\/gilvander.org.br\/site\/wp-json\/wp\/v2\/posts\/3569\/revisions"}],"predecessor-version":[{"id":3574,"href":"http:\/\/gilvander.org.br\/site\/wp-json\/wp\/v2\/posts\/3569\/revisions\/3574"}],"wp:featuredmedia":[{"embeddable":true,"href":"http:\/\/gilvander.org.br\/site\/wp-json\/wp\/v2\/media\/3570"}],"wp:attachment":[{"href":"http:\/\/gilvander.org.br\/site\/wp-json\/wp\/v2\/media?parent=3569"}],"wp:term":[{"taxonomy":"category","embeddable":true,"href":"http:\/\/gilvander.org.br\/site\/wp-json\/wp\/v2\/categories?post=3569"},{"taxonomy":"post_tag","embeddable":true,"href":"http:\/\/gilvander.org.br\/site\/wp-json\/wp\/v2\/tags?post=3569"}],"curies":[{"name":"wp","href":"https:\/\/api.w.org\/{rel}","templated":true}]}}