{"id":3576,"date":"2019-01-12T12:43:52","date_gmt":"2019-01-12T14:43:52","guid":{"rendered":"http:\/\/gilvander.org.br\/site\/?p=3576"},"modified":"2019-01-12T12:43:54","modified_gmt":"2019-01-12T14:43:54","slug":"%ef%bb%bfa-terra-e-sagrada-patrimonio-da-humanidade-luta-do-povo-indigena-kiriri-em-caldas-sul-de-mg-vice-cacique-merong-kamaka-mongoio-07-11-2018","status":"publish","type":"post","link":"http:\/\/gilvander.org.br\/site\/%ef%bb%bfa-terra-e-sagrada-patrimonio-da-humanidade-luta-do-povo-indigena-kiriri-em-caldas-sul-de-mg-vice-cacique-merong-kamaka-mongoio-07-11-2018\/","title":{"rendered":"\ufeffA terra \u00e9 sagrada, patrim\u00f4nio da humanidade. Luta do Povo Ind\u00edgena Kiriri, em Caldas, sul de MG \u2013 Vice-Cacique Merong Kamak\u00e3 Mongoi\u00f3. 07\/11\/2018."},"content":{"rendered":"\n<p><strong>A terra \u00e9 sagrada, patrim\u00f4nio da humanidade. Luta do Povo Ind\u00edgena Kiriri, em Caldas, sul de MG \u2013 Vice-Cacique Merong Kamak\u00e3 Mongoi\u00f3. 07\/11\/2018. <\/strong><\/p>\n\n\n\n<figure class=\"wp-block-embed-youtube wp-block-embed is-type-video is-provider-youtube wp-embed-aspect-16-9 wp-has-aspect-ratio\"><div class=\"wp-block-embed__wrapper\">\n<div class=\"epyt-video-wrapper\"><iframe loading=\"lazy\"  id=\"_ytid_74369\"  width=\"810\" height=\"456\"  data-origwidth=\"810\" data-origheight=\"456\" src=\"https:\/\/www.youtube.com\/embed\/OXgik7hZ_Wg?enablejsapi=1&#038;autoplay=0&#038;cc_load_policy=0&#038;cc_lang_pref=&#038;iv_load_policy=1&#038;loop=0&#038;rel=1&#038;fs=1&#038;playsinline=0&#038;autohide=2&#038;theme=dark&#038;color=red&#038;controls=1&#038;disablekb=0&#038;\" class=\"__youtube_prefs__  epyt-is-override  no-lazyload\" title=\"YouTube player\"  allow=\"fullscreen; accelerometer; autoplay; clipboard-write; encrypted-media; gyroscope; picture-in-picture; web-share\" referrerpolicy=\"strict-origin-when-cross-origin\" allowfullscreen data-no-lazy=\"1\" data-skipgform_ajax_framebjll=\"\"><\/iframe><\/div>\n<\/div><\/figure>\n\n\n\n<p>O povo ind\u00edgena kiriri luta pelo direito de perman\u00eancia nos 30 hectares de terra que ocupam, no munic\u00edpio de Caldas, no sul de Minas Gerais, desde mar\u00e7o\/2018. As terras estavam ociosas, sem cumprir sua fun\u00e7\u00e3o social, e as 16 fam\u00edlias que l\u00e1 est\u00e3o, vindas do centro-oeste da Bahia, por necessidade, encontraram ali um espa\u00e7o onde puderam construir sua aldeia, um territ\u00f3rio que lhes fala de harmonia com a M\u00e3e terra, com as matas e toda a biodiversidade nelas presente. Al\u00e9m disso, receberam e continuam recebendo todo apoio das 120 fam\u00edlias do bairro rural Rio Verde, nos arredores da \u00e1rea em retomada. Uma grande Rede de Apoio &#8211; CPT, CIMI, Associa\u00e7\u00e3o da Pedra Branca etc &#8211; se uniu ao Povo Kiriri nessa luta por seus leg\u00edtimos direitos. Espera-se que em reuni\u00e3o marcada para o dia 24\/1\/2019, na Justi\u00e7a Federal, em Pouso Alegre\/MG, seja firmado o acordo de cess\u00e3o dessas terras aos Kiriri, conforme posicionamento da UEMG (Universidade do Estado de Minas Gerais), em reuni\u00e3o realizada no dia 07\/11\/2018, no Minist\u00e9rio P\u00fablico Federal, em Pouso Alegre\/MG. Nesse v\u00eddeo, o depoimento eloquente do Vice-Cacique Merong, do Povo Ind\u00edgena Kamak\u00e3 Mongoi\u00f3, que une-se aos parentes nessa luta e fala, com muita propriedade, da M\u00e3e terra e do que ela representa para os Povos Ind\u00edgenas. Se para o capital e para os capitalistas do agroneg\u00f3cio a terra \u00e9 mercadorias a ser explorada, comercializada, para seus leg\u00edtimos donos, os Povos Ind\u00edgenas, a terra \u00e9 sagrada, \u00e9 patrim\u00f4nio da humanidade, e dela s\u00f3 querem retirar o suficiente para sobreviver, com consci\u00eancia ecol\u00f3gica e social. <\/p>\n\n\n\n<figure class=\"wp-block-image\"><img loading=\"lazy\" decoding=\"async\" width=\"1024\" height=\"768\" src=\"http:\/\/gilvander.org.br\/site\/wp-content\/uploads\/2019\/01\/Kiriri-de-Caldas-MG-1024x768.jpg\" alt=\"\" class=\"wp-image-3577\" srcset=\"http:\/\/gilvander.org.br\/site\/wp-content\/uploads\/2019\/01\/Kiriri-de-Caldas-MG-1024x768.jpg 1024w, http:\/\/gilvander.org.br\/site\/wp-content\/uploads\/2019\/01\/Kiriri-de-Caldas-MG-300x225.jpg 300w, http:\/\/gilvander.org.br\/site\/wp-content\/uploads\/2019\/01\/Kiriri-de-Caldas-MG-768x576.jpg 768w, http:\/\/gilvander.org.br\/site\/wp-content\/uploads\/2019\/01\/Kiriri-de-Caldas-MG.jpg 1200w\" sizes=\"auto, (max-width: 1024px) 100vw, 1024px\" \/><figcaption>Aldeia Kiriri, em Caldas, sul de MG. Foto: Sandra Borges<\/figcaption><\/figure>\n\n\n\n<p>*Reportagem em v\u00eddeo de frei\nGilvander, da CPT, das CEBs e do CEBI. Edi\u00e7\u00e3o de N\u00e1dia Oliveira, colaboradora\nda CPT-MG. Caldas, sul de Minas Gerais, 07\/11\/2018. <\/p>\n\n\n\n<p>* Inscreva-se no You Tube,\nno Canal Frei Gilvander Luta pela Terra e por Direitos, no link: <a href=\"https:\/\/www.youtube.com\/user\/fgilvander\">https:\/\/www.youtube.com\/user\/fgilvander<\/a>,\nacione o sininho, receba as notifica\u00e7\u00f5es de envio de v\u00eddeos e assista a\ndiversos v\u00eddeos de luta por direitos sociais. Se assistir e gostar, compartilhe.\nSugerimos. <\/p>\n\n\n\n<p><a href=\"https:\/\/www.youtube.com\/results?search_query=%23FreiGilvander\">#FreiGilvander<\/a><\/p>\n","protected":false},"excerpt":{"rendered":"<p>A terra \u00e9 sagrada, patrim\u00f4nio da humanidade. Luta do Povo Ind\u00edgena Kiriri, em Caldas, sul de MG \u2013 Vice-Cacique Merong Kamak\u00e3 Mongoi\u00f3. 07\/11\/2018. O povo ind\u00edgena kiriri luta pelo direito de perman\u00eancia nos 30 hectares<\/p>\n","protected":false},"author":2,"featured_media":3577,"comment_status":"open","ping_status":"open","sticky":false,"template":"","format":"standard","meta":{"footnotes":""},"categories":[39,27,26,18],"tags":[],"class_list":["post-3576","post","type-post","status-publish","format-standard","has-post-thumbnail","hentry","category-direitos-dos-povos-indigenas","category-direitos-humanos","category-teologia-da-libertacao","category-videos-de-frei-gilvander"],"_links":{"self":[{"href":"http:\/\/gilvander.org.br\/site\/wp-json\/wp\/v2\/posts\/3576","targetHints":{"allow":["GET"]}}],"collection":[{"href":"http:\/\/gilvander.org.br\/site\/wp-json\/wp\/v2\/posts"}],"about":[{"href":"http:\/\/gilvander.org.br\/site\/wp-json\/wp\/v2\/types\/post"}],"author":[{"embeddable":true,"href":"http:\/\/gilvander.org.br\/site\/wp-json\/wp\/v2\/users\/2"}],"replies":[{"embeddable":true,"href":"http:\/\/gilvander.org.br\/site\/wp-json\/wp\/v2\/comments?post=3576"}],"version-history":[{"count":1,"href":"http:\/\/gilvander.org.br\/site\/wp-json\/wp\/v2\/posts\/3576\/revisions"}],"predecessor-version":[{"id":3578,"href":"http:\/\/gilvander.org.br\/site\/wp-json\/wp\/v2\/posts\/3576\/revisions\/3578"}],"wp:featuredmedia":[{"embeddable":true,"href":"http:\/\/gilvander.org.br\/site\/wp-json\/wp\/v2\/media\/3577"}],"wp:attachment":[{"href":"http:\/\/gilvander.org.br\/site\/wp-json\/wp\/v2\/media?parent=3576"}],"wp:term":[{"taxonomy":"category","embeddable":true,"href":"http:\/\/gilvander.org.br\/site\/wp-json\/wp\/v2\/categories?post=3576"},{"taxonomy":"post_tag","embeddable":true,"href":"http:\/\/gilvander.org.br\/site\/wp-json\/wp\/v2\/tags?post=3576"}],"curies":[{"name":"wp","href":"https:\/\/api.w.org\/{rel}","templated":true}]}}