{"id":3588,"date":"2019-01-20T15:08:22","date_gmt":"2019-01-20T17:08:22","guid":{"rendered":"http:\/\/gilvander.org.br\/site\/?p=3588"},"modified":"2019-01-20T15:08:24","modified_gmt":"2019-01-20T17:08:24","slug":"%ef%bb%bfocupacao-professor-fabio-alves-setecentas-familias-dao-vida-a-terreno-abandonado-na-luta-pelo-direito-a-moradia-despejo-nao-video-2-13-1-2019","status":"publish","type":"post","link":"http:\/\/gilvander.org.br\/site\/%ef%bb%bfocupacao-professor-fabio-alves-setecentas-familias-dao-vida-a-terreno-abandonado-na-luta-pelo-direito-a-moradia-despejo-nao-video-2-13-1-2019\/","title":{"rendered":"\ufeffOcupa\u00e7\u00e3o Professor F\u00e1bio Alves: Setecentas fam\u00edlias d\u00e3o VIDA a terreno abandonado na luta pelo direito \u00e0 moradia. Despejo, n\u00e3o! V\u00eddeo 2 \u2013 13\/1\/2019."},"content":{"rendered":"\n<p><strong>Ocupa\u00e7\u00e3o Professor F\u00e1bio Alves: Setecentas fam\u00edlias d\u00e3o VIDA a terreno abandonado na luta pelo direito \u00e0 moradia. Despejo, n\u00e3o! V\u00eddeo 2 \u2013 13\/1\/2019.<\/strong><\/p>\n\n\n\n<figure class=\"wp-block-embed-youtube wp-block-embed is-type-video is-provider-youtube wp-embed-aspect-16-9 wp-has-aspect-ratio\"><div class=\"wp-block-embed__wrapper\">\n<div class=\"epyt-video-wrapper\"><iframe loading=\"lazy\"  id=\"_ytid_39833\"  width=\"810\" height=\"456\"  data-origwidth=\"810\" data-origheight=\"456\" src=\"https:\/\/www.youtube.com\/embed\/U14l3pFeutU?enablejsapi=1&#038;autoplay=0&#038;cc_load_policy=0&#038;cc_lang_pref=&#038;iv_load_policy=1&#038;loop=0&#038;rel=1&#038;fs=1&#038;playsinline=0&#038;autohide=2&#038;theme=dark&#038;color=red&#038;controls=1&#038;disablekb=0&#038;\" class=\"__youtube_prefs__  epyt-is-override  no-lazyload\" title=\"YouTube player\"  allow=\"fullscreen; accelerometer; autoplay; clipboard-write; encrypted-media; gyroscope; picture-in-picture; web-share\" referrerpolicy=\"strict-origin-when-cross-origin\" allowfullscreen data-no-lazy=\"1\" data-skipgform_ajax_framebjll=\"\"><\/iframe><\/div>\n<\/div><\/figure>\n\n\n\n<p>Um terreno abandonado h\u00e1 d\u00e9cadas, sem qualquer fun\u00e7\u00e3o social,&nbsp;&nbsp;no bairro Maril\u00e2ndia, em Belo Horizonte\/MG, pr\u00f3ximo \u00e0 divisa de Belo Horizonte com Ibirit\u00e9, preocupava e colocava em risco os moradores ao redor. Um matagal servia de dep\u00f3sito de entulhos, lixos de toda esp\u00e9cie, descarte at\u00e9 mesmo de corpos, esconderijo da criminalidade, al\u00e9m de abrigar os mais diversos animais pe\u00e7onhentos. Em mar\u00e7o de 2018, algumas fam\u00edlias, que j\u00e1 n\u00e3o&nbsp;&nbsp;suportavam mais o peso cruel da cruz do aluguel ou a humilha\u00e7\u00e3o de morar de favor, tiveram como \u00fanica alternativa a ocupa\u00e7\u00e3o.&nbsp;&nbsp;Dedicaram-se \u00e0 limpeza do terreno e l\u00e1 instalaram barracas de lona, fazendo delas os seus lares, o seu abrigo, a sua moradia.&nbsp;&nbsp;Aos poucos, a Ocupa\u00e7\u00e3o foi crescendo e hoje s\u00e3o 712 as fam\u00edlias cadastradas participando da Ocupa\u00e7\u00e3o. Num trabalho coletivo, num ambiente de harmonia, trabalhadoras e trabalhadores de baixa renda, apesar das dificuldades, da falta de estrutura, foram e continuam se organizando em comunidade, na luta por uma moradia digna. Na Ocupa\u00e7\u00e3o Professor F\u00e1bio Alves, a dureza da luta \u00e9 enternecida pelo riso das crian\u00e7as com suas brincadeiras \u2013 e s\u00e3o centenas de crian\u00e7as -, pelo sorriso iluminado das gestantes que se sentem confiantes porque poder\u00e3o oferecer aos filhos um lar seguro, livre da opress\u00e3o da especula\u00e7\u00e3o imobili\u00e1ria, livre das humilha\u00e7\u00f5es. Essa dureza da luta \u00e9 enternecida tamb\u00e9m pela serenidade dos muitos idosos que ali colocam a esperan\u00e7a de uma velhice com dignidade e paz e se mistura ainda aos sonhos dos jovens, dos pais, de mulheres e homens que, enfrentando todas as adversidades impostas pelo sistema do capital e dos capitalistas que explora e exclui, seguem firmes na luta e resist\u00eancia em busca dos seus direitos garantidos pela Constitui\u00e7\u00e3o Federal do Brasil.<\/p>\n\n\n\n<p>A Ocupa\u00e7\u00e3o Professor F\u00e1bio Alves se fortalece, se consolida. Hoje, j\u00e1 s\u00e3o dezenas de casas de alvenaria, outras em constru\u00e7\u00e3o, e o ritmo ali \u00e9 acelerado de trabalho, de constru\u00e7\u00e3o de uma verdadeira Comunidade. Entretanto, tudo isso est\u00e1 amea\u00e7ado. Recentemente, no dia 17 de janeiro\/2019, a ju\u00edza L\u00edlian Bastos de Paula, da 22\u00aa Vara C\u00edvel de Belo Horizonte, expediu Liminar de Reintegra\u00e7\u00e3o de Posse, determinando o prazo de 30 dias para o despejo. \u00c9 uma decis\u00e3o injusta, desumana, que fere o principio da dignidade humana.\u00a0\u00a0As setecentas fam\u00edlias da Ocupa\u00e7\u00e3o Professor F\u00e1bio Alves, o Movimento Luta Popular (LP), que acompanha a Ocupa\u00e7\u00e3o, a CPT-MG (Comiss\u00e3o Pastoral da Terra) e toda a Rede de Apoio n\u00e3o aceitam essa decis\u00e3o sem que se esgotem todas as possibilidades de negocia\u00e7\u00e3o e sem apresentar uma alternativa pr\u00e9via de moradia digna. \u00c9 covardia despejar 700 fam\u00edlias, como se fossem objetos descart\u00e1veis. Para onde v\u00e3o? Como v\u00e3o viver?\u00a0\u00a0E todo o investimento que fizeram nas constru\u00e7\u00f5es? Mais que tijolos e telhas, mais que lonas e madeirites, ali existem vidas, existem sonhos e direitos de gente que buscou solu\u00e7\u00e3o para um grav\u00edssimo problema que o Poder P\u00fablico n\u00e3o consegue resolver, que \u00e9 a falta de moradia. Um terreno abandonado ganha vida de vidas que ali se fortalecem. Toda reintegra\u00e7\u00e3o de posse \u00e9 uma desintegra\u00e7\u00e3o de sonhos. RESPEITO, SIM. NEGOCIA\u00c7\u00c3O, SIM. DESPEJO, N\u00c3O!<\/p>\n\n\n\n<div class=\"wp-block-image\"><figure class=\"alignleft is-resized\"><img loading=\"lazy\" decoding=\"async\" src=\"http:\/\/gilvander.org.br\/site\/wp-content\/uploads\/2019\/01\/Ocupa\u00e7\u00e3o-F\u00e1bio-Alves-13-01-2019.jpg\" alt=\"\" class=\"wp-image-3589\" width=\"464\" height=\"347\" srcset=\"http:\/\/gilvander.org.br\/site\/wp-content\/uploads\/2019\/01\/Ocupa\u00e7\u00e3o-F\u00e1bio-Alves-13-01-2019.jpg 960w, http:\/\/gilvander.org.br\/site\/wp-content\/uploads\/2019\/01\/Ocupa\u00e7\u00e3o-F\u00e1bio-Alves-13-01-2019-300x225.jpg 300w, http:\/\/gilvander.org.br\/site\/wp-content\/uploads\/2019\/01\/Ocupa\u00e7\u00e3o-F\u00e1bio-Alves-13-01-2019-768x576.jpg 768w\" sizes=\"auto, (max-width: 464px) 100vw, 464px\" \/><figcaption>Vis\u00e3o panor\u00e2mica parcial de casas de alvenaria constru\u00eddas na Ocupa\u00e7\u00e3o Professor F\u00e1bio Alves, no bairro Maril\u00e2ndia, na regi\u00e3o do Barreiro, em Belo Horizonte, MG, dia 13\/01\/2019. Foto: G. L. Moreira<\/figcaption><\/figure><\/div>\n\n\n\n<p>*Reportagem em v\u00eddeo de frei Gilvander, da CPT, das CEBs e do CEBI. Edi\u00e7\u00e3o de N\u00e1dia Oliveira. Belo Horizonte\/MG, 13\/1\/2019.<\/p>\n\n\n\n<p>* Inscreva-se no You Tube, no Canal Frei Gilvander Luta pela Terra e por Direitos, no link: https:\/\/www.youtube.com\/user\/fgilvander, acione o sininho, receba as notifica\u00e7\u00f5es de envio de v\u00eddeos e assista a diversos v\u00eddeos de luta por direitos sociais. Se assistir e gostar, compartilhe. Sugerimos.<\/p>\n\n\n\n<p>#FreiGilvander<br><\/p>\n","protected":false},"excerpt":{"rendered":"<p>Ocupa\u00e7\u00e3o Professor F\u00e1bio Alves: Setecentas fam\u00edlias d\u00e3o VIDA a terreno abandonado na luta pelo direito \u00e0 moradia. Despejo, n\u00e3o! V\u00eddeo 2 \u2013 13\/1\/2019. Um terreno abandonado h\u00e1 d\u00e9cadas, sem qualquer fun\u00e7\u00e3o social,&nbsp;&nbsp;no bairro Maril\u00e2ndia, em<\/p>\n","protected":false},"author":2,"featured_media":3589,"comment_status":"open","ping_status":"open","sticky":false,"template":"","format":"standard","meta":{"footnotes":""},"categories":[49,27,28,25,29,18],"tags":[],"class_list":["post-3588","post","type-post","status-publish","format-standard","has-post-thumbnail","hentry","category-direito-a-terra","category-direitos-humanos","category-luta-pela-moradia","category-luta-pela-terra-e-reforma-agraria","category-movimentos-sociais-populares","category-videos-de-frei-gilvander"],"_links":{"self":[{"href":"http:\/\/gilvander.org.br\/site\/wp-json\/wp\/v2\/posts\/3588","targetHints":{"allow":["GET"]}}],"collection":[{"href":"http:\/\/gilvander.org.br\/site\/wp-json\/wp\/v2\/posts"}],"about":[{"href":"http:\/\/gilvander.org.br\/site\/wp-json\/wp\/v2\/types\/post"}],"author":[{"embeddable":true,"href":"http:\/\/gilvander.org.br\/site\/wp-json\/wp\/v2\/users\/2"}],"replies":[{"embeddable":true,"href":"http:\/\/gilvander.org.br\/site\/wp-json\/wp\/v2\/comments?post=3588"}],"version-history":[{"count":1,"href":"http:\/\/gilvander.org.br\/site\/wp-json\/wp\/v2\/posts\/3588\/revisions"}],"predecessor-version":[{"id":3590,"href":"http:\/\/gilvander.org.br\/site\/wp-json\/wp\/v2\/posts\/3588\/revisions\/3590"}],"wp:featuredmedia":[{"embeddable":true,"href":"http:\/\/gilvander.org.br\/site\/wp-json\/wp\/v2\/media\/3589"}],"wp:attachment":[{"href":"http:\/\/gilvander.org.br\/site\/wp-json\/wp\/v2\/media?parent=3588"}],"wp:term":[{"taxonomy":"category","embeddable":true,"href":"http:\/\/gilvander.org.br\/site\/wp-json\/wp\/v2\/categories?post=3588"},{"taxonomy":"post_tag","embeddable":true,"href":"http:\/\/gilvander.org.br\/site\/wp-json\/wp\/v2\/tags?post=3588"}],"curies":[{"name":"wp","href":"https:\/\/api.w.org\/{rel}","templated":true}]}}