{"id":3639,"date":"2019-01-29T14:54:00","date_gmt":"2019-01-29T16:54:00","guid":{"rendered":"http:\/\/gilvander.org.br\/site\/?p=3639"},"modified":"2019-01-31T11:42:26","modified_gmt":"2019-01-31T13:42:26","slug":"%ef%bb%bfo-crime-da-vale-exige-justica-e-nao-apenas-medidas-paliativas","status":"publish","type":"post","link":"http:\/\/gilvander.org.br\/site\/%ef%bb%bfo-crime-da-vale-exige-justica-e-nao-apenas-medidas-paliativas\/","title":{"rendered":"\ufeffO crime da VALE exige justi\u00e7a e n\u00e3o apenas medidas paliativas"},"content":{"rendered":"\n<p><strong>O crime da VALE exige justi\u00e7a e n\u00e3o apenas medidas paliativas.&nbsp;<\/strong>Por Gilvander Moreira<a href=\"#_ftn1\"><sup>[1]<\/sup><\/a><\/p>\n\n\n\n<div class=\"wp-block-image\"><figure class=\"alignleft is-resized\"><img loading=\"lazy\" decoding=\"async\" src=\"http:\/\/gilvander.org.br\/site\/wp-content\/uploads\/2019\/01\/Lama-T\u00f3xica.jpg\" alt=\"\" class=\"wp-image-3643\" width=\"529\" height=\"353\" srcset=\"http:\/\/gilvander.org.br\/site\/wp-content\/uploads\/2019\/01\/Lama-T\u00f3xica.jpg 640w, http:\/\/gilvander.org.br\/site\/wp-content\/uploads\/2019\/01\/Lama-T\u00f3xica-300x200.jpg 300w, http:\/\/gilvander.org.br\/site\/wp-content\/uploads\/2019\/01\/Lama-T\u00f3xica-420x280.jpg 420w\" sizes=\"auto, (max-width: 529px) 100vw, 529px\" \/><figcaption>Crime trag\u00e9dia da VALE, com licen\u00e7a do Estado, a partir de Brumadinho, MG, dia 25\/01\/2019. Foto: Divulga\u00e7\u00e3o \/ Rede Social<\/figcaption><\/figure><\/div>\n\n\n\n<p>O crime\/trag\u00e9dia gigante causado pela\nmineradora VALE, com licen\u00e7a do Estado, exige de todas as pessoas de boa\nvontade compromisso \u00e9tico para que n\u00e3o apenas a\u00e7\u00f5es paliativas e secund\u00e1rias\nsejam postas em pr\u00e1tica, mas \u00e9 imprescind\u00edvel que justi\u00e7a no sentido mais\nprofundo seja efetivada. Profundamente comovido e indignado, o coordenador da\nFrente de Evang\u00e9licos pelo Estado de Direito em Minas Gerais, Fillipe Gibran, passou\no dia de ontem, 28 de janeiro de 2019, em Brumadinho, MG, tentando ser\nsolid\u00e1rio e contribuir para que mais esse crime trag\u00e9dia n\u00e3o fique impune. Em\num relato dram\u00e1tico que interpela nossa consci\u00eancia, diz Gibran: <em>\u201c\u00c9 terr\u00edvel o crime socioambiental da VALE,\ncom anu\u00eancia do Estado, ocorrido a partir de Brumadinho, MG, dia 25 de janeiro\nde 2019. A recupera\u00e7\u00e3o dos bens naturais \u00e9 imposs\u00edvel de se pensar e a perda\ndos seres humanos tamb\u00e9m \u00e9 incalcul\u00e1vel. J\u00e1 \u00e9 o maior crime socioambiental da\nhist\u00f3ria da humanidade em n\u00famero de pessoas mortas. Depois de muita insist\u00eancia,\nalguns atingidos me confidenciaram que foram orientados pela VALE, pelo IBAMA e\npela pol\u00edcia civil a n\u00e3o passarem nenhuma informa\u00e7\u00e3o a ningu\u00e9m, nem \u00e0 imprensa,\nnem aos movimentos sociais e nem \u00e0s pastorais sociais. \u201cFalaram pra gente que\nnenhum movimento social vai pagar as indeniza\u00e7\u00f5es; que quem paga \u00e9 a VALE &#8211;\npagar\u00e1 quando e quanto? Como pagar o impag\u00e1vel? -, ent\u00e3o \u00e9 melhor fazer o que a\nVALE quer\u201d, disse um sobrevivente. Ouvi que muitos moradores retiraram\nv\u00e1rios&nbsp; corpos de pessoas do leito dos\nrios e que inclusive&nbsp; na regi\u00e3o de S\u00e3o\nJoaquim de Bicas, um pouco abaixo, encontram corpos tamb\u00e9m soterrados. Muitos\nmoradores est\u00e3o inconformados, dizendo que o n\u00famero de desaparecidos \u00e9 muito\nmaior do que a VALE e a imprensa est\u00e3o divulgando. Ouvi muitos relatos de\npessoas dizendo que seus parentes estavam no local do crime e que est\u00e3o\ndesaparecidos, por\u00e9m n\u00e3o constam nas listas. E a VALE est\u00e1 se negando a inserir\nmuitos nomes de desaparecidos na lista. Falaram de dois vilarejos com 50 casas\nque foram devastadas pela lama t\u00f3xica e que ningu\u00e9m contabiliza eles. Pelo\nhor\u00e1rio do rompimento das barragens n\u00e3o houve troca de turno. Por isso, estimam\nque s\u00f3 de funcion\u00e1rios da VALE no local, no momento do crime\/trag\u00e9dia gigante,\nseria um n\u00famero pr\u00f3ximo a 400 trabalhadores\/as. Informaram que a pens\u00e3o que foi\nsoterrada tinha capacidade para 120 pessoas e que por ser f\u00e9rias e sexta-feira,\nexiste a chance de estar com uma lota\u00e7\u00e3o razo\u00e1vel.&nbsp; Pr\u00f3ximo \u00e0 pens\u00e3o havia 17 casas de moradores.\nTodas essas informa\u00e7\u00f5es elevam em muito a estimativa do n\u00famero de\ndesaparecidos. Muitos moradores com parentes desaparecidos n\u00e3o conseguem\ninserir os nomes dos parentes nas listas da VALE, que est\u00e1 fazendo blindagem\ndas informa\u00e7\u00f5es e das pessoas, fez um cerco para ningu\u00e9m chegar perto das\nbarragens e nem dos ribeirinhos. Os moradores est\u00e3o enlutados e sem informa\u00e7\u00f5es\ncertas. Os volunt\u00e1rios de outros estados foram dispensados. Os funcion\u00e1rios da VALE\nest\u00e3o pressionados e os bombeiros, extenuados.\u201d<\/em><\/p>\n\n\n\n<p>Diante deste cen\u00e1rio que transpassa de\ndor nosso cora\u00e7\u00e3o, temos que alertar que a VALE est\u00e1 controlando e blindando as\ninforma\u00e7\u00f5es, os espa\u00e7os, e o Estado n\u00e3o pode permanecer em uma posi\u00e7\u00e3o secund\u00e1ria,\npreocupado apenas com ajuda emergencial. A transpar\u00eancia no trato com os\nmilhares de fam\u00edlias golpeadas \u00e9 necess\u00e1ria e uma quest\u00e3o \u00e9tica inarred\u00e1vel. Se\nn\u00e3o forem enfrentadas as quest\u00f5es de fundo com firmeza, em breve outros crimes\ntrag\u00e9dias ocorrer\u00e3o. Ocultar informa\u00e7\u00f5es \u00e9 mentir e violentar mais uma vez quem\nj\u00e1 foi golpeado. As fam\u00edlias violentadas t\u00eam direito a informa\u00e7\u00f5es\ntransparentes e imparciais. Nojento ver e ouvir a VALE fazendo propaganda sobre\nas migalhas de ajuda humanit\u00e1ria que est\u00e1 fazendo diante da sexta-feira da\npaix\u00e3o que a mineradora, com licen\u00e7a do Estado, provocou. \u00c9 inadmiss\u00edvel que o\nMinist\u00e9rio P\u00fablico, Estadual e Federal, e o poder judici\u00e1rio mandem prender\napenas funcion\u00e1rios e autoridades secund\u00e1rias. E os principais respons\u00e1veis por\nesse crime anunciado, que n\u00e3o \u00e9 de Brumadinho, mas da VALE e dos seus aliados\nno Estado? <\/p>\n\n\n\n<p>Com um povo trabalhador, Brumadinho era\numa regi\u00e3o rica em nascentes e cachoeiras, por isso, abastecia parte de Belo\nHorizonte e Regi\u00e3o Metropolitana com farta produ\u00e7\u00e3o de verduras e legumes. Al\u00e9m\nde ser uma cidade com in\u00fameros n\u00facleos e s\u00edtios hist\u00f3ricos, bens culturais\ntombados e comunidades tradicionais, entre elas, remanescentes de quilombos,\ncomo as de Marinhos, Sap\u00e9, Ribeir\u00e3o e Rodrigues.&nbsp;Lamentavelmente, as\nmineradoras invadiram Brumadinho e regi\u00e3o, e foram sacrificando os biomas e\nespalhando viol\u00eancia socioambiental sem fim.<\/p>\n\n\n\n<p>\u00c9 necess\u00e1ria a participa\u00e7\u00e3o dos\natingidos e atingidas, melhor dizendo, violentados e massacrados, no Comit\u00ea\ncriado pelo Governo Federal para \u201cSupervis\u00e3o de Respostas a Desastre em\ndecorr\u00eancia da ruptura da barragem do C\u00f3rrego do Feij\u00e3o\u201d (Decreto 9.691, de\n25\/1\/2019).<\/p>\n\n\n\n<p>Tornou-se um imperativo \u00e9tico e uma necessidade de sobreviv\u00eancia para o povo e para as pr\u00f3ximas gera\u00e7\u00f5es paralisar j\u00e1 toda atividade de minera\u00e7\u00e3o no estado de Minas Gerais por meio da suspens\u00e3o de todas as licen\u00e7as de projetos de minera\u00e7\u00e3o no estado de MG por tempo indeterminado at\u00e9 que sejam feitos estudos t\u00e9cnicos id\u00f4neos por professores e t\u00e9cnicos independentes para se averiguar a seguran\u00e7a ambiental de todos. Se n\u00e3o for seguro, que n\u00e3o seja reaberto nunca, o processo de minera\u00e7\u00e3o. Essa medida \u00e9 necess\u00e1ria, porque h\u00e1 in\u00fameras comunidades a jusante (abaixo) de barragens, como \u00e9 o caso, por exemplo: a) de Congonhas, onde h\u00e1 1,5 milh\u00e3o de pessoas morando abaixo de uma megabarragem de rejeitos miner\u00e1rios; b) da cratera da Mina de \u00c1guas Claras, atr\u00e1s do que resta da Serra do Curral, em Belo Horizonte, est\u00e1 acima dos bairros Mangabeira, Serra e, se romper, passar\u00e1 como um tsunami varrendo tudo o que encontrar pela frente, desde o bairro Mangabeiras at\u00e9 a Pra\u00e7a da Esta\u00e7\u00e3o, no centro de Belo Horizonte; c) da barragem do Doutor, na Mina de Timbopeba, que poder\u00e1 atingir as comunidades de Ant\u00f4nio Pereira, no munic\u00edpio de Ouro Preto;\u00a0d) da barragem da mineradora Anglo American, em Concei\u00e7\u00e3o do Mato Dentro, onde h\u00e1 v\u00e1rias comunidades abaixo da barragem que, como um drag\u00e3o, est\u00e1 devastando tudo. No noroeste de Minas, em Paracatu, acima da cidade, como uma espada de D\u00e2mocles, est\u00e1 uma das maiores barragens de rejeitos miner\u00e1rios do Brasil.<\/p>\n\n\n\n<p>Nesse\ntempo em que de forma vergonhosa e escandalosa os interesses do capital e dos\ncapitalistas se sobrep\u00f5em ao bem comum, aos direitos fundamentais, de forma\ninstitucionalizada, \u00e9 fundamental a aten\u00e7\u00e3o e a mobiliza\u00e7\u00e3o de todas as for\u00e7as\nvivas da sociedade para que a vida seja respeitada e preservada, e a justi\u00e7a,\nde fato, se concretize, sem restri\u00e7\u00f5es.<\/p>\n\n\n\n<p>Belo Horizonte, MG, 29 de janeiro de\n2019.<\/p>\n\n\n\n<p><strong>Obs<\/strong>.: O v\u00eddeo,\nabaixo, ilustra o texto, acima.<\/p>\n\n\n\n<p><strong>1\n&#8211; Rompimento de quatro barragens em Brumadinho\/MG N\u00c3O FOI ACIDENTE. FOI CRIME! 28\/1\/2019.<\/strong><\/p>\n\n\n\n<figure class=\"wp-block-embed-youtube wp-block-embed is-type-video is-provider-youtube wp-embed-aspect-16-9 wp-has-aspect-ratio\"><div class=\"wp-block-embed__wrapper\">\n<div class=\"epyt-video-wrapper\"><iframe loading=\"lazy\"  id=\"_ytid_57029\"  width=\"810\" height=\"456\"  data-origwidth=\"810\" data-origheight=\"456\" src=\"https:\/\/www.youtube.com\/embed\/ehnt9vwC7YU?enablejsapi=1&#038;autoplay=0&#038;cc_load_policy=0&#038;cc_lang_pref=&#038;iv_load_policy=1&#038;loop=0&#038;rel=1&#038;fs=1&#038;playsinline=0&#038;autohide=2&#038;theme=dark&#038;color=red&#038;controls=1&#038;disablekb=0&#038;\" class=\"__youtube_prefs__  epyt-is-override  no-lazyload\" title=\"YouTube player\"  allow=\"fullscreen; accelerometer; autoplay; clipboard-write; encrypted-media; gyroscope; picture-in-picture; web-share\" referrerpolicy=\"strict-origin-when-cross-origin\" allowfullscreen data-no-lazy=\"1\" data-skipgform_ajax_framebjll=\"\"><\/iframe><\/div>\n<\/div><\/figure>\n\n\n\n<hr class=\"wp-block-separator\"\/>\n\n\n\n<p><a href=\"#_ftnref1\">[1]<\/a> Frei e padre da Ordem dos\ncarmelitas; doutor em Educa\u00e7\u00e3o pela FAE\/UFMG; licenciado e bacharel em\nFilosofia pela UFPR; bacharel em Teologia pelo ITESP<strong>\/<\/strong>SP; mestre em Ci\u00eancias B\u00edblicas; assessor da CPT, CEBI, SAB e\nOcupa\u00e7\u00f5es Urbanas; prof. de \u201cMovimentos Sociais Populares e Direitos Humanos\u201d\nno IDH, em Belo Horizonte, MG. E-mail: <a href=\"mailto:gilvanderlm@gmail.com\">gilvanderlm@gmail.com<\/a> \u2013 <a href=\"http:\/\/www.gilvander.org.br\">www.gilvander.org.br<\/a> &#8211; <a href=\"http:\/\/www.freigilvander.blogspot.com.br\">www.freigilvander.blogspot.com.br<\/a>&nbsp;&nbsp;&nbsp;&nbsp;&nbsp; \u2013&nbsp;&nbsp;&nbsp;&nbsp;&nbsp;&nbsp;\n<a href=\"http:\/\/www.twitter.com\/gilvanderluis\">www.twitter.com\/gilvanderluis<\/a>&nbsp;&nbsp;&nbsp;&nbsp;&nbsp;&nbsp;&nbsp; \u2013&nbsp;&nbsp;&nbsp;&nbsp;\nFacebook: Gilvander Moreira III<\/p>\n","protected":false},"excerpt":{"rendered":"<p>O crime da VALE exige justi\u00e7a e n\u00e3o apenas medidas paliativas.&nbsp;Por Gilvander Moreira[1] O crime\/trag\u00e9dia gigante causado pela mineradora VALE, com licen\u00e7a do Estado, exige de todas as pessoas de boa vontade compromisso \u00e9tico para<\/p>\n","protected":false},"author":2,"featured_media":3643,"comment_status":"open","ping_status":"open","sticky":false,"template":"","format":"standard","meta":{"footnotes":""},"categories":[21,47,38,49,39,35,27,30,28,25,29,43,18],"tags":[],"class_list":["post-3639","post","type-post","status-publish","format-standard","has-post-thumbnail","hentry","category-artigo","category-direito-a-agua","category-direito-a-saude","category-direito-a-terra","category-direitos-dos-povos-indigenas","category-direitos-dos-quilombolas","category-direitos-humanos","category-fe-e-politica","category-luta-pela-moradia","category-luta-pela-terra-e-reforma-agraria","category-movimentos-sociais-populares","category-pedagogia-emancipatoria","category-videos-de-frei-gilvander"],"_links":{"self":[{"href":"http:\/\/gilvander.org.br\/site\/wp-json\/wp\/v2\/posts\/3639","targetHints":{"allow":["GET"]}}],"collection":[{"href":"http:\/\/gilvander.org.br\/site\/wp-json\/wp\/v2\/posts"}],"about":[{"href":"http:\/\/gilvander.org.br\/site\/wp-json\/wp\/v2\/types\/post"}],"author":[{"embeddable":true,"href":"http:\/\/gilvander.org.br\/site\/wp-json\/wp\/v2\/users\/2"}],"replies":[{"embeddable":true,"href":"http:\/\/gilvander.org.br\/site\/wp-json\/wp\/v2\/comments?post=3639"}],"version-history":[{"count":3,"href":"http:\/\/gilvander.org.br\/site\/wp-json\/wp\/v2\/posts\/3639\/revisions"}],"predecessor-version":[{"id":3649,"href":"http:\/\/gilvander.org.br\/site\/wp-json\/wp\/v2\/posts\/3639\/revisions\/3649"}],"wp:featuredmedia":[{"embeddable":true,"href":"http:\/\/gilvander.org.br\/site\/wp-json\/wp\/v2\/media\/3643"}],"wp:attachment":[{"href":"http:\/\/gilvander.org.br\/site\/wp-json\/wp\/v2\/media?parent=3639"}],"wp:term":[{"taxonomy":"category","embeddable":true,"href":"http:\/\/gilvander.org.br\/site\/wp-json\/wp\/v2\/categories?post=3639"},{"taxonomy":"post_tag","embeddable":true,"href":"http:\/\/gilvander.org.br\/site\/wp-json\/wp\/v2\/tags?post=3639"}],"curies":[{"name":"wp","href":"https:\/\/api.w.org\/{rel}","templated":true}]}}