{"id":4026,"date":"2019-04-23T09:20:06","date_gmt":"2019-04-23T12:20:06","guid":{"rendered":"http:\/\/gilvander.org.br\/site\/?p=4026"},"modified":"2019-04-23T09:20:14","modified_gmt":"2019-04-23T12:20:14","slug":"%ef%bb%bfsem-regularizar-territorios-nao-ha-como-fazer-politicas-publicas-afirma-jesus-do-rosario-araujo-da-federacao-quilombola-de-mg","status":"publish","type":"post","link":"http:\/\/gilvander.org.br\/site\/%ef%bb%bfsem-regularizar-territorios-nao-ha-como-fazer-politicas-publicas-afirma-jesus-do-rosario-araujo-da-federacao-quilombola-de-mg\/","title":{"rendered":"\ufeff\u201cSem regularizar territ\u00f3rios n\u00e3o h\u00e1 como fazer pol\u00edticas p\u00fablicas\u201d, afirma Jesus do Ros\u00e1rio Ara\u00fajo, da Federa\u00e7\u00e3o Quilombola de MG."},"content":{"rendered":"\n<p><strong>\u201cSem regularizar territ\u00f3rios n\u00e3o h\u00e1 como fazer pol\u00edticas p\u00fablicas\u201d, afirma Jesus do Ros\u00e1rio Ara\u00fajo, da Federa\u00e7\u00e3o Quilombola de MG.<\/strong><\/p>\n\n\n\n<figure class=\"wp-block-embed-youtube wp-block-embed is-type-video is-provider-youtube wp-embed-aspect-16-9 wp-has-aspect-ratio\"><div class=\"wp-block-embed__wrapper\">\n<div class=\"epyt-video-wrapper\"><iframe loading=\"lazy\"  id=\"_ytid_57562\"  width=\"810\" height=\"456\"  data-origwidth=\"810\" data-origheight=\"456\" src=\"https:\/\/www.youtube.com\/embed\/_7oedjfoBWg?enablejsapi=1&#038;autoplay=0&#038;cc_load_policy=0&#038;cc_lang_pref=&#038;iv_load_policy=1&#038;loop=0&#038;rel=1&#038;fs=1&#038;playsinline=0&#038;autohide=2&#038;theme=dark&#038;color=red&#038;controls=1&#038;disablekb=0&#038;\" class=\"__youtube_prefs__  epyt-is-override  no-lazyload\" title=\"YouTube player\"  allow=\"fullscreen; accelerometer; autoplay; clipboard-write; encrypted-media; gyroscope; picture-in-picture; web-share\" referrerpolicy=\"strict-origin-when-cross-origin\" allowfullscreen data-no-lazy=\"1\" data-skipgform_ajax_framebjll=\"\"><\/iframe><\/div>\n<\/div><\/figure>\n\n\n\n<p>Audi\u00eancia P\u00fablica na Comiss\u00e3o de Direitos Humanos da Assembleia Legislativa de Minas Gerais debate Pol\u00edtica Estadual para o Desenvolvimento Sustent\u00e1vel dos Povos e Comunidades Tradicionais de Minas Gerais \u2013 Jesus do Ros\u00e1rio Ara\u00fajo, presidente da Federa\u00e7\u00e3o Quilombola de Minas Gerais \u2013 20\/3\/2019. Filmagem de frei Gilvander Moreira, da CPT, das CEBs e do CEBI.<\/p>\n\n\n\n<div class=\"wp-block-image\"><figure class=\"alignleft is-resized\"><img loading=\"lazy\" decoding=\"async\" src=\"http:\/\/gilvander.org.br\/site\/wp-content\/uploads\/2019\/04\/Jesus-da-federa\u00e7\u00e3o-quilombola-de-MG.jpg\" alt=\"\" class=\"wp-image-4027\" width=\"615\" height=\"344\"\/><figcaption>O presidente da Federa\u00e7\u00e3o dos Quilombolas de Minas Gerais,<br>Jesus Ros\u00e1rio Ara\u00fajo. Foto: Reprodu\u00e7\u00e3o \/ www.gazetanortemineira.com.br<\/figcaption><\/figure><\/div>\n\n\n\n<p>Edi\u00e7\u00e3o de N\u00e1dia Oliveira, colaboradora da CPT-MG. Inscreva-se no You Tube, no Canal Frei Gilvander Luta pela Terra e por Direitos, no link:&nbsp;<a href=\"https:\/\/www.youtube.com\/user\/fgilvander\">https:\/\/www.youtube.com\/user\/fgilvander<\/a>, acione o sininho, receba as notifica\u00e7\u00f5es de envio de v\u00eddeos e assista a diversos v\u00eddeos de luta por direitos sociais. Se assistir e gostar, compartilhe. Sugerimos.<\/p>\n\n\n\n<p><a href=\"https:\/\/www.youtube.com\/results?search_query=%23FreiGilvander\">#FreiGilvander<\/a><br><\/p>\n","protected":false},"excerpt":{"rendered":"<p>\u201cSem regularizar territ\u00f3rios n\u00e3o h\u00e1 como fazer pol\u00edticas p\u00fablicas\u201d, afirma Jesus do Ros\u00e1rio Ara\u00fajo, da Federa\u00e7\u00e3o Quilombola de MG. Audi\u00eancia P\u00fablica na Comiss\u00e3o de Direitos Humanos da Assembleia Legislativa de Minas Gerais debate Pol\u00edtica Estadual<\/p>\n","protected":false},"author":2,"featured_media":4027,"comment_status":"open","ping_status":"open","sticky":false,"template":"","format":"standard","meta":{"footnotes":""},"categories":[46,35,27,25,29,18],"tags":[],"class_list":["post-4026","post","type-post","status-publish","format-standard","has-post-thumbnail","hentry","category-direito-a-cultura-popular","category-direitos-dos-quilombolas","category-direitos-humanos","category-luta-pela-terra-e-reforma-agraria","category-movimentos-sociais-populares","category-videos-de-frei-gilvander"],"_links":{"self":[{"href":"http:\/\/gilvander.org.br\/site\/wp-json\/wp\/v2\/posts\/4026","targetHints":{"allow":["GET"]}}],"collection":[{"href":"http:\/\/gilvander.org.br\/site\/wp-json\/wp\/v2\/posts"}],"about":[{"href":"http:\/\/gilvander.org.br\/site\/wp-json\/wp\/v2\/types\/post"}],"author":[{"embeddable":true,"href":"http:\/\/gilvander.org.br\/site\/wp-json\/wp\/v2\/users\/2"}],"replies":[{"embeddable":true,"href":"http:\/\/gilvander.org.br\/site\/wp-json\/wp\/v2\/comments?post=4026"}],"version-history":[{"count":1,"href":"http:\/\/gilvander.org.br\/site\/wp-json\/wp\/v2\/posts\/4026\/revisions"}],"predecessor-version":[{"id":4028,"href":"http:\/\/gilvander.org.br\/site\/wp-json\/wp\/v2\/posts\/4026\/revisions\/4028"}],"wp:featuredmedia":[{"embeddable":true,"href":"http:\/\/gilvander.org.br\/site\/wp-json\/wp\/v2\/media\/4027"}],"wp:attachment":[{"href":"http:\/\/gilvander.org.br\/site\/wp-json\/wp\/v2\/media?parent=4026"}],"wp:term":[{"taxonomy":"category","embeddable":true,"href":"http:\/\/gilvander.org.br\/site\/wp-json\/wp\/v2\/categories?post=4026"},{"taxonomy":"post_tag","embeddable":true,"href":"http:\/\/gilvander.org.br\/site\/wp-json\/wp\/v2\/tags?post=4026"}],"curies":[{"name":"wp","href":"https:\/\/api.w.org\/{rel}","templated":true}]}}