{"id":4029,"date":"2019-04-23T09:42:38","date_gmt":"2019-04-23T12:42:38","guid":{"rendered":"http:\/\/gilvander.org.br\/site\/?p=4029"},"modified":"2019-04-23T09:42:40","modified_gmt":"2019-04-23T12:42:40","slug":"celia-xakriaba-em-audiencia-publica-na-almg-defesa-dos-povos-e-comunidades-tradicionais-20-3-2019","status":"publish","type":"post","link":"http:\/\/gilvander.org.br\/site\/celia-xakriaba-em-audiencia-publica-na-almg-defesa-dos-povos-e-comunidades-tradicionais-20-3-2019\/","title":{"rendered":"C\u00e9lia Xakriab\u00e1, em Audi\u00eancia P\u00fablica na ALMG: defesa dos Povos e Comunidades Tradicionais &#8211; 20\/3\/2019."},"content":{"rendered":"\n<p><strong>C\u00e9lia Xakriab\u00e1, em Audi\u00eancia P\u00fablica na ALMG: defesa dos Povos e Comunidades Tradicionais &#8211; 20\/3\/2019.<\/strong><\/p>\n\n\n\n<figure class=\"wp-block-embed-youtube wp-block-embed is-type-video is-provider-youtube wp-embed-aspect-16-9 wp-has-aspect-ratio\"><div class=\"wp-block-embed__wrapper\">\n<div class=\"epyt-video-wrapper\"><iframe loading=\"lazy\"  id=\"_ytid_17745\"  width=\"810\" height=\"456\"  data-origwidth=\"810\" data-origheight=\"456\" src=\"https:\/\/www.youtube.com\/embed\/b-XmiXqkxZw?enablejsapi=1&#038;autoplay=0&#038;cc_load_policy=0&#038;cc_lang_pref=&#038;iv_load_policy=1&#038;loop=0&#038;rel=1&#038;fs=1&#038;playsinline=0&#038;autohide=2&#038;theme=dark&#038;color=red&#038;controls=1&#038;disablekb=0&#038;\" class=\"__youtube_prefs__  epyt-is-override  no-lazyload\" title=\"YouTube player\"  allow=\"fullscreen; accelerometer; autoplay; clipboard-write; encrypted-media; gyroscope; picture-in-picture; web-share\" referrerpolicy=\"strict-origin-when-cross-origin\" allowfullscreen data-no-lazy=\"1\" data-skipgform_ajax_framebjll=\"\"><\/iframe><\/div>\n<\/div><\/figure>\n\n\n\n<p>Audi\u00eancia P\u00fablica na Comiss\u00e3o de Direitos Humanos da Assembleia Legislativa de Minas Gerais (ALMG) debate Pol\u00edtica Estadual para o Desenvolvimento Sustent\u00e1vel dos Povos e Comunidades Tradicionais de Minas Gerais \u2013 C\u00e9lia Xakriab\u00e1, lideran\u00e7a ind\u00edgena. 20\/3\/2019.<\/p>\n\n\n\n<div class=\"wp-block-image\"><figure class=\"alignleft is-resized\"><img loading=\"lazy\" decoding=\"async\" src=\"http:\/\/gilvander.org.br\/site\/wp-content\/uploads\/2019\/04\/C\u00e9lia-Xakriab\u00e1.jpg\" alt=\"\" class=\"wp-image-4030\" width=\"643\" height=\"430\" srcset=\"http:\/\/gilvander.org.br\/site\/wp-content\/uploads\/2019\/04\/C\u00e9lia-Xakriab\u00e1.jpg 653w, http:\/\/gilvander.org.br\/site\/wp-content\/uploads\/2019\/04\/C\u00e9lia-Xakriab\u00e1-300x201.jpg 300w, http:\/\/gilvander.org.br\/site\/wp-content\/uploads\/2019\/04\/C\u00e9lia-Xakriab\u00e1-420x280.jpg 420w\" sizes=\"auto, (max-width: 643px) 100vw, 643px\" \/><figcaption>C\u00e9lia Xakriab\u00e1. Foto: Reprodu\u00e7\u00e3o \/ www.hojeemdia.com.br <\/figcaption><\/figure><\/div>\n\n\n\n<p>Filmagem de frei Gilvander Moreira, da CPT, das CEBs e do CEBI. Edi\u00e7\u00e3o de N\u00e1dia Oliveira, colaboradora da CPT-MG.. Inscreva-se no You Tube, no Canal Frei Gilvander Luta pela Terra e por Direitos, no link:&nbsp;<a href=\"https:\/\/www.youtube.com\/user\/fgilvander\">https:\/\/www.youtube.com\/user\/fgilvander<\/a>, acione o sininho, receba as notifica\u00e7\u00f5es de envio de v\u00eddeos e assista a diversos v\u00eddeos de luta por direitos sociais. Se assistir e gostar, compartilhe. Sugerimos.<\/p>\n\n\n\n<p><a href=\"https:\/\/www.youtube.com\/results?search_query=%23FreiGilvander\">#FreiGilvander<\/a><br><\/p>\n","protected":false},"excerpt":{"rendered":"<p>C\u00e9lia Xakriab\u00e1, em Audi\u00eancia P\u00fablica na ALMG: defesa dos Povos e Comunidades Tradicionais &#8211; 20\/3\/2019. Audi\u00eancia P\u00fablica na Comiss\u00e3o de Direitos Humanos da Assembleia Legislativa de Minas Gerais (ALMG) debate Pol\u00edtica Estadual para o Desenvolvimento<\/p>\n","protected":false},"author":2,"featured_media":4030,"comment_status":"open","ping_status":"open","sticky":false,"template":"","format":"standard","meta":{"footnotes":""},"categories":[46,39,27,25,29,43,18],"tags":[],"class_list":["post-4029","post","type-post","status-publish","format-standard","has-post-thumbnail","hentry","category-direito-a-cultura-popular","category-direitos-dos-povos-indigenas","category-direitos-humanos","category-luta-pela-terra-e-reforma-agraria","category-movimentos-sociais-populares","category-pedagogia-emancipatoria","category-videos-de-frei-gilvander"],"_links":{"self":[{"href":"http:\/\/gilvander.org.br\/site\/wp-json\/wp\/v2\/posts\/4029","targetHints":{"allow":["GET"]}}],"collection":[{"href":"http:\/\/gilvander.org.br\/site\/wp-json\/wp\/v2\/posts"}],"about":[{"href":"http:\/\/gilvander.org.br\/site\/wp-json\/wp\/v2\/types\/post"}],"author":[{"embeddable":true,"href":"http:\/\/gilvander.org.br\/site\/wp-json\/wp\/v2\/users\/2"}],"replies":[{"embeddable":true,"href":"http:\/\/gilvander.org.br\/site\/wp-json\/wp\/v2\/comments?post=4029"}],"version-history":[{"count":1,"href":"http:\/\/gilvander.org.br\/site\/wp-json\/wp\/v2\/posts\/4029\/revisions"}],"predecessor-version":[{"id":4031,"href":"http:\/\/gilvander.org.br\/site\/wp-json\/wp\/v2\/posts\/4029\/revisions\/4031"}],"wp:featuredmedia":[{"embeddable":true,"href":"http:\/\/gilvander.org.br\/site\/wp-json\/wp\/v2\/media\/4030"}],"wp:attachment":[{"href":"http:\/\/gilvander.org.br\/site\/wp-json\/wp\/v2\/media?parent=4029"}],"wp:term":[{"taxonomy":"category","embeddable":true,"href":"http:\/\/gilvander.org.br\/site\/wp-json\/wp\/v2\/categories?post=4029"},{"taxonomy":"post_tag","embeddable":true,"href":"http:\/\/gilvander.org.br\/site\/wp-json\/wp\/v2\/tags?post=4029"}],"curies":[{"name":"wp","href":"https:\/\/api.w.org\/{rel}","templated":true}]}}