{"id":4032,"date":"2019-04-24T09:31:38","date_gmt":"2019-04-24T12:31:38","guid":{"rendered":"http:\/\/gilvander.org.br\/site\/?p=4032"},"modified":"2019-04-24T09:31:41","modified_gmt":"2019-04-24T12:31:41","slug":"%ef%bb%bfcelebracao-da-paixao-e-morte-de-jesus-de-nazare-em-brumadinho-mg-19-04-2019-homilia-eloquente-de-padre-rene-paroco-da-paroquia-sao-sebastiao-de-brumadinho-mg","status":"publish","type":"post","link":"http:\/\/gilvander.org.br\/site\/%ef%bb%bfcelebracao-da-paixao-e-morte-de-jesus-de-nazare-em-brumadinho-mg-19-04-2019-homilia-eloquente-de-padre-rene-paroco-da-paroquia-sao-sebastiao-de-brumadinho-mg\/","title":{"rendered":"\ufeffCelebra\u00e7\u00e3o da Paix\u00e3o e Morte de Jesus de Nazar\u00e9, em Brumadinho, MG. 19\/04\/2019. Homilia eloquente de Padre Ren\u00ea, p\u00e1roco da Par\u00f3quia S\u00e3o Sebasti\u00e3o, de Brumadinho\/ MG."},"content":{"rendered":"\n<p><strong>Celebra\u00e7\u00e3o da Paix\u00e3o e Morte de Jesus de Nazar\u00e9, em Brumadinho, MG. 19\/04\/2019. Homilia eloquente de Padre Ren\u00ea, p\u00e1roco da Par\u00f3quia S\u00e3o Sebasti\u00e3o, de Brumadinho\/ MG.<\/strong><\/p>\n\n\n\n<figure class=\"wp-block-embed-youtube wp-block-embed is-type-video is-provider-youtube wp-embed-aspect-16-9 wp-has-aspect-ratio\"><div class=\"wp-block-embed__wrapper\">\n<div class=\"epyt-video-wrapper\"><iframe loading=\"lazy\"  id=\"_ytid_45020\"  width=\"810\" height=\"456\"  data-origwidth=\"810\" data-origheight=\"456\" src=\"https:\/\/www.youtube.com\/embed\/V6LditNt-Uc?enablejsapi=1&#038;autoplay=0&#038;cc_load_policy=0&#038;cc_lang_pref=&#038;iv_load_policy=1&#038;loop=0&#038;rel=1&#038;fs=1&#038;playsinline=0&#038;autohide=2&#038;theme=dark&#038;color=red&#038;controls=1&#038;disablekb=0&#038;\" class=\"__youtube_prefs__  epyt-is-override  no-lazyload\" title=\"YouTube player\"  allow=\"fullscreen; accelerometer; autoplay; clipboard-write; encrypted-media; gyroscope; picture-in-picture; web-share\" referrerpolicy=\"strict-origin-when-cross-origin\" allowfullscreen data-no-lazy=\"1\" data-skipgform_ajax_framebjll=\"\"><\/iframe><\/div>\n<\/div><\/figure>\n\n\n\n<p>A paix\u00e3o e morte de Jesus de Nazar\u00e9 celebrada tamb\u00e9m na paix\u00e3o e morte das centenas de vidas assassinadas pela Mineradora Vale, com licen\u00e7a do Estado, crime cometido a partir de Brumadinho, com o rompimento das barragens da Mina do C\u00f3rrego do Feij\u00e3o, dia 25\/1\/2019. A Paix\u00e3o de Jesus Cristo acontece todos os dias com os mais pobres, os que lutam contra esse sistema perverso que desumaniza em fun\u00e7\u00e3o do LUCRO, que transforma pessoas em carne ou m\u00e1quinas apenas, para atender aos anseios do deus mercado. Homilia que sensibiliza, emociona e motiva para a luta necess\u00e1ria, na certeza de que a morte n\u00e3o tem a palavra final, a \u00faltima palavra ser\u00e1 RESSURREI\u00c7\u00c3O!<\/p>\n\n\n\n<div class=\"wp-block-image\"><figure class=\"alignleft is-resized\"><img loading=\"lazy\" decoding=\"async\" src=\"http:\/\/gilvander.org.br\/site\/wp-content\/uploads\/2019\/04\/Paix\u00e3o-de-Jesus-em-Brumadinho-19-04-2019.jpg\" alt=\"\" class=\"wp-image-4033\" width=\"629\" height=\"472\" srcset=\"http:\/\/gilvander.org.br\/site\/wp-content\/uploads\/2019\/04\/Paix\u00e3o-de-Jesus-em-Brumadinho-19-04-2019.jpg 480w, http:\/\/gilvander.org.br\/site\/wp-content\/uploads\/2019\/04\/Paix\u00e3o-de-Jesus-em-Brumadinho-19-04-2019-300x225.jpg 300w\" sizes=\"auto, (max-width: 629px) 100vw, 629px\" \/><figcaption>Paix\u00e3o de Jesus Cristo em Brumadinho, MG, dia 19\/04\/2019. Foto montagem: N\u00e1dia Oliveira.<\/figcaption><\/figure><\/div>\n\n\n\n<p>*Apoio e divulga\u00e7\u00e3o: frei Gilvander Moreira, da CPT, das CEBs e do CEBI. Edi\u00e7\u00e3o de N\u00e1dia Oliveira, colaboradora da CPT-MG.<\/p>\n\n\n\n<p>*Inscreva-se no You Tube, no Canal Frei Gilvander Luta pela Terra e por Direitos, no link:&nbsp;<a href=\"https:\/\/www.youtube.com\/user\/fgilvander\">https:\/\/www.youtube.com\/user\/fgilvander<\/a>, acione o sininho, receba as notifica\u00e7\u00f5es de envio de v\u00eddeos e assista a diversos v\u00eddeos de luta por direitos sociais. Se assistir e gostar, compartilhe. Sugerimos.<\/p>\n\n\n\n<p><a href=\"https:\/\/www.youtube.com\/results?search_query=%23FreiGilvander\">#FreiGilvander<\/a><br><\/p>\n","protected":false},"excerpt":{"rendered":"<p>Celebra\u00e7\u00e3o da Paix\u00e3o e Morte de Jesus de Nazar\u00e9, em Brumadinho, MG. 19\/04\/2019. Homilia eloquente de Padre Ren\u00ea, p\u00e1roco da Par\u00f3quia S\u00e3o Sebasti\u00e3o, de Brumadinho\/ MG. A paix\u00e3o e morte de Jesus de Nazar\u00e9 celebrada<\/p>\n","protected":false},"author":2,"featured_media":4033,"comment_status":"open","ping_status":"open","sticky":false,"template":"","format":"standard","meta":{"footnotes":""},"categories":[27,30,25,29,43,26,18],"tags":[],"class_list":["post-4032","post","type-post","status-publish","format-standard","has-post-thumbnail","hentry","category-direitos-humanos","category-fe-e-politica","category-luta-pela-terra-e-reforma-agraria","category-movimentos-sociais-populares","category-pedagogia-emancipatoria","category-teologia-da-libertacao","category-videos-de-frei-gilvander"],"_links":{"self":[{"href":"http:\/\/gilvander.org.br\/site\/wp-json\/wp\/v2\/posts\/4032","targetHints":{"allow":["GET"]}}],"collection":[{"href":"http:\/\/gilvander.org.br\/site\/wp-json\/wp\/v2\/posts"}],"about":[{"href":"http:\/\/gilvander.org.br\/site\/wp-json\/wp\/v2\/types\/post"}],"author":[{"embeddable":true,"href":"http:\/\/gilvander.org.br\/site\/wp-json\/wp\/v2\/users\/2"}],"replies":[{"embeddable":true,"href":"http:\/\/gilvander.org.br\/site\/wp-json\/wp\/v2\/comments?post=4032"}],"version-history":[{"count":1,"href":"http:\/\/gilvander.org.br\/site\/wp-json\/wp\/v2\/posts\/4032\/revisions"}],"predecessor-version":[{"id":4034,"href":"http:\/\/gilvander.org.br\/site\/wp-json\/wp\/v2\/posts\/4032\/revisions\/4034"}],"wp:featuredmedia":[{"embeddable":true,"href":"http:\/\/gilvander.org.br\/site\/wp-json\/wp\/v2\/media\/4033"}],"wp:attachment":[{"href":"http:\/\/gilvander.org.br\/site\/wp-json\/wp\/v2\/media?parent=4032"}],"wp:term":[{"taxonomy":"category","embeddable":true,"href":"http:\/\/gilvander.org.br\/site\/wp-json\/wp\/v2\/categories?post=4032"},{"taxonomy":"post_tag","embeddable":true,"href":"http:\/\/gilvander.org.br\/site\/wp-json\/wp\/v2\/tags?post=4032"}],"curies":[{"name":"wp","href":"https:\/\/api.w.org\/{rel}","templated":true}]}}