{"id":4057,"date":"2019-05-06T08:51:31","date_gmt":"2019-05-06T11:51:31","guid":{"rendered":"http:\/\/gilvander.org.br\/site\/?p=4057"},"modified":"2019-05-06T09:26:19","modified_gmt":"2019-05-06T12:26:19","slug":"%ef%bb%bfseguimos-rumo-a-xxii-romaria-das-aguas-e-da-terra-do-estado-de-minas-gerais-dia-10-de-novembro-de-2019-na-cidade-de-romaria","status":"publish","type":"post","link":"http:\/\/gilvander.org.br\/site\/%ef%bb%bfseguimos-rumo-a-xxii-romaria-das-aguas-e-da-terra-do-estado-de-minas-gerais-dia-10-de-novembro-de-2019-na-cidade-de-romaria\/","title":{"rendered":"\ufeffSeguimos rumo \u00e0 XXII Romaria das \u00c1guas e da Terra do Estado de Minas Gerais dia 10 de novembro de 2019 na cidade de Romaria."},"content":{"rendered":"\n<p><strong>Seguimos rumo \u00e0 XXII\nRomaria das \u00c1guas e da Terra do Estado de Minas Gerais dia 10 de novembro de\n2019 na cidade de Romaria.<\/strong><\/p>\n\n\n\n<p><em>Por Comiss\u00e3o Pastoral da Terra (CPT\/MG) e Equipe de Comunica\u00e7\u00e3o da XXII Romaria<\/em><\/p>\n\n\n\n<figure class=\"wp-block-image\"><img loading=\"lazy\" decoding=\"async\" width=\"700\" height=\"393\" src=\"http:\/\/gilvander.org.br\/site\/wp-content\/uploads\/2019\/05\/Romaria-das-\u00e1guas.jpg\" alt=\"\" class=\"wp-image-4058\" srcset=\"http:\/\/gilvander.org.br\/site\/wp-content\/uploads\/2019\/05\/Romaria-das-\u00e1guas.jpg 700w, http:\/\/gilvander.org.br\/site\/wp-content\/uploads\/2019\/05\/Romaria-das-\u00e1guas-300x168.jpg 300w\" sizes=\"auto, (max-width: 700px) 100vw, 700px\" \/><figcaption><em>3a Romaria das \u00c1guas e da Terra da Bacia do ex-Rio Doce, em Ponte Nova, dia 03\/6\/2018, na Arquidiocese de Mariana. Foto: Divulga\u00e7\u00e3o \/ Comiss\u00e3o de Meio Ambiente das Dioceses da Bacia do Rio Doce.<\/em> <\/figcaption><\/figure>\n\n\n\n<p> Neste ano de 2019, que teve seu in\u00edcio marcado pelo hediondo crime\/trag\u00e9dia da mineradora Vale, com licen\u00e7a do Estado, a partir de Brumadinho, MG, que matou mais de 300 pessoas, matou o rio Paraopeba, apunhalou mais ainda o j\u00e1 sofrido rio S\u00e3o Francisco, somos convidadas\/os pelo Deus da Vida a caminhar com Maria, Nossa Senhora da Abadia da \u00c1gua Suja, com S\u00e3o Francisco de Assis, patrono da Romaria das \u00c1guas e da Terra em Minas Gerais, e voltar tamb\u00e9m o olhar para as \u00e1guas e a terra do Tri\u00e2ngulo Mineiro e refletir sobre as a\u00e7\u00f5es devastadoras que est\u00e3o ferindo e matando a vida em toda a sua biodiversidade e desrespeitando a dignidade humana de tantos trabalhadores e trabalhadoras e de tantas comunidades na regi\u00e3o. <\/p>\n\n\n\n<p>Inspiradas\/os pelo tema <strong>\u201cCom a M\u00e3e Abadia, as filhas e filhos e toda a natureza clamam em dores\nde parto!\u201d <\/strong>e pelo lema:<strong> \u201cDas \u00e1guas\nsujas, em Romaria, na luta pela terra e pelas \u00e1guas, fontes de vida!\u201d, <\/strong>seguimos,\ncomo filhas e filhos do Deus da Vida, construindo, em mutir\u00e3o, a XXII Romaria\ndas \u00c1guas e da Terra de Minas Gerais, a ser realizada no Tri\u00e2ngulo Mineiro, na\nArquidiocese de Uberaba, na cidade de Romaria, dia 10 de novembro\/2019\n(celebra\u00e7\u00e3o final, das 6 \u00e0s 16 horas).<\/p>\n\n\n\n<p>No dia 30 de abril \u00faltimo, tivemos a alegria\nde realizar a 4\u00aa reuni\u00e3o de prepara\u00e7\u00e3o da XXII Romaria, no Santu\u00e1rio Nossa\nSenhora da Abadia da \u00c1gua Suja, na cidade de Romaria. &nbsp;A equipe que para l\u00e1 se dirigiu foi muito bem\nacolhida pelo reitor do Santu\u00e1rio, Padre M\u00e1rcio Ruback, por Padre H\u00e9lder e por\ndezenas de lideran\u00e7as da comunidade e foi com grande entusiasmo e ardor\nmission\u00e1rio que acolheram tamb\u00e9m a XXII Romaria das \u00c1guas e da Terra do Estado\nde Minas Gerais. <\/p>\n\n\n\n<p>A cidade de Romaria se revelou para quem n\u00e3o\na conhecia uma verdadeira Nazar\u00e9 brasileira: uma pequena e acolhedora cidade,\ncom 4 mil habitantes. A Igreja conta, no munic\u00edpio, com sete comunidades rurais\ne seis setores na cidade. Um povo devoto, trabalhador, com 82% dos habitantes,\ncat\u00f3licos. Povo que caminha firme, realizando c\u00edrculos b\u00edblicos, deixando-se\nguiar pelos ensinamentos da B\u00edblia. Nesse tempo em que as grandes mineradoras e\no agroneg\u00f3cio em conluio com o Estado est\u00e3o causando a exaust\u00e3o e o colapso das\ncondi\u00e7\u00f5es objetivas de vida em Minas Gerais (e em todo o Brasil), a cidade e o\nmunic\u00edpio de Romaria enfrenta tamb\u00e9m grandes desafios: ao lado da cidade, a\natividade miner\u00e1ria vem causando grande devasta\u00e7\u00e3o ambiental, contaminando\n\u00e1guas, causando doen\u00e7as, prejudicando a vida! O uso exagerado de agrot\u00f3xicos\ntamb\u00e9m vem causando muitas doen\u00e7as, prejudicando a vida!&nbsp; E como se n\u00e3o bastasse, a cidade de Romaria n\u00e3o\ntem \u00e1gua tratada. Mais doen\u00e7as atingindo o povo, prejudicando a vida! <\/p>\n\n\n\n<p>Eis que a XXII Romaria das \u00c1guas e da Terra caminha\npara esta regi\u00e3o de nossas Minas Gerais levando um sopro de esperan\u00e7a,\nconclamando a todas e todos a ser sal da \u00e9tica e luz no meio de tantas trevas\n(opress\u00e3o, superexplora\u00e7\u00e3o e corrup\u00e7\u00e3o), como agentes de transforma\u00e7\u00e3o, de\nliberta\u00e7\u00e3o da irm\u00e3 \u00e1gua e da m\u00e3e terra, dons do Deus da Vida para que haja vida\ncom qualidade, em abund\u00e2ncia para toda a cria\u00e7\u00e3o! Todas as pessoas de boa\nvontade s\u00e3o convidadas a fazer parte do mutir\u00e3o da XXII Romaria em defesa da\nM\u00e3e Terra, da Irm\u00e3 \u00c1gua e toda a Natureza que clama por respeito, por\npreserva\u00e7\u00e3o! E que companhia melhor poder\u00edamos ter nessa caminhada que a M\u00e3e\nAbadia? Nossa Senhora da Abadia da \u00c1gua Suja caminha conosco, nos inspira e nos\nmotiva nessa a\u00e7\u00e3o de espiritualidade libertadora e prof\u00e9tica e a tornar\nl\u00edmpidas as \u00e1guas dessa regi\u00e3o de terra f\u00e9rtil, rica de \u00e1guas, para que o\nEsp\u00edrito de Deus seja respeitado na vida que ali pulsa para saciar a sede e a\nfome de suas filhas e filhos e todas suas criaturas. Como gente de ora\u00e7\u00e3o e\na\u00e7\u00e3o, de profecia e esperan\u00e7a, filhas e filhos, devotos de Nossa Senhora da\nAbadia, participar\u00e3o tamb\u00e9m dia 14\/8\/2019, v\u00e9spera da grande Festa da M\u00e3e\nAbadia, com devo\u00e7\u00e3o filial e confiantes em sua companhia nessa romaria, de\ncelebra\u00e7\u00e3o no Santu\u00e1rio, que ser\u00e1 dedicada \u00e0 XXII Romaria das \u00c1guas e da Terra\ndo Estado de Minas Gerais. Seja este tamb\u00e9m um forte momento de espiritualidade\nlibertadora e prof\u00e9tica da XXII Romaria, como um verdadeiro envio para atuarmos\ncomo fermento na massa alienada, assim como nos pede Jesus de Nazar\u00e9, capazes\nde defender a vida na defesa da M\u00e3e Terra e da Irm\u00e3 \u00c1gua!<\/p>\n\n\n\n<p>No dia primeiro de maio \u00faltimo, nossa parada\nfoi em Uberl\u00e2ndia, onde realizamos nossa 5\u00aa reuni\u00e3o de prepara\u00e7\u00e3o da XXII\nRomaria das \u00c1guas e da Terra do Estado de Minas Gerais. Mais um encontro muito\nfeliz e produtivo. Com o padre Wladimir e nossas irm\u00e3s e irm\u00e3os da CPT\n(Comiss\u00e3o Pastoral da Terra), do CEBI (Centro Ecum\u00eanico de Estudos B\u00edblicos), das\nCEBs (Comunidades Eclesiais de Base), de Pastorais Sociais, de Movimentos\nSociais Populares e lideran\u00e7as da Par\u00f3quia, caminhamos um pouco mais na\nconstru\u00e7\u00e3o da XXII Romaria. A m\u00edstica e a espiritualidade da XXII Romaria ali\nse fortaleceram com a consci\u00eancia do povo de que \u00e9 preciso assumir\nverdadeiramente o projeto de Jesus, o Cristo, assumindo-nos como crist\u00e3os\naut\u00eanticos, comprometidos com Evangelho do Galileu, capazes de nos indignarmos\ncontra as injusti\u00e7as e assumirmos atitudes corajosas, prof\u00e9ticas, de denunciar\na opress\u00e3o e anunciar que o Reino \u00e9 poss\u00edvel aqui e agora. E, segundo as\/os\nparticipantes, a XXII Romaria das \u00c1guas e da Terra do Estado de Minas Gerais\npode e deve ser esse terreno favor\u00e1vel para essa semeadura, para fazer ecoar a\nvoz de Deus por meio da voz de suas filhas e filhos, romeiras e romeiros da M\u00e3e\nTerra e da Irm\u00e3 \u00c1gua. \u00c9 tempo favor\u00e1vel de fazermos acontecer um novo\nPentecostes, fruto de um mutir\u00e3o que se une em defesa da vida, com f\u00e9, com\nousadia, coragem e alegria mission\u00e1rias; uma Igreja verdadeiramente em sa\u00edda,\ncomo nos pede o querido Papa Francisco.&nbsp;\n\u00c9 tempo favor\u00e1vel de atendermos os apelos do nosso Papa e darmos a nossa\ncontribui\u00e7\u00e3o na luta por pol\u00edticas p\u00fablicas que busquem cuidar melhor da nossa\nCasa Comum, do uso correto da irm\u00e3 \u00e1gua, da m\u00e3e terra, como fontes de vida e\nvida digna para todas e todos. <\/p>\n\n\n\n<p>Sob as b\u00ean\u00e7\u00e3os de Nossa Senhora da Abadia e\nde S\u00e3o Francisco de Assis, patrono da Romaria das \u00c1guas e da Terra, em Minas\nGerais, convidamos todas as pessoas de boa vontade, as for\u00e7as vivas da\nsociedade a se somarem conosco nesse mutir\u00e3o de organiza\u00e7\u00e3o e realiza\u00e7\u00e3o da\nXXII Romaria das \u00c1guas e da Terra do Estado de Minas Gerais. Venham todas\/os\nque s\u00e3o filhas e filhos da M\u00e3e Terra, irm\u00e3os e irm\u00e3s da Irm\u00e3 \u00c1gua. A terra \u00e9\nm\u00e3e, \u00e9 sagrada, \u00e9 fonte de vida e n\u00e3o pode ser considerada mercadoria. \u201c<em>O Esp\u00edrito de Deus est\u00e1 nas \u00e1guas, permeia e\nperpassa as \u00e1guas<\/em>\u201d (Gn 1,2). A \u00e1gua \u00e9 sagrada, \u00e9 fonte de vida. Logo, quem\nmata ou contamina as \u00e1guas est\u00e1 cometendo pecado contra o Esp\u00edrito Santo. A\nterra \u00e9 o corpo que tem como sangue a \u00e1gua. N\u00e3o \u00e9 poss\u00edvel salvar as \u00e1guas sem\npartilha, socializa\u00e7\u00e3o e democratiza\u00e7\u00e3o da M\u00e3e Terra. <\/p>\n\n\n\n<p>Bem-vindas\/os\n\u00e0 XXII Romaria das \u00c1guas e da Terra do Estado de Minas Gerais. <\/p>\n\n\n\n<p>Uberaba, MG, 06 de maio de 2019.<\/p>\n\n\n\n<p><strong>Obs<\/strong>.: Abaixo, v\u00eddeo da 4a reuni\u00e3o, dia 30\/4\/2019, de prepara\u00e7\u00e3o da XXII Romaria das \u00c1guas e da Terra de Minas Gerais, em Romaria.<\/p>\n\n\n\n<figure class=\"wp-block-embed-youtube wp-block-embed is-type-video is-provider-youtube wp-embed-aspect-16-9 wp-has-aspect-ratio\"><div class=\"wp-block-embed__wrapper\">\n<div class=\"epyt-video-wrapper\"><iframe loading=\"lazy\"  id=\"_ytid_41354\"  width=\"810\" height=\"456\"  data-origwidth=\"810\" data-origheight=\"456\" src=\"https:\/\/www.youtube.com\/embed\/2-2CJ7TLtLw#7s8d6f87?enablejsapi=1&#038;autoplay=0&#038;cc_load_policy=0&#038;cc_lang_pref=&#038;iv_load_policy=1&#038;loop=0&#038;rel=1&#038;fs=1&#038;playsinline=0&#038;autohide=2&#038;theme=dark&#038;color=red&#038;controls=1&#038;disablekb=0&#038;\" class=\"__youtube_prefs__  epyt-is-override  no-lazyload\" title=\"YouTube player\"  allow=\"fullscreen; accelerometer; autoplay; clipboard-write; encrypted-media; gyroscope; picture-in-picture; web-share\" referrerpolicy=\"strict-origin-when-cross-origin\" allowfullscreen data-no-lazy=\"1\" data-skipgform_ajax_framebjll=\"\"><\/iframe><\/div>\n<\/div><\/figure>\n","protected":false},"excerpt":{"rendered":"<p>Seguimos rumo \u00e0 XXII Romaria das \u00c1guas e da Terra do Estado de Minas Gerais dia 10 de novembro de 2019 na cidade de Romaria. Por Comiss\u00e3o Pastoral da Terra (CPT\/MG) e Equipe de Comunica\u00e7\u00e3o<\/p>\n","protected":false},"author":2,"featured_media":4058,"comment_status":"open","ping_status":"open","sticky":false,"template":"","format":"standard","meta":{"footnotes":""},"categories":[21,22,47,38,49,27,30,28,29,43,24,26,18],"tags":[],"class_list":["post-4057","post","type-post","status-publish","format-standard","has-post-thumbnail","hentry","category-artigo","category-cebs-comunidades-eclesiais-de-base","category-direito-a-agua","category-direito-a-saude","category-direito-a-terra","category-direitos-humanos","category-fe-e-politica","category-luta-pela-moradia","category-movimentos-sociais-populares","category-pedagogia-emancipatoria","category-romaria-das-aguas-e-da-terra-de-mg","category-teologia-da-libertacao","category-videos-de-frei-gilvander"],"_links":{"self":[{"href":"http:\/\/gilvander.org.br\/site\/wp-json\/wp\/v2\/posts\/4057","targetHints":{"allow":["GET"]}}],"collection":[{"href":"http:\/\/gilvander.org.br\/site\/wp-json\/wp\/v2\/posts"}],"about":[{"href":"http:\/\/gilvander.org.br\/site\/wp-json\/wp\/v2\/types\/post"}],"author":[{"embeddable":true,"href":"http:\/\/gilvander.org.br\/site\/wp-json\/wp\/v2\/users\/2"}],"replies":[{"embeddable":true,"href":"http:\/\/gilvander.org.br\/site\/wp-json\/wp\/v2\/comments?post=4057"}],"version-history":[{"count":3,"href":"http:\/\/gilvander.org.br\/site\/wp-json\/wp\/v2\/posts\/4057\/revisions"}],"predecessor-version":[{"id":4062,"href":"http:\/\/gilvander.org.br\/site\/wp-json\/wp\/v2\/posts\/4057\/revisions\/4062"}],"wp:featuredmedia":[{"embeddable":true,"href":"http:\/\/gilvander.org.br\/site\/wp-json\/wp\/v2\/media\/4058"}],"wp:attachment":[{"href":"http:\/\/gilvander.org.br\/site\/wp-json\/wp\/v2\/media?parent=4057"}],"wp:term":[{"taxonomy":"category","embeddable":true,"href":"http:\/\/gilvander.org.br\/site\/wp-json\/wp\/v2\/categories?post=4057"},{"taxonomy":"post_tag","embeddable":true,"href":"http:\/\/gilvander.org.br\/site\/wp-json\/wp\/v2\/tags?post=4057"}],"curies":[{"name":"wp","href":"https:\/\/api.w.org\/{rel}","templated":true}]}}