{"id":4066,"date":"2019-05-07T18:00:52","date_gmt":"2019-05-07T21:00:52","guid":{"rendered":"http:\/\/gilvander.org.br\/site\/?p=4066"},"modified":"2019-05-07T18:00:54","modified_gmt":"2019-05-07T21:00:54","slug":"%ef%bb%bfmakota-celinha-comunidades-tradicionais-em-mg-audiencia-publica-na-almg-20-3-2019","status":"publish","type":"post","link":"http:\/\/gilvander.org.br\/site\/%ef%bb%bfmakota-celinha-comunidades-tradicionais-em-mg-audiencia-publica-na-almg-20-3-2019\/","title":{"rendered":"\ufeffMakota Celinha: Comunidades Tradicionais em MG\/Audi\u00eancia P\u00fablica na ALMG. 20\/3\/2019."},"content":{"rendered":"\n<p><strong>Makota Celinha: Comunidades Tradicionais em MG\/Audi\u00eancia P\u00fablica na ALMG. 20\/3\/2019.<\/strong><\/p>\n\n\n\n<figure class=\"wp-block-embed-youtube wp-block-embed is-type-video is-provider-youtube wp-embed-aspect-16-9 wp-has-aspect-ratio\"><div class=\"wp-block-embed__wrapper\">\n<div class=\"epyt-video-wrapper\"><iframe loading=\"lazy\"  id=\"_ytid_76693\"  width=\"810\" height=\"456\"  data-origwidth=\"810\" data-origheight=\"456\" src=\"https:\/\/www.youtube.com\/embed\/OAuybhbwoGE?enablejsapi=1&#038;autoplay=0&#038;cc_load_policy=0&#038;cc_lang_pref=&#038;iv_load_policy=1&#038;loop=0&#038;rel=1&#038;fs=1&#038;playsinline=0&#038;autohide=2&#038;theme=dark&#038;color=red&#038;controls=1&#038;disablekb=0&#038;\" class=\"__youtube_prefs__  epyt-is-override  no-lazyload\" title=\"YouTube player\"  allow=\"fullscreen; accelerometer; autoplay; clipboard-write; encrypted-media; gyroscope; picture-in-picture; web-share\" referrerpolicy=\"strict-origin-when-cross-origin\" allowfullscreen data-no-lazy=\"1\" data-skipgform_ajax_framebjll=\"\"><\/iframe><\/div>\n<\/div><\/figure>\n\n\n\n<p>\u00a0Audi\u00eancia P\u00fablica na Comiss\u00e3o de Direitos Humanos da Assembleia Legislativa de Minas Gerais (ALMG) debate Pol\u00edtica Estadual para o Desenvolvimento Sustent\u00e1vel dos Povos e Comunidades Tradicionais de Minas Gerais &#8211; Makota Celinha, jornalista e coordenadora nacional do Centro Nacional de Africanidade e Resist\u00eancia. 20\/3\/2019. Filmagem de frei Gilvander Moreira, da CPT, das CEBs e do CEBI. Edi\u00e7\u00e3o de N\u00e1dia Oliveira, colaboradora da CPT-MG.<\/p>\n\n\n\n<div class=\"wp-block-image\"><figure class=\"alignleft is-resized\"><img loading=\"lazy\" decoding=\"async\" src=\"http:\/\/gilvander.org.br\/site\/wp-content\/uploads\/2019\/05\/Makota-Celinha-1.jpg\" alt=\"\" class=\"wp-image-4068\" width=\"604\" height=\"452\"\/><\/figure><\/div>\n\n\n\n<p>&nbsp;Inscreva-se no You Tube, no Canal Frei Gilvander Luta pela Terra e por Direitos, no link:&nbsp;<a href=\"https:\/\/www.youtube.com\/user\/fgilvander\">https:\/\/www.youtube.com\/user\/fgilvander<\/a>, acione o sininho, receba as notifica\u00e7\u00f5es de envio de v\u00eddeos e assista a diversos v\u00eddeos de luta por direitos sociais. Se assistir e gostar, compartilhe. Sugerimos.<\/p>\n\n\n\n<p><a href=\"https:\/\/www.youtube.com\/results?search_query=%23FreiGilvander\">#FreiGilvander<\/a><br><\/p>\n","protected":false},"excerpt":{"rendered":"<p>Makota Celinha: Comunidades Tradicionais em MG\/Audi\u00eancia P\u00fablica na ALMG. 20\/3\/2019. \u00a0Audi\u00eancia P\u00fablica na Comiss\u00e3o de Direitos Humanos da Assembleia Legislativa de Minas Gerais (ALMG) debate Pol\u00edtica Estadual para o Desenvolvimento Sustent\u00e1vel dos Povos e Comunidades<\/p>\n","protected":false},"author":2,"featured_media":4068,"comment_status":"open","ping_status":"open","sticky":false,"template":"","format":"standard","meta":{"footnotes":""},"categories":[47,46,44,49,35,30,29,43,26,18],"tags":[],"class_list":["post-4066","post","type-post","status-publish","format-standard","has-post-thumbnail","hentry","category-direito-a-agua","category-direito-a-cultura-popular","category-direito-a-memoria","category-direito-a-terra","category-direitos-dos-quilombolas","category-fe-e-politica","category-movimentos-sociais-populares","category-pedagogia-emancipatoria","category-teologia-da-libertacao","category-videos-de-frei-gilvander"],"_links":{"self":[{"href":"http:\/\/gilvander.org.br\/site\/wp-json\/wp\/v2\/posts\/4066","targetHints":{"allow":["GET"]}}],"collection":[{"href":"http:\/\/gilvander.org.br\/site\/wp-json\/wp\/v2\/posts"}],"about":[{"href":"http:\/\/gilvander.org.br\/site\/wp-json\/wp\/v2\/types\/post"}],"author":[{"embeddable":true,"href":"http:\/\/gilvander.org.br\/site\/wp-json\/wp\/v2\/users\/2"}],"replies":[{"embeddable":true,"href":"http:\/\/gilvander.org.br\/site\/wp-json\/wp\/v2\/comments?post=4066"}],"version-history":[{"count":1,"href":"http:\/\/gilvander.org.br\/site\/wp-json\/wp\/v2\/posts\/4066\/revisions"}],"predecessor-version":[{"id":4069,"href":"http:\/\/gilvander.org.br\/site\/wp-json\/wp\/v2\/posts\/4066\/revisions\/4069"}],"wp:featuredmedia":[{"embeddable":true,"href":"http:\/\/gilvander.org.br\/site\/wp-json\/wp\/v2\/media\/4068"}],"wp:attachment":[{"href":"http:\/\/gilvander.org.br\/site\/wp-json\/wp\/v2\/media?parent=4066"}],"wp:term":[{"taxonomy":"category","embeddable":true,"href":"http:\/\/gilvander.org.br\/site\/wp-json\/wp\/v2\/categories?post=4066"},{"taxonomy":"post_tag","embeddable":true,"href":"http:\/\/gilvander.org.br\/site\/wp-json\/wp\/v2\/tags?post=4066"}],"curies":[{"name":"wp","href":"https:\/\/api.w.org\/{rel}","templated":true}]}}