{"id":410,"date":"2024-05-10T12:40:00","date_gmt":"2024-05-10T15:40:00","guid":{"rendered":"http:\/\/gilvander.org.br\/site\/?p=410"},"modified":"2024-05-10T12:42:05","modified_gmt":"2024-05-10T15:42:05","slug":"padre-josimo-tavares-outro-cristo-no-nosso-meio-31-anos-de-martirio-em-10051986-na-luta-pela-terra","status":"publish","type":"post","link":"http:\/\/gilvander.org.br\/site\/padre-josimo-tavares-outro-cristo-no-nosso-meio-31-anos-de-martirio-em-10051986-na-luta-pela-terra\/","title":{"rendered":"Padre Josimo Tavares, outro Cristo no nosso meio: 38 anos de mart\u00edrio (em 10\/05\/1986; hoje, 10\/5\/2024), na luta pela terra."},"content":{"rendered":"<p><strong>Padre Josimo Tavares, outro Cristo no nosso meio: 38 anos de mart\u00edrio (de 10\/05\/1986 a 10\/5\/2024), na luta pela terra.<\/strong><\/p>\n<p>Frei Gilvander Moreira<a href=\"#_ftn1\" name=\"_ftnref1\">[1]<\/a><\/p>\n<p><img loading=\"lazy\" decoding=\"async\" class=\"size-medium wp-image-411 aligncenter\" src=\"http:\/\/gilvander.org.br\/site\/wp-content\/uploads\/2017\/05\/Padre-Josimo-Tavares-3-10-05-2017-300x178.jpg\" alt=\"\" width=\"300\" height=\"178\" srcset=\"http:\/\/gilvander.org.br\/site\/wp-content\/uploads\/2017\/05\/Padre-Josimo-Tavares-3-10-05-2017-300x178.jpg 300w, http:\/\/gilvander.org.br\/site\/wp-content\/uploads\/2017\/05\/Padre-Josimo-Tavares-3-10-05-2017.jpg 480w\" sizes=\"auto, (max-width: 300px) 100vw, 300px\" \/><\/p>\n<p>\u201cFeliz de um povo que n\u00e3o esquece seus m\u00e1rtires\u201d\u00a0(Dom Pedro Casald\u00e1liga).<\/p>\n<p>Dia 10 de maio de 2024, celebramos 38 anos do mart\u00edrio do padre Josimo Tavares. A Comiss\u00e3o Pastoral da Terra (CPT) estava, em 1986, com apenas dez anos de hist\u00f3ria e de luta, mas j\u00e1 estava celebrando Campanha da Fraternidade sobre Fraternidade e Terra, com o Lema: &#8220;Terra de Deus, terra de irm\u00e3os&#8221;, o que foi imprescind\u00edvel para se inscrever na Constitui\u00e7\u00e3o de 1988 a Fun\u00e7\u00e3o Social da Propriedade e prescrever a desapropria\u00e7\u00e3o dos latif\u00fandios para fins de reforma agr\u00e1ria. Crescia a luta pela terra no Brasil. Neste contexto, Padre Josimo foi martirizado. Por isso o recordamos. Ap\u00f3s tentativa de assassinato contra padre Josimo Moraes Tavares, no dia 15 de abril de 1986, quando cinco tiros foram disparados contra a Toyota em que ele viajava na defesa dos camponeses, profundamente amea\u00e7ado de morte &#8211; e de ressurrei\u00e7\u00e3o! -, incompreendido por colegas padres e agentes de pastoral, inclusive, padre Josimo foi convocado a elaborar um relat\u00f3rio de suas atividades e a esclarecer as circunst\u00e2ncias que levaram a tantas amea\u00e7as de morte contra ele.<\/p>\n<p>Em seu bel\u00edssimo Testamento Espiritual e prof\u00e9tico, pronunciado durante a Assembleia da Diocese de Tocantin\u00f3polis, MA, no dia 27 de abril de 1986, poucos dias antes de seu assassinato, dizia Josimo que sua morte estava anunciada, encomendada e prescrita nos anais das correntes que desejavam ardentemente elimin\u00e1-lo. Fazendeiros e empres\u00e1rios do campo j\u00e1 o haviam condenado sumariamente \u00e0 pena de morte. Mas Josimo se encontrava firme, impulsionado pela for\u00e7a do Evangelho, pois havia assumido sua miss\u00e3o pastoral de compromisso com a causa dos camponeses oprimidos e injusti\u00e7ados. Josimo declarou: \u201cPois \u00e9, gente, eu quero que voc\u00eas entendam que o que vem acontecendo n\u00e3o \u00e9 fruto de nenhuma ideologia ou fac\u00e7\u00e3o teol\u00f3gica, nem por mim mesmo, ou seja, pela minha personalidade. Acredito que o porqu\u00ea de tudo isso se resume em tr\u00eas pontos principais: a) Por Deus ter me chamado com o dom da voca\u00e7\u00e3o sacerdotal e eu ter correspondido; b) Pelo senhor bispo, dom Corn\u00e9lio, ter me ordenado sacerdote; c) Pelo apoio do povo e do vig\u00e1rio de Xambio\u00e1, ent\u00e3o Padre Jo\u00e3o Caprioli, que me ajudaram a vencer nos estudos. \u201cO disc\u00edpulo n\u00e3o \u00e9 maior do que o Mestre. Se perseguirem a mim, h\u00e3o de perseguir voc\u00eas tamb\u00e9m.\u201d Tenho que assumir. Agora estou empenhado na luta pela causa dos pobres lavradores indefesos, povo oprimido nas garras dos latif\u00fandios. Se eu me calar, quem os defender\u00e1? Quem lutar\u00e1 a seu favor? Eu pelo menos nada tenho a perder. N\u00e3o tenho mulher, filhos e nem riqueza sequer, ningu\u00e9m chorar\u00e1 por mim. S\u00f3 tenho pena de uma pessoa: de minha m\u00e3e, que s\u00f3 tem a mim e mais ningu\u00e9m por ela. Pobre. Vi\u00fava. Mas voc\u00eas ficam a\u00ed e cuidar\u00e3o dela. Nem o medo me det\u00e9m. \u00c9 hora de assumir. Morro por uma justa causa. Agora quero que voc\u00eas entendam o seguinte: tudo isso que est\u00e1 acontecendo \u00e9 uma conseq\u00fc\u00eancia l\u00f3gica resultante do meu trabalho na luta e defesa dos pobres, em prol do Evangelho que me levou a assumir at\u00e9 as \u00faltimas conseq\u00fc\u00eancias. A minha vida nada vale em vista da morte de tantos pais lavradores assassinados, violentados e despejados de suas terras. Deixando mulheres e filhos abandonados, sem carinho, sem p\u00e3o e sem lar. \u00c9 hora de se levantar e fazer a diferen\u00e7a! Morro por uma causa justa<a href=\"#_ftn2\" name=\"_ftnref2\">[2]<\/a>\u201d<\/p>\n<p>Padre Josimo Tavares sabia que \u2018os filhos das trevas\u2019 \u2013 latifundi\u00e1rios amantes do deus capital \u2013 estavam na imin\u00eancia de mat\u00e1-lo. Ele n\u00e3o quis fugir. Como Jesus subindo para Jerusal\u00e9m, Josimo, enquanto coordenador da Comiss\u00e3o Pastoral da Terra (CPT), continuou sem arredar um mil\u00edmetro do seu compromisso com os camponeses injusti\u00e7ados. Dia 10 de maio de 1986, dia das mam\u00e3es, padre Josimo foi assassinado covardemente enquanto subia as escadas do pr\u00e9dio da Mitra Diocesana de Imperatriz, MA, onde funcionava a sede da CPT Araguaia-Tocantins. Ainda teve for\u00e7as para entrar no hospital andando. Isso foi o presente que fazendeiros e jagun\u00e7os deram a dona Olinda, m\u00e3e do padre Josimo, no dia das m\u00e3es.<\/p>\n<p>Padre Josimo era coordenador da CPT, na regi\u00e3o do Bico do Papagaio. O pistoleiro Geraldo Rodrigues da Costa efetuou contra o corpo do padre Josimo dois tiros com uma pistola de calibre 7,65. Outro jagun\u00e7o que participou do assassinato de Josimo foi Vilson Nunes Cardoso, que at\u00e9 hoje est\u00e1 foragido.<\/p>\n<p>Em 1993, nova den\u00fancia, apontou como mandantes do assassinato de padre Josimo: os fazendeiros Geraldo Paulo Vieira, Adailson Vieira, Osmar Teodoro da Silva, Guiomar Teodoro da Silva, Nazar\u00e9 Teodoro da Silva, Osvaldino Teodoro da Silva e Jo\u00e3o Teodoro da Silva. Em 1998 Adailson Vieira, Geraldo Paulo Vieira (pai do Adailson) e Guiomar Teodoro da Silva foram julgados e condenados. Os dois primeiros foram condenados a 19 anos de reclus\u00e3o e Guiomar, a 14 anos e 3 meses. Jo\u00e3o Teodoro da Silva faleceu antes de ser levado a julgamento. Geraldo morreu alguns meses depois da senten\u00e7a. Osmar Teodoro da Silva ficou foragido durante anos, sendo capturado pela pol\u00edcia somente em 2001, depois de ter sido alvo do programa Linha Direta, na TV gLobo. Em setembro de 2003, ele foi condenado, por unanimidade, a 19 anos de reclus\u00e3o.<\/p>\n<p>Geraldo Rodrigues da Costa, o executor do crime, foi condenado, em 1988, a 18 anos e 6 meses de reclus\u00e3o. Conseguiu fugir da penitenci\u00e1ria por tr\u00eas vezes, mas, depois da \u00faltima fuga, nunca mais fora encontrado. H\u00e1 informa\u00e7\u00f5es de que faleceu durante fuga ap\u00f3s um assalto na cidade de Guara\u00ed, Tocantins.<\/p>\n<p>Em 2006, Claudemiro Godoy do Nascimento, no artigo \u201c20 anos com Josimo\u201d, recordava: \u201cH\u00e1 20 anos atr\u00e1s, o Brasil vivia momentos de transforma\u00e7\u00f5es pol\u00edticas e econ\u00f4micas que dinamizavam o cen\u00e1rio das rela\u00e7\u00f5es pol\u00edticas. Na regi\u00e3o do Bico do Papagaio a situa\u00e7\u00e3o n\u00e3o se diferenciava. Com o an\u00fancio do fim do regime ditatorial havia uma rearticula\u00e7\u00e3o pol\u00edtica das oligarquias rurais na chamada Nova Rep\u00fablica. A luta social se encontrava diante de fortes momentos de tens\u00e3o e conflito por parte de fazendeiros e trabalhadores rurais que tinham na Igreja, na CPT, nos sindicatos e nos novos movimentos sociais do campo uma esperan\u00e7a em ver realmente a terra partilhada para todos e todas. Josimo \u00e9 a testemunha fiel e nos ensina de que vale a pena dar a vida pela causa do Reino, das comunidades e do povo. Sua morte significou o compromisso assumido em denunciar as estruturas de morte alimentadas pelas injusti\u00e7as pol\u00edticas de mandos e desmandos de uma oligarquia rural que ousava (ou ainda ousa) se estabelecer no poder da Rep\u00fablica. \u00c9 neste sentido que Josimo se torna o padre m\u00e1rtir da Comiss\u00e3o Pastoral da Terra ao selar com seu sangue uma op\u00e7\u00e3o, um compromisso e um engajamento na defesa dos oprimidos, em especial, os trabalhadores rurais. Poder\u00edamos relembrar os versos de Pedro Tierra escritos por ocasi\u00e3o do mart\u00edrio de Padre Josimo em maio de 1986:\u00a0\u201cQuem \u00e9 esse menino negro\u00a0\/\u00a0Que desafia limites?\u00a0\/\u00a0Apenas um homem.\u00a0\/\u00a0Sand\u00e1lias surradas.\u00a0\/Paci\u00eancia e indigna\u00e7\u00e3o.\u00a0\/\u00a0Riso alvo.\u00a0\/\u00a0Mel noturno.\u00a0\/\u00a0Sonho irrecus\u00e1vel.\u00a0\/\u00a0Lutou contra cercas.\u00a0\/\u00a0Todas as cercas.\/\u00a0As cercas do medo.\u00a0\/\u00a0As cercas do \u00f3dio.\u00a0\/\u00a0As cercas da terra.\u00a0\/\u00a0As cercas da fome.\u00a0\/\u00a0As cercas do corpo.\u00a0\/\u00a0As cercas do latif\u00fandio\u201d.<\/p>\n<p>Diante de tanta f\u00e9 e de uma teimosia do Reino inexplic\u00e1vel, Josimo sentia-se fortalecido pela experi\u00eancia de Deus, pois se encontrava dentro do pr\u00f3prio Deus. Com certeza, Josimo fez a experi\u00eancia de Deus que somente os grandes m\u00edsticos da humanidade fizeram. Um homem que chega a ponto de saber que ter\u00e1 seu sangue derramado em defesa dos pobres e pela causa do Reino s\u00f3 pode ter tido a experi\u00eancia concreta do Deus que se fez gente entre os homens e mulheres.<\/p>\n<p>Para Josimo ser padre significava sentir a vida brotando como servi\u00e7o justo a Deus e aos pobres, sobretudo. Para ele, o culto, a eucaristia, a teologia do sacrif\u00edcio significava o agrado que fazemos a Deus no servi\u00e7o aos pobres, aos doentes e marginalizados da sociedade. Percebemos nos escritos, nos poemas e nos registros de Josimo uma profunda intimidade com sua op\u00e7\u00e3o primeira, a saber: a\u00a0<em>Diakonia<\/em>, ou seja, o servi\u00e7o prof\u00e9tico emancipat\u00f3rio, o estar sempre servindo aos empobrecidos do Bico do Papagaio, que eram os trabalhadores rurais expulsos e espoliados da terra pelos grandes fazendeiros locais e pelos pol\u00edticos ao estilo coronelista. Portanto, ser padre segundo Josimo era ser Profeta da Justi\u00e7a, Pastor na Caminhada e Sacerdote humilde que procurava oferecer a Deus oferendas justas. Josimo \u00e9 a pr\u00f3pria oferta. Tornou-se um ofert\u00f3rio vivo para nossas comunidades e para a constru\u00e7\u00e3o do Reino.<\/p>\n<p>Com certeza, a mem\u00f3ria dos 31 anos do mart\u00edrio de Padre Josimo nos traz \u00e0 luz a experi\u00eancia das CEBs (Comunidades Eclesiais de Base), da Igreja Povo de Deus, enquanto sinal do Reino de Deus no mundo. Outros Josimos surgiram e surgir\u00e3o mais ainda quando a Igreja novamente for sinal vivo do Reino de Deus, quando estiver ao lado dos pobres e oprimidos e perseguidos; quando denunciar as injusti\u00e7as e as opress\u00f5es cometidas contra o povo; quando anunciar a esperan\u00e7a, a f\u00e9, o amor e a alegria aos pobres.<\/p>\n<p>Padre Josimo, em vida plena, continua vivo em n\u00f3s na luta. Vivo nas mem\u00f3rias do povo, nas experi\u00eancias dos educadores populares, nos escritos da Teologia da Liberta\u00e7\u00e3o e no compromisso dos poucos agentes de pastorais que continuam reafirmando o mesmo compromisso com o Reino, com a constru\u00e7\u00e3o de um mundo com a justi\u00e7a social, ambiental, urbana e sustentabilidade ecol\u00f3gica. Padre Josimo est\u00e1 vivo no martirol\u00f3gio latino-americano, alternativo por excel\u00eancia, sem nenhuma liga\u00e7\u00e3o e reconhecimento por parte da estrutura eclesial oficial. A hist\u00f3ria n\u00e3o pode perder a figura de Josimo. Ele \u00e9 importante na hist\u00f3ria porque promoveu com o povo a hist\u00f3ria. Com Josimo, os dominados contam suas hist\u00f3rias. Com Josimo, a hist\u00f3ria n\u00e3o \u00e9 feita segundo a l\u00f3gica da classe dominante. Com Josimo, os dominados s\u00e3o os sujeitos hist\u00f3ricos.<\/p>\n<p>O nome de Padre Josimo est\u00e1 hoje em centenas de Acampamentos de Sem Terra, de Assentamentos de Reforma Agr\u00e1ria e de Comunidades Eclesiais de Base. Ele est\u00e1 muito vivo e presente nos cora\u00e7\u00f5es e nas mentes de milh\u00f5es de pessoas que lutam para que a M\u00e3e terra seja libertada das garras do latif\u00fandio e partilhada com milh\u00f5es de sem-terra atrav\u00e9s de uma reforma agr\u00e1ria popular, massiva e democr\u00e1tica.<\/p>\n<p>Algumas pessoas perguntam: \u201cPor que valorizar o mart\u00edrio, o sofrimento\u2026?\u201d Devemos ser criteriosos para n\u00e3o incentivarmos um mart\u00edrio volunt\u00e1rio. \u00c9 claro que existem muitas pessoas que, de mil e uma formas, e n\u00e3o raro, de um jeito eficaz e abrangente, d\u00e3o testemunho, dinamizam a vida, atuam na cidadania e constroem o bem comum. N\u00e3o podemos tamb\u00e9m jamais esquecer a mem\u00f3ria dos in\u00fameros m\u00e1rtires da caminhada. Ai de um povo que esquece os seus m\u00e1rtires!<\/p>\n<p>Z\u00e9 Vicente, compositor e cantor das CEBs, diz sobre padre Josimo: \u201cPadre Josimo sofreu v\u00e1rias amea\u00e7as, dois atentados e foi executado \u00e0 bala, por um pistoleiro, a mando de um grupo de fazendeiros da regi\u00e3o chamada Bico do Papagaio no Tocantins, onde ele acompanhava toda a situa\u00e7\u00e3o de conflitos pela posse da terra e pelos direitos dos trabalhadores, como membro da coordena\u00e7\u00e3o da CPT\u201d.<\/p>\n<p>Como cantor da Caminhada nas noites escuras da opress\u00e3o, movido pelo testemunho de Josimo, Z\u00e9 Vicente comp\u00f4s a m\u00fasica \u201cRenascer\u00e1\u201d em sua homenagem.<\/p>\n<p>\u201cRenascer\u00e1, renascer\u00e1, o teu sonho, Josimo,<\/p>\n<p>De um novo destino renascer\u00e1!<\/p>\n<p>E chegar\u00e1, e chegar\u00e1 tempo novo sagrado<\/p>\n<p>H\u00e1 tanto esperado, pra n\u00f3s chegar\u00e1!\u201d<\/p>\n<p>Dona Olinda, m\u00e3e de padre Josimo ainda vive e mora na regi\u00e3o do Bico do Papagaio. Ao contemplar sua imagem t\u00e3o pequena, cabelos brancos, silenciosa, vestindo a camiseta comemorativa, com a frase do testamento do filho: \u201cmorro por uma Causa justa!\u201d, o nosso cora\u00e7\u00e3o arde de emo\u00e7\u00e3o. Quem conviveu com Josimo diz:\u00a0\u201cEle era um poeta, tocava viol\u00e3o, gostava de escutar as hist\u00f3rias das pessoas, tinha um jeito humilde de ser, gostava de usar aquelas chinelas havaianas\u2026\u201d<\/p>\n<p>Recordando o p\u00f4r-do-sol na beira do grande Rio Tocantins, sob lua nova, a \u00faltima estrofe do <em>Samba pra Josimo<\/em> irrompe na lembran\u00e7a, como utopia teimosa, assinada com seu sangue h\u00e1 31 anos.<\/p>\n<p>\u201cCada rio formoso l\u00e1 do Tocantins<\/p>\n<p>Levar\u00e1 teu sonho a todos os confins<\/p>\n<p>E cada bra\u00e7o erguido, conquistando o ch\u00e3o<\/p>\n<p>Ter\u00e1 as energias do teu cora\u00e7\u00e3o!\u201d<\/p>\n<p>Assim seja! Am\u00e9m, Aleluia, Auer\u00ea, Uai!<\/p>\n<p>Belo Horizonte, MG, Brasil, 10 de maio de 2024, 38 anos com padre Josimo Tavares vivendo vida plena e muito vivo em n\u00f3s, na luta pela terra.<\/p>\n<p><a href=\"#_ftnref1\" name=\"_ftn1\">[1]<\/a> Frei e padre carmelita, mestre em Exegese B\u00edblica, doutor em Educa\u00e7\u00e3o pela FAE\/UFMG; assessor da CPT, CEBI, SAB e Movimentos urbanos de luta por moradia; e-mail:\u00a0<a href=\"mailto:gilvanderlm@gmail.com\">gilvanderlm@gmail.com<\/a> \u00a0\u2013\u00a0<a href=\"http:\/\/www.freigilvander.blogspot.com.br\">www.freigilvander.blogspot.com.br<\/a> &#8211; <a href=\"http:\/\/www.gilvander.org.br\/\">www.gilvander.org.br<\/a>\u00a0\u2013\u00a0<a href=\"http:\/\/www.twitter.com\/gilvanderluis\">www.twitter.com\/gilvanderluis<\/a>\u00a0\u2013 facebook: Gilvander Moreira III<\/p>\n<p><a href=\"#_ftnref2\" name=\"_ftn2\">[2]<\/a> LE BRETON, Binka. <strong>Todos Sabiam, a morte anunciada do Padre Josimo<\/strong>. S\u00e3o Paulo: Loyola, 2000, p. 129-130.<\/p>\n\n\n<p><strong>Obs<\/strong>.: As videorreportagens nos links, abaixo, versam sobre o assunto tratado, acima.<\/p>\n\n\n\n<p><strong>1 &#8211; Padre Josimo Tavares: Testemunho Espiritual Prof\u00e9tico, TV Pai Eterno. Por Frei Gilvander &#8211; 10\/9\/2021<\/strong><\/p>\n\n\n\n<figure class=\"wp-block-embed is-type-video is-provider-youtube wp-block-embed-youtube wp-embed-aspect-16-9 wp-has-aspect-ratio\"><div class=\"wp-block-embed__wrapper\">\n<div class=\"epyt-video-wrapper\"><iframe loading=\"lazy\"  id=\"_ytid_71260\"  width=\"810\" height=\"456\"  data-origwidth=\"810\" data-origheight=\"456\" src=\"https:\/\/www.youtube.com\/embed\/OCO4N1zG1aU?enablejsapi=1&#038;autoplay=0&#038;cc_load_policy=0&#038;cc_lang_pref=&#038;iv_load_policy=1&#038;loop=0&#038;rel=1&#038;fs=1&#038;playsinline=0&#038;autohide=2&#038;theme=dark&#038;color=red&#038;controls=1&#038;disablekb=0&#038;\" class=\"__youtube_prefs__  epyt-is-override  no-lazyload\" title=\"YouTube player\"  allow=\"fullscreen; accelerometer; autoplay; clipboard-write; encrypted-media; gyroscope; picture-in-picture; web-share\" referrerpolicy=\"strict-origin-when-cross-origin\" allowfullscreen data-no-lazy=\"1\" data-skipgform_ajax_framebjll=\"\"><\/iframe><\/div>\n<\/div><\/figure>\n\n\n\n<p><strong>2 &#8211; Palavra \u00c9tica na TVC\/BH: Padre Josimo Tavares e Leonardo Boff. Por Frei Gilvander &#8211; 06\/6\/2020<\/strong><\/p>\n\n\n\n<figure class=\"wp-block-embed is-type-video is-provider-youtube wp-block-embed-youtube wp-embed-aspect-16-9 wp-has-aspect-ratio\"><div class=\"wp-block-embed__wrapper\">\n<div class=\"epyt-video-wrapper\"><iframe loading=\"lazy\"  id=\"_ytid_96470\"  width=\"810\" height=\"456\"  data-origwidth=\"810\" data-origheight=\"456\" src=\"https:\/\/www.youtube.com\/embed\/bgjmk6QwMnc?enablejsapi=1&#038;autoplay=0&#038;cc_load_policy=0&#038;cc_lang_pref=&#038;iv_load_policy=1&#038;loop=0&#038;rel=1&#038;fs=1&#038;playsinline=0&#038;autohide=2&#038;theme=dark&#038;color=red&#038;controls=1&#038;disablekb=0&#038;\" class=\"__youtube_prefs__  epyt-is-override  no-lazyload\" title=\"YouTube player\"  allow=\"fullscreen; accelerometer; autoplay; clipboard-write; encrypted-media; gyroscope; picture-in-picture; web-share\" referrerpolicy=\"strict-origin-when-cross-origin\" allowfullscreen data-no-lazy=\"1\" data-skipgform_ajax_framebjll=\"\"><\/iframe><\/div>\n<\/div><\/figure>\n\n\n\n<p><strong>3 &#8211; Padre Josimo: &#8220;Se eu me calar, quem os defender\u00e1?&#8221; &#8211; Por frei Gilvander &#8211; 1\u00aa Parte &#8211; 08\/5\/2020<\/strong><\/p>\n\n\n\n<figure class=\"wp-block-embed is-type-video is-provider-youtube wp-block-embed-youtube wp-embed-aspect-16-9 wp-has-aspect-ratio\"><div class=\"wp-block-embed__wrapper\">\n<div class=\"epyt-video-wrapper\"><iframe loading=\"lazy\"  id=\"_ytid_29355\"  width=\"810\" height=\"456\"  data-origwidth=\"810\" data-origheight=\"456\" src=\"https:\/\/www.youtube.com\/embed\/qsU8VzVYscM?enablejsapi=1&#038;autoplay=0&#038;cc_load_policy=0&#038;cc_lang_pref=&#038;iv_load_policy=1&#038;loop=0&#038;rel=1&#038;fs=1&#038;playsinline=0&#038;autohide=2&#038;theme=dark&#038;color=red&#038;controls=1&#038;disablekb=0&#038;\" class=\"__youtube_prefs__  epyt-is-override  no-lazyload\" title=\"YouTube player\"  allow=\"fullscreen; accelerometer; autoplay; clipboard-write; encrypted-media; gyroscope; picture-in-picture; web-share\" referrerpolicy=\"strict-origin-when-cross-origin\" allowfullscreen data-no-lazy=\"1\" data-skipgform_ajax_framebjll=\"\"><\/iframe><\/div>\n<\/div><\/figure>\n\n\n\n<p><strong>4 &#8211; &#8220;Teu sonho, Josimo, renascer\u00e1.&#8221; &#8211; Por frei Gilvander &#8211; Na luta por direitos &#8211; 2a Parte &#8211; 19\/5\/2020<\/strong><\/p>\n\n\n\n<figure class=\"wp-block-embed is-type-video is-provider-youtube wp-block-embed-youtube wp-embed-aspect-16-9 wp-has-aspect-ratio\"><div class=\"wp-block-embed__wrapper\">\n<div class=\"epyt-video-wrapper\"><iframe loading=\"lazy\"  id=\"_ytid_25194\"  width=\"810\" height=\"456\"  data-origwidth=\"810\" data-origheight=\"456\" src=\"https:\/\/www.youtube.com\/embed\/Nf1j2zePc_o?enablejsapi=1&#038;autoplay=0&#038;cc_load_policy=0&#038;cc_lang_pref=&#038;iv_load_policy=1&#038;loop=0&#038;rel=1&#038;fs=1&#038;playsinline=0&#038;autohide=2&#038;theme=dark&#038;color=red&#038;controls=1&#038;disablekb=0&#038;\" class=\"__youtube_prefs__  epyt-is-override  no-lazyload\" title=\"YouTube player\"  allow=\"fullscreen; accelerometer; autoplay; clipboard-write; encrypted-media; gyroscope; picture-in-picture; web-share\" referrerpolicy=\"strict-origin-when-cross-origin\" allowfullscreen data-no-lazy=\"1\" data-skipgform_ajax_framebjll=\"\"><\/iframe><\/div>\n<\/div><\/figure>\n\n\n\n<p><strong>5 &#8211; Z\u00e9 Vicente sobre os 35 anos de mart\u00edrio do Padre Josimo Moraes Tavares, m\u00e1rtir da luta &#8230; &#8211; 21\/5\/21<\/strong><\/p>\n\n\n\n<figure class=\"wp-block-embed is-type-video is-provider-youtube wp-block-embed-youtube wp-embed-aspect-16-9 wp-has-aspect-ratio\"><div class=\"wp-block-embed__wrapper\">\n<div class=\"epyt-video-wrapper\"><iframe loading=\"lazy\"  id=\"_ytid_19654\"  width=\"810\" height=\"456\"  data-origwidth=\"810\" data-origheight=\"456\" src=\"https:\/\/www.youtube.com\/embed\/IfaLWlvPegk?enablejsapi=1&#038;autoplay=0&#038;cc_load_policy=0&#038;cc_lang_pref=&#038;iv_load_policy=1&#038;loop=0&#038;rel=1&#038;fs=1&#038;playsinline=0&#038;autohide=2&#038;theme=dark&#038;color=red&#038;controls=1&#038;disablekb=0&#038;\" class=\"__youtube_prefs__  epyt-is-override  no-lazyload\" title=\"YouTube player\"  allow=\"fullscreen; accelerometer; autoplay; clipboard-write; encrypted-media; gyroscope; picture-in-picture; web-share\" referrerpolicy=\"strict-origin-when-cross-origin\" allowfullscreen data-no-lazy=\"1\" data-skipgform_ajax_framebjll=\"\"><\/iframe><\/div>\n<\/div><\/figure>\n","protected":false},"excerpt":{"rendered":"<p>Padre Josimo Tavares, outro Cristo no nosso meio: 38 anos de mart\u00edrio (de 10\/05\/1986 a 10\/5\/2024), na luta pela terra. Frei Gilvander Moreira[1] \u201cFeliz de um povo que n\u00e3o esquece seus m\u00e1rtires\u201d\u00a0(Dom Pedro Casald\u00e1liga). Dia<\/p>\n","protected":false},"author":2,"featured_media":10372,"comment_status":"open","ping_status":"open","sticky":false,"template":"","format":"standard","meta":{"footnotes":""},"categories":[21,22,17,49,27,30,25,29,43,26],"tags":[],"class_list":["post-410","post","type-post","status-publish","format-standard","has-post-thumbnail","hentry","category-artigo","category-cebs-comunidades-eclesiais-de-base","category-destaque","category-direito-a-terra","category-direitos-humanos","category-fe-e-politica","category-luta-pela-terra-e-reforma-agraria","category-movimentos-sociais-populares","category-pedagogia-emancipatoria","category-teologia-da-libertacao"],"_links":{"self":[{"href":"http:\/\/gilvander.org.br\/site\/wp-json\/wp\/v2\/posts\/410","targetHints":{"allow":["GET"]}}],"collection":[{"href":"http:\/\/gilvander.org.br\/site\/wp-json\/wp\/v2\/posts"}],"about":[{"href":"http:\/\/gilvander.org.br\/site\/wp-json\/wp\/v2\/types\/post"}],"author":[{"embeddable":true,"href":"http:\/\/gilvander.org.br\/site\/wp-json\/wp\/v2\/users\/2"}],"replies":[{"embeddable":true,"href":"http:\/\/gilvander.org.br\/site\/wp-json\/wp\/v2\/comments?post=410"}],"version-history":[{"count":8,"href":"http:\/\/gilvander.org.br\/site\/wp-json\/wp\/v2\/posts\/410\/revisions"}],"predecessor-version":[{"id":13267,"href":"http:\/\/gilvander.org.br\/site\/wp-json\/wp\/v2\/posts\/410\/revisions\/13267"}],"wp:featuredmedia":[{"embeddable":true,"href":"http:\/\/gilvander.org.br\/site\/wp-json\/wp\/v2\/media\/10372"}],"wp:attachment":[{"href":"http:\/\/gilvander.org.br\/site\/wp-json\/wp\/v2\/media?parent=410"}],"wp:term":[{"taxonomy":"category","embeddable":true,"href":"http:\/\/gilvander.org.br\/site\/wp-json\/wp\/v2\/categories?post=410"},{"taxonomy":"post_tag","embeddable":true,"href":"http:\/\/gilvander.org.br\/site\/wp-json\/wp\/v2\/tags?post=410"}],"curies":[{"name":"wp","href":"https:\/\/api.w.org\/{rel}","templated":true}]}}