{"id":4118,"date":"2019-05-25T08:12:21","date_gmt":"2019-05-25T11:12:21","guid":{"rendered":"http:\/\/gilvander.org.br\/site\/?p=4118"},"modified":"2019-05-28T09:37:06","modified_gmt":"2019-05-28T12:37:06","slug":"%ef%bb%bfpovo-do-serro-mg-se-levanta-mineracao-aqui-nao","status":"publish","type":"post","link":"http:\/\/gilvander.org.br\/site\/%ef%bb%bfpovo-do-serro-mg-se-levanta-mineracao-aqui-nao\/","title":{"rendered":"\ufeffPovo do Serro, MG, se levanta: \u201cMinera\u00e7\u00e3o, aqui N\u00c3O!\u201d"},"content":{"rendered":"\n<p><strong>Povo do Serro, MG, se levanta: \u201cMinera\u00e7\u00e3o, aqui N\u00c3O!\u201d <\/strong>Por Gilvander Moreira<a href=\"#_ftn1\"><sup>[1]<\/sup><\/a><\/p>\n\n\n\n<figure class=\"wp-block-image\"><img loading=\"lazy\" decoding=\"async\" width=\"1024\" height=\"768\" src=\"http:\/\/gilvander.org.br\/site\/wp-content\/uploads\/2019\/05\/IMG_8143-1024x768.jpg\" alt=\"\" class=\"wp-image-4119\" srcset=\"http:\/\/gilvander.org.br\/site\/wp-content\/uploads\/2019\/05\/IMG_8143-1024x768.jpg 1024w, http:\/\/gilvander.org.br\/site\/wp-content\/uploads\/2019\/05\/IMG_8143-300x225.jpg 300w, http:\/\/gilvander.org.br\/site\/wp-content\/uploads\/2019\/05\/IMG_8143-768x576.jpg 768w\" sizes=\"auto, (max-width: 1024px) 100vw, 1024px\" \/><figcaption>Audit\u00f3rio da Escola municipal Irm\u00e3 Carvalho lotado durante a Audi\u00eancia P\u00fablica da Comiss\u00e3o dos Direitos Humanos da ALMG, na cidade do Serro, no Alto Jequitinhonha, MG, dia 21\/5\/2019. Fotos: A. Baeta.<\/figcaption><\/figure>\n\n\n\n<p>Dia 21 de maio de 2019, dia hist\u00f3rico para o povo do munic\u00edpio do Serro, na regi\u00e3o do Alto Jequitinhonha, MG, pois durante 5,15 horas aconteceu Audi\u00eancia P\u00fablica da Comiss\u00e3o de Direitos Humanos da Assembleia Legislativa do Estado de Minas Gerais (ALMG), na cidade do Serro, no grande audit\u00f3rio da Escola Municipal Irm\u00e3 Carvalho. O objetivo dessa segunda audi\u00eancia p\u00fablica \u2013 houve outra antes, em Belo Horizonte, na ALMG &#8211; foi discutir as viola\u00e7\u00f5es de direitos humanos cometidas pela empresa Herculano Minera\u00e7\u00e3o nos Munic\u00edpios de Serro e Santo Ant\u00f4nio do Itamb\u00e9 durante a fase municipal de processo de licenciamento ambiental para a implanta\u00e7\u00e3o de projeto miner\u00e1rio na regi\u00e3o. A audi\u00eancia contou com a presen\u00e7a das Deputadas Estaduais Beatriz Cerqueira (PT) e Andr\u00e9ia de Jesus (PSOL), que revelaram postura firme na defesa dos direitos \u00e9tnicos e territoriais das comunidades quilombolas, garantiram o direito de fala de todas\/os que quiseram se expressar e questionaram com veem\u00eancia o projeto miner\u00e1rio que a Herculano Minera\u00e7\u00e3o est\u00e1 insistindo em instalar na regi\u00e3o. \u201c<em>Onde chega a minera\u00e7\u00e3o acaba com as \u00e1guas, com a agricultura familiar, com a qualidade de vida, cresce a viol\u00eancia social e a inseguran\u00e7a p\u00fablica<\/em>\u201d, alertou Beatriz Cerqueira. <\/p>\n\n\n\n<p>O prefeito do Serro, Guilherme Sim\u00f5es\nNeves (PP), chegou atrasado \u00e0 Audi\u00eancia e saiu no meio da audi\u00eancia. Ap\u00f3s ouvir\nv\u00e1rias pessoas questionarem a chegada da mineradora Herculano no munic\u00edpio, a\nfala do prefeito foi deprimente, pior que Pilatos, pois em palavreado vago\nacabou afirmando que manter\u00e1 a decis\u00e3o do CODEMA<a href=\"#_ftn2\"><sup>[2]<\/sup><\/a>pr\u00f3 minera\u00e7\u00e3o da Herculano do Serro, mesmo sabendo que a decis\u00e3o do\nCODEMA est\u00e1 eivada de irregularidades, ilegalidades, imoralidades e\ninconstitucionalidades, todas muito bem apontadas pelo prof. Dr. Mateus\nMendon\u00e7a, advogado da Federa\u00e7\u00e3o Quilombola de Minas Gerais \u2013 N\u2019GOLO. Pela fala\ndo prefeito e de alguns vereadores ficou vis\u00edvel a subservi\u00eancia da Prefeitura\nMunicipal do Serro e da C\u00e2mara de Vereadores aos interesses econ\u00f4micos da\nmineradora Herculano. Foram eleitos como representantes do povo ou do capital? <\/p>\n\n\n\n<p>Durante a audi\u00eancia p\u00fablica, ficaram\ndemonstradas e comprovadas as in\u00fameras viola\u00e7\u00f5es aos direitos das comunidades\nquilombolas, que, segundo a Conven\u00e7\u00e3o 169 da OIT (Organiza\u00e7\u00e3o Internacional do\nTrabalho), da ONU, t\u00eam direito de ser ouvidas antes do in\u00edcio de projeto\necon\u00f4mico que possa impactar seu modo de vida tradicional, por meio do\ninstituto da Consulta Pr\u00e9via. A Comunidade Quilombola de Queimadas e outras\ncomunidades quilombolas do munic\u00edpio n\u00e3o foram ouvidas antes do CODEMA decidir\ntentar empurrar goela abaixo o projeto miner\u00e1rio da Herculano Minera\u00e7\u00e3o,\nautorizando a Declara\u00e7\u00e3o de Conformidade, necess\u00e1ria para a abertura do\nprocesso de licenciamento ambiental do empreendimento junto aos \u00f3rg\u00e3os\nambientais. Em alto e bom som, dezenas de pessoas que falaram ao microfone\ndeixaram claro que se a mineradora Herculano se instalar no munic\u00edpio ser\u00e1 o\nin\u00edcio de uma grande Sexta-Feira da Paix\u00e3o para o povo, para a m\u00e3e terra, a\nirm\u00e3 \u00e1gua, para a flora e fauna da regi\u00e3o. Minera\u00e7\u00e3o \u00e9 projeto de morte,\nidol\u00e1trico, sat\u00e2nico e diab\u00f3lico. Projeto de vida passa pelo fortalecimento da\nagricultura familiar, preserva\u00e7\u00e3o ambiental, turismo ecol\u00f3gico e cultural,\nrespeito \u00e0 hist\u00f3ria, \u00e0s&nbsp;\nterritorialidades e \u00e0 cultura das comunidades locais. A primeira\nconsequ\u00eancia lastim\u00e1vel da chegada de mineradora em um munic\u00edpio \u00e9 instaurar\ndivis\u00e3o entre o povo. Como Caim, na B\u00edblia, muitos seduzidos pelas v\u00e3s\npromessas da mineradora acabam optando por um projeto de morte para os irm\u00e3os. Uns\narrepender\u00e3o tarde demais!<\/p>\n\n\n\n<p>&nbsp;O\nprof. Mateus Mendon\u00e7a, da PUC\/Minas, recordou: \u201c<em>Quero lembrar a todos que o Serro se formou a partir da minera\u00e7\u00e3o de\nouro e diamante e, apesar de a riqueza mineral ter sido extra\u00edda pelos\nancestrais dos atuais moradores das comunidades quilombolas, a elite serrana se\nrecusou a assegurar o respeito, a dignidade e a preserva\u00e7\u00e3o do modo de ser das\ncomunidades quilombolas do Serro<\/em>\u201d. Ao avaliar a audi\u00eancia, Mateus Mendon\u00e7a\npontuou: \u201c<em>A audi\u00eancia p\u00fablica do dia\n21\/05\/2019 representou o grito dos subalternizados, que n\u00e3o aceitam mais os\nmecanismos de exclus\u00e3o, opress\u00e3o e explora\u00e7\u00e3o a que foram submetidos ao longo\nde toda a hist\u00f3ria do processo da constru\u00e7\u00e3o do mundo moderno; n\u00e3o aceitam mais\nque suas vidas sejam consideradas desprez\u00edveis e desimportantes; n\u00e3o aceitam\nmais que o projeto de desenvolvimento econ\u00f4mico e social da cidade do Serro\ndesconsidere e extermine a forma de vida quilombola<\/em>\u201d.<\/p>\n\n\n\n<p>Ao analisar o projeto de minera\u00e7\u00e3o no\nSerro da Herculano Minera\u00e7\u00e3o, o doutorando Frederico Gon\u00e7alves, do Instituto de\nGeoci\u00eancias da UFMG, concluiu demonstrando tecnicamente que minerar no Serro\ncausar\u00e1, sim, devasta\u00e7\u00e3o das nascentes e desertifica\u00e7\u00e3o da regi\u00e3o. Minera\u00e7\u00e3o e\n\u00e1gua s\u00e3o carne e unha; n\u00e3o h\u00e1 como minerar sem devastar as \u00e1guas. \u00c9 mentira\ndizer que minera\u00e7\u00e3o trar\u00e1 impostos para o munic\u00edpio. Trar\u00e1 apenas migalhas de\nimpostos, pois a Lei Kandir isenta as mineradoras do pagamento de impostos, porque\nmin\u00e9rios, como todas as <em>commodities<\/em>\npara exporta\u00e7\u00e3o, s\u00e3o isentos de impostos. \u00c9 mentira tamb\u00e9m dizer que a\nmineradora Herculano gerar\u00e1 empregos, pois ser\u00e3o poucos os prec\u00e1rios empregos a\nser gerados. Muito maior ser\u00e1 o n\u00famero de fam\u00edlias que migrar\u00e3o para o Serro\npara disputar uma vaga de emprego, que normalmente \u00e9 terceirizado e prec\u00e1rio. No\nvizinho munic\u00edpio de Concei\u00e7\u00e3o do Mato Dentro, a Pol\u00edcia Federal e o Minist\u00e9rio\nP\u00fablico do Trabalho libertaram quase duzentos trabalhadores submetidos \u00e0\nsitua\u00e7\u00e3o an\u00e1loga \u00e0 escravid\u00e3o. <\/p>\n\n\n\n<p>O MAM (Movimento pela Soberania Popular\nna Minera\u00e7\u00e3o) est\u00e1 de parab\u00e9ns pela atua\u00e7\u00e3o acompanhando as comunidades\natingidas pelos megaprojetos de minera\u00e7\u00e3o. Nas\/os militantes do MAM, eu vejo\npresente no nosso meio Jesus Cristo, Che Guevara, Martin Luther King, Gandhi,\nMarielle Franco, Irm\u00e3 Dorothy Stang e todas\/os as\/os que fazem op\u00e7\u00e3o de classe\ne dedicam suas vidas, por amor ao pr\u00f3ximo, lutando pela supera\u00e7\u00e3o do\ncapitalismo, essa m\u00e1quina de moer vidas, e mais: construindo uma sociedade do\nBem Viver e Conviver. Lindo ver o amor, o cuidado e a dedica\u00e7\u00e3o das\/os\nmilitantes das causas socioambientais, enfim, dos direitos humanos\nfundamentais. <\/p>\n\n\n\n<p>Registramos mais de 3,5 horas em v\u00eddeo,\nque, ap\u00f3s edi\u00e7\u00e3o, divulgaremos para fortalecer a luta contra esse projeto que \u00e9\n\u201cdrag\u00e3o do Apocalipse\u201d no meio do povo serrano e, se for instalado no Serro, em\nbreve fustigar\u00e1 tamb\u00e9m Santo Ant\u00f4nio do Itamb\u00e9 e os lind\u00edssimos lugarejos\nCapivari, Milho Verde, S\u00e3o Gon\u00e7alo do Rio das Pedras, al\u00e9m do Parque Estadual\nPico do Itamb\u00e9. Toda a audi\u00eancia foi momento de muita como\u00e7\u00e3o e indigna\u00e7\u00e3o. No\ndia seguinte, 22 de maio de 2019, acompanhamos as Deputadas Andreia de Jesus e\nBeatriz Cerqueira, na visita \u00e0 Comunidade Quilombola de Queimadas, quando\npercorremos juntamente com lideran\u00e7as quilombolas lugares que fazem parte de\nseu territ\u00f3rio ancestral no entorno da Serra do Condado (onde se encontra a\n\u00e1rea indicada para instala\u00e7\u00e3o deste absurdo e covarde projeto miner\u00e1rio) e no vale\ndo rio do Peixe. Lindo ver a fraternidade quilombola, a lida com a terra, a\nprodu\u00e7\u00e3o de alimentos saud\u00e1veis e a conviv\u00eancia valorizando as \u00e1guas e as ra\u00edzes\nculturais. Isso n\u00e3o pode ser sacrificado no altar do \u00eddolo capital. Tive ainda\na alegria de registrar em v\u00eddeo a poesia \u201cMinha querida Serro\u201d, de Maria\nAparecida Cardoso Sim\u00f5es, que brotou de dentro dela na noite escura que se\nseguiu \u00e0 reuni\u00e3o do CODEMA, dia 17\/4\/2019, que deliberou pr\u00f3 instala\u00e7\u00e3o da\nmineradora Herculano no munic\u00edpio do Serro. Eis, abaixo, a poesia, que em\nbreve, publicaremos tamb\u00e9m em v\u00eddeo. <\/p>\n\n\n\n<p style=\"text-align:center\"><strong><em>PERD\u00c3O, MINHA QUERIDA SERRO!<\/em><\/strong><\/p>\n\n\n\n<p style=\"text-align:center\"><em>Perd\u00e3o,\nminha querida serro.<\/em><\/p>\n\n\n\n<p style=\"text-align:center\"><em>CODEMA\nfez o seu papel (qual \u00e9 mesmo seu papel?)<\/em><\/p>\n\n\n\n<p style=\"text-align:center\"><em>Ao\nfinal de cada dia<\/em><\/p>\n\n\n\n<p style=\"text-align:center\"><em>como\nsempre fa\u00e7o<\/em><\/p>\n\n\n\n<p style=\"text-align:center\"><em>assim\nregistrei em meu di\u00e1rio: 17\/04\/2019.<\/em><\/p>\n\n\n\n<p style=\"text-align:center\"><em>O\ndia amanheceu triste<\/em><\/p>\n\n\n\n<p style=\"text-align:center\"><em>chuvoso\nlamurioso.<\/em><\/p>\n\n\n\n<p style=\"text-align:center\"><em>Eu,\ncom um aperto no peito,<\/em><\/p>\n\n\n\n<p style=\"text-align:center\"><em>ouvi\nbem pr\u00f3ximo<\/em><\/p>\n\n\n\n<p style=\"text-align:center\"><em>o\ncanto da acau\u00e3,<\/em><\/p>\n\n\n\n<p style=\"text-align:center\"><em>ave\nagourenta,<\/em><\/p>\n\n\n\n<p style=\"text-align:center\"><em>com\num press\u00e1gio.<\/em><\/p>\n\n\n\n<p style=\"text-align:center\"><em>Meu\npai, o que ser\u00e1?<\/em><\/p>\n\n\n\n<p style=\"text-align:center\"><em>Ao\nfinal do dia,<\/em><\/p>\n\n\n\n<p style=\"text-align:center\"><em>l\u00e1\nna pra\u00e7a central,<\/em><\/p>\n\n\n\n<p style=\"text-align:center\"><em>em\nfrente \u00e0 Prefeitura e \u00e0 C\u00e2mara<\/em><\/p>\n\n\n\n<p style=\"text-align:center\"><em>ao\nver o rosto de N. Sra. das Dores,<\/em><\/p>\n\n\n\n<p style=\"text-align:center\"><em>com\numa l\u00e1grima a rolar,<\/em><\/p>\n\n\n\n<p style=\"text-align:center\"><em>ao\nver seu filho sob a cruz, entendi.<\/em><\/p>\n\n\n\n<p style=\"text-align:center\"><em>Hoje,\nvoc\u00ea chora, minha querida Serro.<\/em><\/p>\n\n\n\n<p style=\"text-align:center\"><em>Te\napunhalaram pelas costas.<\/em><\/p>\n\n\n\n<p style=\"text-align:center\"><em>Eu\nsei, justo numa quarta-feira das dores.<\/em><\/p>\n\n\n\n<p style=\"text-align:center\"><em>Assim\ncomo Jesus pressentiu a trai\u00e7\u00e3o e chorou.<\/em><\/p>\n\n\n\n<p style=\"text-align:center\"><em>Terra\nquerida &#8230; rasgar\u00e3o suas entranhas,<\/em><\/p>\n\n\n\n<p style=\"text-align:center\"><em>te\nfar\u00e3o sangrar.<\/em><\/p>\n\n\n\n<p style=\"text-align:center\"><em>Justo\nvoc\u00ea, minha querida Serro,<\/em><\/p>\n\n\n\n<p style=\"text-align:center\"><em>t\u00e3o\ndoce e hospitaleira.<\/em><\/p>\n\n\n\n<p style=\"text-align:center\"><em>A quantos\nvoc\u00ea acolheu.<\/em><\/p>\n\n\n\n<p style=\"text-align:center\"><em>Quantos\naqui fincaram ra\u00edzes,<\/em><\/p>\n\n\n\n<p style=\"text-align:center\"><em>cresceram,\nfloresceram e produziram frutos!<\/em><\/p>\n\n\n\n<p style=\"text-align:center\"><em>Houve\ncomemora\u00e7\u00e3o, risos fartos,<\/em><\/p>\n\n\n\n<p style=\"text-align:center\"><em>mas\ns\u00f3 quem \u00e9 apaixonado por ti, m\u00e3e, chorou.<\/em><\/p>\n\n\n\n<p style=\"text-align:center\"><em>Obrigada,\nminha querida Serro,<\/em><\/p>\n\n\n\n<p style=\"text-align:center\"><em>por\nme ensinar a am\u00e1-la,<\/em><\/p>\n\n\n\n<p style=\"text-align:center\"><em>por\nensinar minha fam\u00edlia a am\u00e1-la tanto.<\/em><\/p>\n\n\n\n<p style=\"text-align:center\"><em>A\nbiologia nos ensina sobre os biomas,<\/em><\/p>\n\n\n\n<p style=\"text-align:center\"><em>os\necossistemas, a fauna, a flora e as \u00e1guas.<\/em><\/p>\n\n\n\n<p style=\"text-align:center\"><em>Ah!\nAs \u00e1guas. &#8230;<\/em><\/p>\n\n\n\n<p style=\"text-align:center\"><em>Mas\n\u00e9 preciso ter sensibilidade,<\/em><\/p>\n\n\n\n<p style=\"text-align:center\"><em>para\nperceber que h\u00e1 magia em tudo isso.<\/em><\/p>\n\n\n\n<p style=\"text-align:center\"><em>E\nser muito grato a voc\u00ea, meu pai,<\/em><\/p>\n\n\n\n<p style=\"text-align:center\"><em>por\nestes regatos a cantarolar,<\/em><\/p>\n\n\n\n<p style=\"text-align:center\"><em>essas\ncachoeiras a lavar a alma,<\/em><\/p>\n\n\n\n<p style=\"text-align:center\"><em>esse\nverde e esses lagos<\/em><\/p>\n\n\n\n<p style=\"text-align:center\"><em>que\nproduzem a bruma fresca da madrugada.<\/em><\/p>\n\n\n\n<p style=\"text-align:center\"><em>Obrigada,\nminha querida Serro.<\/em><\/p>\n\n\n\n<p style=\"text-align:center\"><em>Eu\nme reverencio a voc\u00ea, m\u00e3e terra,<\/em><\/p>\n\n\n\n<p style=\"text-align:center\"><em>e\nimploro seu perd\u00e3o,<\/em><\/p>\n\n\n\n<p style=\"text-align:center\"><em>pois\nn\u00e3o fomos fortes o bastante para lhe defender.<\/em><\/p>\n\n\n\n<p style=\"text-align:center\"><em>Obrigada,\nminha querida Serro,<\/em><\/p>\n\n\n\n<p style=\"text-align:center\"><em>pois\naqui nasci.<\/em><\/p>\n\n\n\n<p style=\"text-align:center\"><em>Corri\ndescal\u00e7a por essas ladeiras a brincar.<\/em><\/p>\n\n\n\n<p style=\"text-align:center\"><em>Um\nfuturo triste se abre para mim.<\/em><\/p>\n\n\n\n<p style=\"text-align:center\"><em>Como\nnuma sexta-feira da paix\u00e3o,<\/em><\/p>\n\n\n\n<p style=\"text-align:center\"><em>quando\nJesus foi tra\u00eddo,<\/em><\/p>\n\n\n\n<p style=\"text-align:center\"><em>crucificado\ne morto pela humanidade.<\/em><\/p>\n\n\n\n<p style=\"text-align:center\"><em>D\u00e1-nos\nfor\u00e7as para continuar a lutar por ti.<\/em><\/p>\n\n\n\n<p style=\"text-align:center\"><em>Muitos\nque n\u00e3o te amam,<\/em><\/p>\n\n\n\n<p style=\"text-align:center\"><em>ap\u00f3s\ncolherem os frutos,<\/em><\/p>\n\n\n\n<p style=\"text-align:center\"><em>arrancarem\nsuas riquezas, al\u00e7ar\u00e3o voo.<\/em><\/p>\n\n\n\n<p style=\"text-align:center\"><em>mas\nhaver\u00e1 o tempo em que diante de ti,<\/em><\/p>\n\n\n\n<p style=\"text-align:center\"><em>meu\npai celestial, prestar\u00e3o contas.<\/em><\/p>\n\n\n\n<p style=\"text-align:center\"><em>Ai\nde ti!<\/em><\/p>\n\n\n\n<p style=\"text-align:center\"><em>Hoje\naprendi: acau\u00e3 n\u00e3o \u00e9 ave agourenta.<\/em><\/p>\n\n\n\n<p style=\"text-align:center\"><em>Seu\ncanto triste \u00e9 o choro de um triste press\u00e1gio.<\/em><\/p>\n\n\n\n<p>Cida, bateram com a cabe\u00e7a na parede os podres\npoderes da pol\u00edtica, da economia e da religi\u00e3o que fizeram a sexta-feira da\nPaix\u00e3o, pois Jesus de Nazar\u00e9 ressuscitou ao terceiro dia. Assim tamb\u00e9m o povo\nserrano est\u00e1 acordando e se levantar\u00e1 cada vez mais contra esse projeto\nidol\u00e1trico que a Herculano Minera\u00e7\u00e3o insiste em empurrar goela abaixo do povo\nserrano. A empresa Herculano Minera\u00e7\u00e3o, com suas mentiras, n\u00e3o ter\u00e1 a \u00faltima\npalavra. As for\u00e7as vivas impedir\u00e3o que apunhalem de morte a regi\u00e3o serrana, seu\npovo, a m\u00e3e terra, a irm\u00e3 \u00e1gua e toda a biodiversidade. Sigamos a luta de\ncabe\u00e7a erguida!<\/p>\n\n\n\n<p>Belo Horizonte, MG, 25\/4\/2019.<br><\/p>\n\n\n\n<hr class=\"wp-block-separator\"\/>\n\n\n\n<p><a href=\"#_ftnref1\">[1]<\/a>\nFrei e padre da Ordem dos carmelitas; doutor em Educa\u00e7\u00e3o pela FAE\/UFMG;\nlicenciado e bacharel em Filosofia pela UFPR; bacharel em Teologia pelo ITESP<strong>\/<\/strong>SP; mestre em Ci\u00eancias B\u00edblicas;\nassessor da CPT, CEBI, SAB e Ocupa\u00e7\u00f5es Urbanas; prof. de \u201cMovimentos Sociais\nPopulares e Direitos Humanos\u201d no IDH, em Belo Horizonte, MG. E-mail: <a href=\"mailto:gilvanderlm@gmail.com\">gilvanderlm@gmail.com<\/a> \u2013 <a href=\"http:\/\/www.gilvander.org.br\">www.gilvander.org.br<\/a> &#8211; <a href=\"http:\/\/www.freigilvander.blogspot.com.br\">www.freigilvander.blogspot.com.br<\/a>&nbsp;&nbsp;&nbsp;&nbsp;&nbsp; \u2013&nbsp;&nbsp;&nbsp;&nbsp;&nbsp;&nbsp;\n<a href=\"http:\/\/www.twitter.com\/gilvanderluis\">www.twitter.com\/gilvanderluis<\/a>&nbsp;&nbsp;&nbsp;&nbsp;&nbsp;&nbsp;&nbsp; \u2013&nbsp;&nbsp;&nbsp;&nbsp;\nFacebook: Gilvander Moreira III<\/p>\n\n\n\n<p><a href=\"#_ftnref2\">[2]<\/a> Conselho Municipal do Desenvolvimento do Meio Ambiente. <\/p>\n\n\n\n<p>As comunidades rurais do munic\u00edpio do\nSerro, no Alto Jequitinhonha, e Rede de Apoio lutam contra instala\u00e7\u00e3o da\nmineradora Herculano no munic\u00edpio. Durante audi\u00eancia no munic\u00edpio, dia\n21\/5\/2019, foram revelados problemas no licenciamento da empresa. De cabe\u00e7a\nerguida o povo serrano grita: &#8220;Minera\u00e7\u00e3o, aqui N\u00e3o!&#8221; Assista \u00e0\nreportagem, aqui abaixo, e compartilhe. Sugerimos. <\/p>\n\n\n\n<figure class=\"wp-block-embed-facebook wp-block-embed is-type-video is-provider-facebook\"><div class=\"wp-block-embed__wrapper\">\n<div id=\"fb-root\"><\/div><script async=\"1\" defer=\"1\" crossorigin=\"anonymous\" src=\"https:\/\/connect.facebook.net\/en_US\/sdk.js#xfbml=1&amp;version=v3.3\"><\/script><div class=\"fb-video\" data-href=\"https:\/\/www.facebook.com\/freigilvander\/videos\/299665144309475\/?t=1\" data-width=\"810\"><blockquote cite=\"https:\/\/www.facebook.com\/freigilvander\/videos\/299665144309475\/\" class=\"fb-xfbml-parse-ignore\"><a href=\"https:\/\/www.facebook.com\/freigilvander\/videos\/299665144309475\/\">COMUNIDADES NO SERRO TEMEM MINERA\u00c7\u00c3O<\/a><p>As comunidades rurais do munic\u00edpio do Serro, no Alto Jequitinhonha, e Rede de Apoio lutam contra instala\u00e7\u00e3o da mineradora Herculano no munic\u00edpio. Durante audi\u00eancia no munic\u00edpio, dia 21\/5\/2019, foram revelados problemas no licenciamento da empresa. De cabe\u00e7a erguida o povo serrano grita: &quot;Minera\u00e7\u00e3o, aqui N\u00e3o!&quot; Assista \u00e0 reportagem, aqui abaixo, e compartilhe. Sugerimos. blob:https:\/\/www.facebook.com\/a441c43f-dc6a-4caf-b6a0-a3bfb7bbdb32<\/p>Posted by <a href=\"https:\/\/www.facebook.com\/freigilvander\/\">Gilvander Lu\u00eds Moreira<\/a> on Friday, May 24, 2019<\/blockquote><\/div>\n<\/div><\/figure>\n\n\n\n<p><\/p>\n\n\n\n<p><strong>Obs<\/strong>.: Segue, abaixo, fotos de Alenice Baeta que ilustram o assunto do texto acima: luta contra minera\u00e7\u00e3o devastadora da empresa Herculano no munic\u00edpio do Serro, MG.<\/p>\n\n\n\n<figure class=\"wp-block-image\"><img loading=\"lazy\" decoding=\"async\" width=\"1024\" height=\"768\" src=\"http:\/\/gilvander.org.br\/site\/wp-content\/uploads\/2019\/05\/IMG_8133-1024x768.jpg\" alt=\"\" class=\"wp-image-4120\" srcset=\"http:\/\/gilvander.org.br\/site\/wp-content\/uploads\/2019\/05\/IMG_8133-1024x768.jpg 1024w, http:\/\/gilvander.org.br\/site\/wp-content\/uploads\/2019\/05\/IMG_8133-300x225.jpg 300w, http:\/\/gilvander.org.br\/site\/wp-content\/uploads\/2019\/05\/IMG_8133-768x576.jpg 768w\" sizes=\"auto, (max-width: 1024px) 100vw, 1024px\" \/><figcaption>Antes da Audi\u00eancia P\u00fablica da Comiss\u00e3o dos Direitos Humanos da ALMG aconteceu, na tarde do dia 21\/5\/2019, uma Marcha do Povo do Serro contra a chegada da mineradora Herculano no munic\u00edpio.  Com muita anima\u00e7\u00e3o e criatividade a luta em defesa do povo, da m\u00e3e terra, da irm\u00e3 \u00e1gua, da flora e fauna do munic\u00edpio do Serro, MG, segue. &#8220;Minera\u00e7\u00e3o, aqui N\u00c3O!&#8221;, gritam todos\/as. <\/figcaption><\/figure>\n\n\n\n<figure class=\"wp-block-image\"><img loading=\"lazy\" decoding=\"async\" width=\"1024\" height=\"768\" src=\"http:\/\/gilvander.org.br\/site\/wp-content\/uploads\/2019\/05\/IMG_8136-1024x768.jpg\" alt=\"\" class=\"wp-image-4122\" srcset=\"http:\/\/gilvander.org.br\/site\/wp-content\/uploads\/2019\/05\/IMG_8136-1024x768.jpg 1024w, http:\/\/gilvander.org.br\/site\/wp-content\/uploads\/2019\/05\/IMG_8136-300x225.jpg 300w, http:\/\/gilvander.org.br\/site\/wp-content\/uploads\/2019\/05\/IMG_8136-768x576.jpg 768w\" sizes=\"auto, (max-width: 1024px) 100vw, 1024px\" \/><figcaption>Ao som dos tambores a luta contra a minera\u00e7\u00e3o no Serro, MG, segue, sentindo a presen\u00e7a dos ancestrais, dos encantados e dos povos ind\u00edgenas que j\u00e1 habitaram a regi\u00e3o, inclusive.<\/figcaption><\/figure>\n\n\n\n<figure class=\"wp-block-image\"><img loading=\"lazy\" decoding=\"async\" width=\"1024\" height=\"768\" src=\"http:\/\/gilvander.org.br\/site\/wp-content\/uploads\/2019\/05\/IMG_8154-1024x768.jpg\" alt=\"\" class=\"wp-image-4124\" srcset=\"http:\/\/gilvander.org.br\/site\/wp-content\/uploads\/2019\/05\/IMG_8154-1024x768.jpg 1024w, http:\/\/gilvander.org.br\/site\/wp-content\/uploads\/2019\/05\/IMG_8154-300x225.jpg 300w, http:\/\/gilvander.org.br\/site\/wp-content\/uploads\/2019\/05\/IMG_8154-768x576.jpg 768w\" sizes=\"auto, (max-width: 1024px) 100vw, 1024px\" \/><figcaption>Pessoas que vestiam a camisa da empresa Herculano Minera\u00e7\u00e3o sentaram \u00e0 direito no audit\u00f3rio, mas no meio da Audi\u00eancia, pouco a pouco todos abandonaram a audi\u00eancia, sinal de que adquiriram consci\u00eancia do erro grave que \u00e9 apoiar a chegada de uma mineradora no munic\u00edpio. Enfim, as cadeiras onde sentaram adeptos da minera\u00e7\u00e3o no Serro ficaram todas vazias na segunda metade da Audi\u00eancia P\u00fablica.<\/figcaption><\/figure>\n\n\n\n<figure class=\"wp-block-image\"><img loading=\"lazy\" decoding=\"async\" width=\"1024\" height=\"768\" src=\"http:\/\/gilvander.org.br\/site\/wp-content\/uploads\/2019\/05\/IMG_8163-1024x768.jpg\" alt=\"\" class=\"wp-image-4125\" srcset=\"http:\/\/gilvander.org.br\/site\/wp-content\/uploads\/2019\/05\/IMG_8163-1024x768.jpg 1024w, http:\/\/gilvander.org.br\/site\/wp-content\/uploads\/2019\/05\/IMG_8163-300x225.jpg 300w, http:\/\/gilvander.org.br\/site\/wp-content\/uploads\/2019\/05\/IMG_8163-768x576.jpg 768w\" sizes=\"auto, (max-width: 1024px) 100vw, 1024px\" \/><figcaption>Roda de Conversa na Comunidade Quilombola de Queimadas na zona rural do Serro, MG, na manh\u00e3 do dia 22\/5\/2019, com a presen\u00e7a da deputadas estaduais Andreia de Jesus (PSOL) e Beatriz Cerqueira (PT).<\/figcaption><\/figure>\n\n\n\n<figure class=\"wp-block-image\"><img loading=\"lazy\" decoding=\"async\" width=\"1024\" height=\"768\" src=\"http:\/\/gilvander.org.br\/site\/wp-content\/uploads\/2019\/05\/IMG_8174-1024x768.jpg\" alt=\"\" class=\"wp-image-4126\" srcset=\"http:\/\/gilvander.org.br\/site\/wp-content\/uploads\/2019\/05\/IMG_8174-1024x768.jpg 1024w, http:\/\/gilvander.org.br\/site\/wp-content\/uploads\/2019\/05\/IMG_8174-300x225.jpg 300w, http:\/\/gilvander.org.br\/site\/wp-content\/uploads\/2019\/05\/IMG_8174-768x576.jpg 768w\" sizes=\"auto, (max-width: 1024px) 100vw, 1024px\" \/><figcaption>Os\/as quilombolas de Queimadas falaram \u00e0s deputadas e a todos\/as os\/as presentes sobre seu estilo de vida tradicional e falaram com veem\u00eancia contra a chegada da mineradora Herculano na regi\u00e3o. Disseram em alto e bom som que n\u00e3o aceitam minera\u00e7\u00e3o na munic\u00edpio, porque ser\u00e1 o in\u00edcio de uma grande sexta-feira da paix\u00e3o e a morte antecipada do povo, da m\u00e3e terra, da irm\u00e3 \u00e1gua e de toda a biodiversidade.<\/figcaption><\/figure>\n\n\n\n<figure class=\"wp-block-image\"><img loading=\"lazy\" decoding=\"async\" width=\"1024\" height=\"768\" src=\"http:\/\/gilvander.org.br\/site\/wp-content\/uploads\/2019\/05\/IMG_8182-1024x768.jpg\" alt=\"\" class=\"wp-image-4127\" srcset=\"http:\/\/gilvander.org.br\/site\/wp-content\/uploads\/2019\/05\/IMG_8182-1024x768.jpg 1024w, http:\/\/gilvander.org.br\/site\/wp-content\/uploads\/2019\/05\/IMG_8182-300x225.jpg 300w, http:\/\/gilvander.org.br\/site\/wp-content\/uploads\/2019\/05\/IMG_8182-768x576.jpg 768w\" sizes=\"auto, (max-width: 1024px) 100vw, 1024px\" \/><figcaption>Vis\u00e3o panor\u00e2mica da montanha que est\u00e1 sendo cobi\u00e7ada pela mineradora Herculano.<\/figcaption><\/figure>\n\n\n\n<figure class=\"wp-block-image\"><img loading=\"lazy\" decoding=\"async\" width=\"1024\" height=\"768\" src=\"http:\/\/gilvander.org.br\/site\/wp-content\/uploads\/2019\/05\/IMG_8191-1024x768.jpg\" alt=\"\" class=\"wp-image-4128\" srcset=\"http:\/\/gilvander.org.br\/site\/wp-content\/uploads\/2019\/05\/IMG_8191-1024x768.jpg 1024w, http:\/\/gilvander.org.br\/site\/wp-content\/uploads\/2019\/05\/IMG_8191-300x225.jpg 300w, http:\/\/gilvander.org.br\/site\/wp-content\/uploads\/2019\/05\/IMG_8191-768x576.jpg 768w\" sizes=\"auto, (max-width: 1024px) 100vw, 1024px\" \/><figcaption>Nos pared\u00f5es da montanha \u00e9 muito prov\u00e1vel que h\u00e1 testemunhos hist\u00f3ricos e arqueol\u00f3gicos. N\u00e3o foram feitos estudos arqueol\u00f3gicos na \u00e1rea cobi\u00e7ada pela mineradora Herculano, o que \u00e9 exigido por lei.<\/figcaption><\/figure>\n\n\n\n<figure class=\"wp-block-image\"><img loading=\"lazy\" decoding=\"async\" width=\"1024\" height=\"768\" src=\"http:\/\/gilvander.org.br\/site\/wp-content\/uploads\/2019\/05\/IMG_8202-1024x768.jpg\" alt=\"\" class=\"wp-image-4130\" srcset=\"http:\/\/gilvander.org.br\/site\/wp-content\/uploads\/2019\/05\/IMG_8202-1024x768.jpg 1024w, http:\/\/gilvander.org.br\/site\/wp-content\/uploads\/2019\/05\/IMG_8202-300x225.jpg 300w, http:\/\/gilvander.org.br\/site\/wp-content\/uploads\/2019\/05\/IMG_8202-768x576.jpg 768w\" sizes=\"auto, (max-width: 1024px) 100vw, 1024px\" \/><figcaption>Frei Gilvander, da CPT: &#8220;Se instalar a mineradora no munic\u00edpio do Serro, MG, a beleza, o perfume e o encanto do cerrado ser\u00e3o exterminados. Isso n\u00e3o pode acontecer&#8221;.<\/figcaption><\/figure>\n\n\n\n<figure class=\"wp-block-image\"><img loading=\"lazy\" decoding=\"async\" width=\"720\" height=\"960\" src=\"http:\/\/gilvander.org.br\/site\/wp-content\/uploads\/2019\/05\/Queimadas-2-de-Queimadas-no-Serro-MG-22-05-2019.jpg\" alt=\"\" class=\"wp-image-4137\" srcset=\"http:\/\/gilvander.org.br\/site\/wp-content\/uploads\/2019\/05\/Queimadas-2-de-Queimadas-no-Serro-MG-22-05-2019.jpg 720w, http:\/\/gilvander.org.br\/site\/wp-content\/uploads\/2019\/05\/Queimadas-2-de-Queimadas-no-Serro-MG-22-05-2019-225x300.jpg 225w\" sizes=\"auto, (max-width: 720px) 100vw, 720px\" \/><figcaption>As Comunidades quilombolas de Queimadas, no munic\u00edpio do Serro, MG, produzem mel. &#8230;<\/figcaption><\/figure>\n\n\n\n<figure class=\"wp-block-image\"><img loading=\"lazy\" decoding=\"async\" width=\"960\" height=\"720\" src=\"http:\/\/gilvander.org.br\/site\/wp-content\/uploads\/2019\/05\/Queimadas-4-de-Queimadas-no-Serro-MG-22-05-2019.jpg\" alt=\"\" class=\"wp-image-4139\" srcset=\"http:\/\/gilvander.org.br\/site\/wp-content\/uploads\/2019\/05\/Queimadas-4-de-Queimadas-no-Serro-MG-22-05-2019.jpg 960w, http:\/\/gilvander.org.br\/site\/wp-content\/uploads\/2019\/05\/Queimadas-4-de-Queimadas-no-Serro-MG-22-05-2019-300x225.jpg 300w, http:\/\/gilvander.org.br\/site\/wp-content\/uploads\/2019\/05\/Queimadas-4-de-Queimadas-no-Serro-MG-22-05-2019-768x576.jpg 768w\" sizes=\"auto, (max-width: 960px) 100vw, 960px\" \/><figcaption>Produzem milho.<\/figcaption><\/figure>\n\n\n\n<figure class=\"wp-block-image\"><img loading=\"lazy\" decoding=\"async\" width=\"960\" height=\"720\" src=\"http:\/\/gilvander.org.br\/site\/wp-content\/uploads\/2019\/05\/Queimadas-5-de-Queimadas-no-Serro-MG-22-05-2019.jpg\" alt=\"\" class=\"wp-image-4140\" srcset=\"http:\/\/gilvander.org.br\/site\/wp-content\/uploads\/2019\/05\/Queimadas-5-de-Queimadas-no-Serro-MG-22-05-2019.jpg 960w, http:\/\/gilvander.org.br\/site\/wp-content\/uploads\/2019\/05\/Queimadas-5-de-Queimadas-no-Serro-MG-22-05-2019-300x225.jpg 300w, http:\/\/gilvander.org.br\/site\/wp-content\/uploads\/2019\/05\/Queimadas-5-de-Queimadas-no-Serro-MG-22-05-2019-768x576.jpg 768w\" sizes=\"auto, (max-width: 960px) 100vw, 960px\" \/><figcaption>Eis algumas caixas para capta\u00e7\u00e3o do mel de abelhas, na Comunidade Quilombola de Queimadas. <\/figcaption><\/figure>\n\n\n\n<figure class=\"wp-block-image\"><img loading=\"lazy\" decoding=\"async\" width=\"720\" height=\"960\" src=\"http:\/\/gilvander.org.br\/site\/wp-content\/uploads\/2019\/05\/Quilombolas-3-de-Queimadas-no-Serro-MG-22-5-2019.jpg\" alt=\"\" class=\"wp-image-4141\" srcset=\"http:\/\/gilvander.org.br\/site\/wp-content\/uploads\/2019\/05\/Quilombolas-3-de-Queimadas-no-Serro-MG-22-5-2019.jpg 720w, http:\/\/gilvander.org.br\/site\/wp-content\/uploads\/2019\/05\/Quilombolas-3-de-Queimadas-no-Serro-MG-22-5-2019-225x300.jpg 225w\" sizes=\"auto, (max-width: 720px) 100vw, 720px\" \/><figcaption>As fam\u00edlias Quilombolas de Queimadas tamb\u00e9m produzem leite e queijo, projeto tradicional da agricultura serrana.<\/figcaption><\/figure>\n\n\n\n<figure class=\"wp-block-image\"><img loading=\"lazy\" decoding=\"async\" width=\"720\" height=\"960\" src=\"http:\/\/gilvander.org.br\/site\/wp-content\/uploads\/2019\/05\/Quilombolas-de-Queimadas-no-Serro-MG-22-5-2019.jpg\" alt=\"\" class=\"wp-image-4142\" srcset=\"http:\/\/gilvander.org.br\/site\/wp-content\/uploads\/2019\/05\/Quilombolas-de-Queimadas-no-Serro-MG-22-5-2019.jpg 720w, http:\/\/gilvander.org.br\/site\/wp-content\/uploads\/2019\/05\/Quilombolas-de-Queimadas-no-Serro-MG-22-5-2019-225x300.jpg 225w\" sizes=\"auto, (max-width: 720px) 100vw, 720px\" \/><figcaption>Se chegar a minera\u00e7\u00e3o no Serro, MG, a produ\u00e7\u00e3o do famoso queijo do Serro ser\u00e1 inviabilizada.<\/figcaption><\/figure>\n","protected":false},"excerpt":{"rendered":"<p>Povo do Serro, MG, se levanta: \u201cMinera\u00e7\u00e3o, aqui N\u00c3O!\u201d Por Gilvander Moreira[1] Dia 21 de maio de 2019, dia hist\u00f3rico para o povo do munic\u00edpio do Serro, na regi\u00e3o do Alto Jequitinhonha, MG, pois durante<\/p>\n","protected":false},"author":2,"featured_media":4119,"comment_status":"open","ping_status":"open","sticky":false,"template":"","format":"standard","meta":{"footnotes":""},"categories":[21,47,46,44,38,49,48,35,27,25,29,43,26],"tags":[],"class_list":["post-4118","post","type-post","status-publish","format-standard","has-post-thumbnail","hentry","category-artigo","category-direito-a-agua","category-direito-a-cultura-popular","category-direito-a-memoria","category-direito-a-saude","category-direito-a-terra","category-direitos-das-mulheres","category-direitos-dos-quilombolas","category-direitos-humanos","category-luta-pela-terra-e-reforma-agraria","category-movimentos-sociais-populares","category-pedagogia-emancipatoria","category-teologia-da-libertacao"],"_links":{"self":[{"href":"http:\/\/gilvander.org.br\/site\/wp-json\/wp\/v2\/posts\/4118","targetHints":{"allow":["GET"]}}],"collection":[{"href":"http:\/\/gilvander.org.br\/site\/wp-json\/wp\/v2\/posts"}],"about":[{"href":"http:\/\/gilvander.org.br\/site\/wp-json\/wp\/v2\/types\/post"}],"author":[{"embeddable":true,"href":"http:\/\/gilvander.org.br\/site\/wp-json\/wp\/v2\/users\/2"}],"replies":[{"embeddable":true,"href":"http:\/\/gilvander.org.br\/site\/wp-json\/wp\/v2\/comments?post=4118"}],"version-history":[{"count":7,"href":"http:\/\/gilvander.org.br\/site\/wp-json\/wp\/v2\/posts\/4118\/revisions"}],"predecessor-version":[{"id":4173,"href":"http:\/\/gilvander.org.br\/site\/wp-json\/wp\/v2\/posts\/4118\/revisions\/4173"}],"wp:featuredmedia":[{"embeddable":true,"href":"http:\/\/gilvander.org.br\/site\/wp-json\/wp\/v2\/media\/4119"}],"wp:attachment":[{"href":"http:\/\/gilvander.org.br\/site\/wp-json\/wp\/v2\/media?parent=4118"}],"wp:term":[{"taxonomy":"category","embeddable":true,"href":"http:\/\/gilvander.org.br\/site\/wp-json\/wp\/v2\/categories?post=4118"},{"taxonomy":"post_tag","embeddable":true,"href":"http:\/\/gilvander.org.br\/site\/wp-json\/wp\/v2\/tags?post=4118"}],"curies":[{"name":"wp","href":"https:\/\/api.w.org\/{rel}","templated":true}]}}