{"id":4449,"date":"2019-07-11T21:11:58","date_gmt":"2019-07-12T00:11:58","guid":{"rendered":"http:\/\/gilvander.org.br\/site\/?p=4449"},"modified":"2019-07-11T21:15:48","modified_gmt":"2019-07-12T00:15:48","slug":"%ef%bb%bfem-miravania-norte-de-mg-a-injustica-e-a-crueldade-de-um-despejo-video-2-09-7-2019","status":"publish","type":"post","link":"http:\/\/gilvander.org.br\/site\/%ef%bb%bfem-miravania-norte-de-mg-a-injustica-e-a-crueldade-de-um-despejo-video-2-09-7-2019\/","title":{"rendered":"\ufeffEm Mirav\u00e2nia, norte de MG, a injusti\u00e7a e a crueldade de um despejo. V\u00eddeo 2 &#8211; 09\/7\/2019."},"content":{"rendered":"\n<p><strong>Em Mirav\u00e2nia, norte de MG, a injusti\u00e7a e a crueldade de um despejo. V\u00eddeo 2 &#8211; 09\/7\/2019.<\/strong><\/p>\n\n\n\n<figure class=\"wp-block-embed-youtube wp-block-embed is-type-video is-provider-youtube wp-embed-aspect-16-9 wp-has-aspect-ratio\"><div class=\"wp-block-embed__wrapper\">\n<div class=\"epyt-video-wrapper\"><iframe loading=\"lazy\"  id=\"_ytid_74201\"  width=\"810\" height=\"456\"  data-origwidth=\"810\" data-origheight=\"456\" src=\"https:\/\/www.youtube.com\/embed\/KxMWTR93qDI?enablejsapi=1&#038;autoplay=0&#038;cc_load_policy=0&#038;cc_lang_pref=&#038;iv_load_policy=1&#038;loop=0&#038;rel=1&#038;fs=1&#038;playsinline=0&#038;autohide=2&#038;theme=dark&#038;color=red&#038;controls=1&#038;disablekb=0&#038;\" class=\"__youtube_prefs__  epyt-is-override  no-lazyload\" title=\"YouTube player\"  allow=\"fullscreen; accelerometer; autoplay; clipboard-write; encrypted-media; gyroscope; picture-in-picture; web-share\" referrerpolicy=\"strict-origin-when-cross-origin\" allowfullscreen data-no-lazy=\"1\" data-skipgform_ajax_framebjll=\"\"><\/iframe><\/div>\n<\/div><\/figure>\n\n\n\n<p>Nessa ter\u00e7a-feira, 9 de julho de 2019, \u00e0s 8h, na Ocupa\u00e7\u00e3o-Comunidade Olaria Barra do Mirador, com 52 fam\u00edlias \u2013 comunidade francamente consolidada \u2013 ocupando a Fazenda Japor\u00e9, no munic\u00edpio de Mirav\u00e2nia, extremo norte de Minas Gerais, o Comando Geral da Pol\u00edcia Militar de MG, com cerca de 100 policiais e 20 viaturas, iniciou uma opera\u00e7\u00e3o de guerra e trucul\u00eancia, despejando as fam\u00edlias acampadas h\u00e1 19 anos. Nessa opera\u00e7\u00e3o injusta e covarde, tamb\u00e9m fecharam as estradas que d\u00e3o acesso \u00e0 Comunidade. Lideran\u00e7as da comunidade e fam\u00edlias foram impedidas de aproximarem-se das suas casas que foram derrubadas por tratores a pedido de fazendeiro que se diz propriet\u00e1rio, e com decis\u00e3o do Tribunal de Justi\u00e7a de Minas Gerais (TJMG). N\u00e3o houve reuni\u00e3o da Mesa de Negocia\u00e7\u00e3o do Governo de Minas com as Ocupa\u00e7\u00f5es urbanas e rurais para tratar do conflito grav\u00edssimo que envolve dezenas de fam\u00edlias da Ocupa\u00e7\u00e3o em Mirav\u00e2nia. O clima na regi\u00e3o est\u00e1 muito tenso. O povo est\u00e1 apavorado. Al\u00e9m das casas, foram destru\u00eddas lavouras, pomares, hortas &#8211; fontes de sobreviv\u00eancia das fam\u00edlias. Injusti\u00e7a que clama aos c\u00e9us! O justo e \u00e9tico \u00e9 que seja reativada com urg\u00eancia a Mesa de Negocia\u00e7\u00e3o do Governo de Minas Gerais com as Ocupa\u00e7\u00f5es para que as fam\u00edlias sejam ouvidas e se chegue a um acordo justo, que respeite o princ\u00edpio da dignidade humana e a hist\u00f3ria dessas fam\u00edlias ao longo dos 19 anos de leg\u00edtima ocupa\u00e7\u00e3o.<\/p>\n\n\n\n<figure class=\"wp-block-image\"><img loading=\"lazy\" decoding=\"async\" width=\"960\" height=\"540\" src=\"http:\/\/gilvander.org.br\/site\/wp-content\/uploads\/2019\/07\/66222437_2451306485147225_6841325694945853440_n.jpg\" alt=\"\" class=\"wp-image-4450\" srcset=\"http:\/\/gilvander.org.br\/site\/wp-content\/uploads\/2019\/07\/66222437_2451306485147225_6841325694945853440_n.jpg 960w, http:\/\/gilvander.org.br\/site\/wp-content\/uploads\/2019\/07\/66222437_2451306485147225_6841325694945853440_n-300x169.jpg 300w, http:\/\/gilvander.org.br\/site\/wp-content\/uploads\/2019\/07\/66222437_2451306485147225_6841325694945853440_n-768x432.jpg 768w\" sizes=\"auto, (max-width: 960px) 100vw, 960px\" \/><figcaption>O latif\u00fandio + TJMG + governo de MG + PM\/MG + prefeito de Mirav\u00e2nia, ao despejarem injustamente as fam\u00edlias Sem Terra da ocupa\u00e7\u00e3o Olaria na Barra do Mirador, no munic\u00edpio de Mirav\u00e2nia, norte de Minas Gerais, dia 09\/7\/2019, transformaram em monturo o sonho de 19 anos de luta pela terra &#8211; um direito sagrado e fundamental &#8211; com muito suor e esfor\u00e7o, de dezenas de fam\u00edlias que ocupavam uma latif\u00fandio abandonado de 3.600 hectares que n\u00e3o cumpria sua fun\u00e7\u00e3o social. Toda reintegra\u00e7\u00e3o de posse \u00e9 uma desintegra\u00e7\u00e3o de sonho. Foto: Zil\u00e1 de Matos, da CPT\/MG.<\/figcaption><\/figure>\n\n\n\n<p>*Filmagem e fotos de Zil\u00e1 de Matos, da CPT-MG. Edi\u00e7\u00e3o de N\u00e1dia Oliveira, colaboradora da CPT-MG. Apoio e divulga\u00e7\u00e3o: frei Gilvander, da CPT, das CEBs e do CEBI.<\/p>\n\n\n\n<p>* Inscreva-se no You Tube, no Canal Frei Gilvander Luta pela Terra e por Direitos, no link:&nbsp;<a href=\"https:\/\/www.youtube.com\/user\/fgilvander\">https:\/\/www.youtube.com\/user\/fgilvander<\/a>, acione o sininho, receba as notifica\u00e7\u00f5es de envio de v\u00eddeos e assista a diversos v\u00eddeos de luta por direitos sociais. Se assistir e gostar, compartilhe. Sugerimos.<\/p>\n\n\n\n<p><a href=\"https:\/\/www.youtube.com\/results?search_query=%23FreiGilvander\">#FreiGilvander<\/a><br><\/p>\n","protected":false},"excerpt":{"rendered":"<p>Em Mirav\u00e2nia, norte de MG, a injusti\u00e7a e a crueldade de um despejo. V\u00eddeo 2 &#8211; 09\/7\/2019. Nessa ter\u00e7a-feira, 9 de julho de 2019, \u00e0s 8h, na Ocupa\u00e7\u00e3o-Comunidade Olaria Barra do Mirador, com 52 fam\u00edlias<\/p>\n","protected":false},"author":2,"featured_media":4450,"comment_status":"open","ping_status":"open","sticky":false,"template":"","format":"standard","meta":{"footnotes":""},"categories":[49,27,25,29,43,26,18],"tags":[],"class_list":["post-4449","post","type-post","status-publish","format-standard","has-post-thumbnail","hentry","category-direito-a-terra","category-direitos-humanos","category-luta-pela-terra-e-reforma-agraria","category-movimentos-sociais-populares","category-pedagogia-emancipatoria","category-teologia-da-libertacao","category-videos-de-frei-gilvander"],"_links":{"self":[{"href":"http:\/\/gilvander.org.br\/site\/wp-json\/wp\/v2\/posts\/4449","targetHints":{"allow":["GET"]}}],"collection":[{"href":"http:\/\/gilvander.org.br\/site\/wp-json\/wp\/v2\/posts"}],"about":[{"href":"http:\/\/gilvander.org.br\/site\/wp-json\/wp\/v2\/types\/post"}],"author":[{"embeddable":true,"href":"http:\/\/gilvander.org.br\/site\/wp-json\/wp\/v2\/users\/2"}],"replies":[{"embeddable":true,"href":"http:\/\/gilvander.org.br\/site\/wp-json\/wp\/v2\/comments?post=4449"}],"version-history":[{"count":2,"href":"http:\/\/gilvander.org.br\/site\/wp-json\/wp\/v2\/posts\/4449\/revisions"}],"predecessor-version":[{"id":4452,"href":"http:\/\/gilvander.org.br\/site\/wp-json\/wp\/v2\/posts\/4449\/revisions\/4452"}],"wp:featuredmedia":[{"embeddable":true,"href":"http:\/\/gilvander.org.br\/site\/wp-json\/wp\/v2\/media\/4450"}],"wp:attachment":[{"href":"http:\/\/gilvander.org.br\/site\/wp-json\/wp\/v2\/media?parent=4449"}],"wp:term":[{"taxonomy":"category","embeddable":true,"href":"http:\/\/gilvander.org.br\/site\/wp-json\/wp\/v2\/categories?post=4449"},{"taxonomy":"post_tag","embeddable":true,"href":"http:\/\/gilvander.org.br\/site\/wp-json\/wp\/v2\/tags?post=4449"}],"curies":[{"name":"wp","href":"https:\/\/api.w.org\/{rel}","templated":true}]}}