{"id":4458,"date":"2019-07-15T10:18:24","date_gmt":"2019-07-15T13:18:24","guid":{"rendered":"http:\/\/gilvander.org.br\/site\/?p=4458"},"modified":"2019-07-15T10:18:26","modified_gmt":"2019-07-15T13:18:26","slug":"%ef%bb%bfquilombo-souza-na-vila-teixeira-no-santa-tereza-em-belo-horizonte-mg-despejo-iminente-video-1-11-7-2019","status":"publish","type":"post","link":"http:\/\/gilvander.org.br\/site\/%ef%bb%bfquilombo-souza-na-vila-teixeira-no-santa-tereza-em-belo-horizonte-mg-despejo-iminente-video-1-11-7-2019\/","title":{"rendered":"\ufeffQuilombo Souza na Vila Teixeira no Santa Tereza em Belo Horizonte, MG: despejo iminente? V\u00eddeo 1. 11\/7\/2019."},"content":{"rendered":"\n<p><strong>Quilombo Souza na Vila Teixeira no Santa Tereza em Belo Horizonte, MG: despejo iminente? V\u00eddeo 1. 11\/7\/2019.<\/strong><\/p>\n\n\n\n<figure class=\"wp-block-embed-youtube wp-block-embed is-type-video is-provider-youtube wp-embed-aspect-16-9 wp-has-aspect-ratio\"><div class=\"wp-block-embed__wrapper\">\n<div class=\"epyt-video-wrapper\"><iframe loading=\"lazy\"  id=\"_ytid_96767\"  width=\"810\" height=\"456\"  data-origwidth=\"810\" data-origheight=\"456\" src=\"https:\/\/www.youtube.com\/embed\/DUy1KgsJ3XA#7s8d6f87?enablejsapi=1&#038;autoplay=0&#038;cc_load_policy=0&#038;cc_lang_pref=&#038;iv_load_policy=1&#038;loop=0&#038;rel=1&#038;fs=1&#038;playsinline=0&#038;autohide=2&#038;theme=dark&#038;color=red&#038;controls=1&#038;disablekb=0&#038;\" class=\"__youtube_prefs__  epyt-is-override  no-lazyload\" title=\"YouTube player\"  allow=\"fullscreen; accelerometer; autoplay; clipboard-write; encrypted-media; gyroscope; picture-in-picture; web-share\" referrerpolicy=\"strict-origin-when-cross-origin\" allowfullscreen data-no-lazy=\"1\" data-skipgform_ajax_framebjll=\"\"><\/iframe><\/div>\n<\/div><\/figure>\n\n\n\n<p>Dezesseis fam\u00edlias, com cerca de quarenta pessoas que moram na Rua Teixeira Soares, na chamada Vila Teixeira, no Bairro Santa Tereza, em Belo Horizonte, MG, podem ser despejadas no dia 25 de julho, atendendo a decis\u00e3o inconstitucional e injusta do Tribunal de Justi\u00e7a de Minas Gerais |(TJMG). A senten\u00e7a judicial de desocupa\u00e7\u00e3o est\u00e1 fundamentada em um processo que, na opini\u00e3o de operadores do direito e outros presentes \u00e0 Comiss\u00e3o de Direitos Humanos nessa quinta-feira,11\/7\/2019, est\u00e1 contaminado por diversas irregularidades. A situa\u00e7\u00e3o desses moradores foi discutida na Assembleia Legislativa de Minas Gerais (ALMG), em Audi\u00eancia P\u00fablica realizada pela Comiss\u00e3o de Direitos Humanos, a pedido da deputada estadual Andreia de Jesus (PSOL). V\u00e1rios integrantes das fam\u00edlias, al\u00e9m de representantes de \u00f3rg\u00e3os que lidam com a quest\u00e3o, participaram dessa audi\u00eancia. Os moradores da Vila Teixeira se autodeclaram Quilombo Souza no \u00faltimo dia 30, o que, pode impedir a reintegra\u00e7\u00e3o de posse, conforme o Procurador da Rep\u00fablica Dr. H\u00e9lder Magno da Silva. A prote\u00e7\u00e3o do Quilombo, bem como seus direitos, s\u00e3o garantidos pela Constitui\u00e7\u00e3o da Rep\u00fablica e na Conven\u00e7\u00e3o 169 da OIT da ONU. A lei considera que remanescentes das comunidades de quilombos s\u00e3o grupos \u00e9tnicos-raciais com trajet\u00f3ria hist\u00f3rica pr\u00f3pria e rela\u00e7\u00f5es territoriais espec\u00edficas. O justo, humano, \u00e9tico e legal \u00e9 a Comunidade Quilombola Souza, da Vila Teixeira, ser, por leg\u00edtimo direito, reconhecida como tal e ter garantido seu direito ao territ\u00f3rio, cujos ancestrais ali chegaram no in\u00edcio do s\u00e9culo passado, inclusive sendo os quilombolas os respons\u00e1veis executores de muitas melhorias ali realizadas, como o asfalto, por exemplo. Nesse v\u00eddeo 1, frei Gilvander Moreira, da CPT, entrevista o Sr. Ant\u00f4nio, irm\u00e3o da dona Lourdes (das outras 3 fam\u00edlias amea\u00e7adas de despejo) e Gl\u00e1ucia, quilombola do Quilombo Souza, na Vila Teixeira, no Bairro Santa Teresa, em Belo Horizonte. Inadmiss\u00edvel despejar 16 fam\u00edlias t\u00e3o humanas que vivem h\u00e1 mais de 70 anos na \u00e1rea, com documentos dos terrenos, inclusive. A decis\u00e3o judicial precisa ser revista com urg\u00eancia, pois \u00e9 inconstitucional e injusta e est\u00e1 adoecendo as pessoas com a tens\u00e3o de iminente despejo.<\/p>\n\n\n\n<figure class=\"wp-block-image\"><img loading=\"lazy\" decoding=\"async\" width=\"921\" height=\"614\" src=\"http:\/\/gilvander.org.br\/site\/wp-content\/uploads\/2019\/07\/Quilombo-Souza-na-Vila-Teixeira.jpg\" alt=\"\" class=\"wp-image-4459\" srcset=\"http:\/\/gilvander.org.br\/site\/wp-content\/uploads\/2019\/07\/Quilombo-Souza-na-Vila-Teixeira.jpg 921w, http:\/\/gilvander.org.br\/site\/wp-content\/uploads\/2019\/07\/Quilombo-Souza-na-Vila-Teixeira-300x200.jpg 300w, http:\/\/gilvander.org.br\/site\/wp-content\/uploads\/2019\/07\/Quilombo-Souza-na-Vila-Teixeira-768x512.jpg 768w, http:\/\/gilvander.org.br\/site\/wp-content\/uploads\/2019\/07\/Quilombo-Souza-na-Vila-Teixeira-420x280.jpg 420w\" sizes=\"auto, (max-width: 921px) 100vw, 921px\" \/><figcaption>Foto: MARIELA GUIMARAES \/ O TEMPO <\/figcaption><\/figure>\n\n\n\n<p>Filmagem e edi\u00e7\u00e3o de Frei Gilvander Moreira, da CPT, das CEBs e do CEBI. Belo Horizonte, MG, 11\/7\/2019.<\/p>\n\n\n\n<p>*Inscreva-se no You Tube, no Canal Frei Gilvander Luta pela Terra e por Direitos, no link:&nbsp;<a href=\"https:\/\/www.youtube.com\/user\/fgilvander\">https:\/\/www.youtube.com\/user\/fgilvander<\/a>, acione o sininho, receba as notifica\u00e7\u00f5es de envio de v\u00eddeos e assista a diversos v\u00eddeos de luta por direitos sociais. Se assistir e gostar, compartilhe. Sugerimos.<\/p>\n\n\n\n<p><a href=\"https:\/\/www.youtube.com\/results?search_query=%23Freigilvander\">#Freigilvander<\/a><br><\/p>\n","protected":false},"excerpt":{"rendered":"<p>Quilombo Souza na Vila Teixeira no Santa Tereza em Belo Horizonte, MG: despejo iminente? V\u00eddeo 1. 11\/7\/2019. Dezesseis fam\u00edlias, com cerca de quarenta pessoas que moram na Rua Teixeira Soares, na chamada Vila Teixeira, no<\/p>\n","protected":false},"author":2,"featured_media":4459,"comment_status":"open","ping_status":"open","sticky":false,"template":"","format":"standard","meta":{"footnotes":""},"categories":[40,46,44,49,27,28,25,29,43,18],"tags":[],"class_list":["post-4458","post","type-post","status-publish","format-standard","has-post-thumbnail","hentry","category-direito-a-cidade","category-direito-a-cultura-popular","category-direito-a-memoria","category-direito-a-terra","category-direitos-humanos","category-luta-pela-moradia","category-luta-pela-terra-e-reforma-agraria","category-movimentos-sociais-populares","category-pedagogia-emancipatoria","category-videos-de-frei-gilvander"],"_links":{"self":[{"href":"http:\/\/gilvander.org.br\/site\/wp-json\/wp\/v2\/posts\/4458","targetHints":{"allow":["GET"]}}],"collection":[{"href":"http:\/\/gilvander.org.br\/site\/wp-json\/wp\/v2\/posts"}],"about":[{"href":"http:\/\/gilvander.org.br\/site\/wp-json\/wp\/v2\/types\/post"}],"author":[{"embeddable":true,"href":"http:\/\/gilvander.org.br\/site\/wp-json\/wp\/v2\/users\/2"}],"replies":[{"embeddable":true,"href":"http:\/\/gilvander.org.br\/site\/wp-json\/wp\/v2\/comments?post=4458"}],"version-history":[{"count":1,"href":"http:\/\/gilvander.org.br\/site\/wp-json\/wp\/v2\/posts\/4458\/revisions"}],"predecessor-version":[{"id":4460,"href":"http:\/\/gilvander.org.br\/site\/wp-json\/wp\/v2\/posts\/4458\/revisions\/4460"}],"wp:featuredmedia":[{"embeddable":true,"href":"http:\/\/gilvander.org.br\/site\/wp-json\/wp\/v2\/media\/4459"}],"wp:attachment":[{"href":"http:\/\/gilvander.org.br\/site\/wp-json\/wp\/v2\/media?parent=4458"}],"wp:term":[{"taxonomy":"category","embeddable":true,"href":"http:\/\/gilvander.org.br\/site\/wp-json\/wp\/v2\/categories?post=4458"},{"taxonomy":"post_tag","embeddable":true,"href":"http:\/\/gilvander.org.br\/site\/wp-json\/wp\/v2\/tags?post=4458"}],"curies":[{"name":"wp","href":"https:\/\/api.w.org\/{rel}","templated":true}]}}