{"id":4613,"date":"2019-08-09T18:50:59","date_gmt":"2019-08-09T21:50:59","guid":{"rendered":"http:\/\/gilvander.org.br\/site\/?p=4613"},"modified":"2019-08-09T18:51:04","modified_gmt":"2019-08-09T21:51:04","slug":"acampamento-cigano-sao-pedro-em-ibirite-mg-conquista-territorio-para-morar-em-sete-anos-de-luta","status":"publish","type":"post","link":"http:\/\/gilvander.org.br\/site\/acampamento-cigano-sao-pedro-em-ibirite-mg-conquista-territorio-para-morar-em-sete-anos-de-luta\/","title":{"rendered":"Acampamento Cigano S\u00e3o Pedro, em Ibirit\u00e9, MG, conquista territ\u00f3rio para morar em sete Anos de Luta!"},"content":{"rendered":"\n<p><strong>Acampamento Cigano S\u00e3o Pedro, em Ibirit\u00e9, MG, conquista territ\u00f3rio para morar em sete Anos de Luta<\/strong>!<\/p>\n\n\n\n<figure class=\"wp-block-image\"><img loading=\"lazy\" decoding=\"async\" width=\"960\" height=\"777\" src=\"http:\/\/gilvander.org.br\/site\/wp-content\/uploads\/2019\/08\/Ciganos-no-TJMG-2-06-8-2019.jpg\" alt=\"\" class=\"wp-image-4615\" srcset=\"http:\/\/gilvander.org.br\/site\/wp-content\/uploads\/2019\/08\/Ciganos-no-TJMG-2-06-8-2019.jpg 960w, http:\/\/gilvander.org.br\/site\/wp-content\/uploads\/2019\/08\/Ciganos-no-TJMG-2-06-8-2019-300x243.jpg 300w, http:\/\/gilvander.org.br\/site\/wp-content\/uploads\/2019\/08\/Ciganos-no-TJMG-2-06-8-2019-768x622.jpg 768w, http:\/\/gilvander.org.br\/site\/wp-content\/uploads\/2019\/08\/Ciganos-no-TJMG-2-06-8-2019-100x80.jpg 100w\" sizes=\"auto, (max-width: 960px) 100vw, 960px\" \/><figcaption>Da esquerda para a direita: o cigano Itamar e a cigana Valdinalva, a defensora p\u00fablica Dra. Ana Cl\u00e1udia Alexandre e Alenice Baeta, do CEDEFES, ap\u00f3s o julgamento no TJMG.<\/figcaption><\/figure>\n\n\n\n<p>Com muita alegria e satisfa\u00e7\u00e3o,\nrecebemos a not\u00edcia de que foi cassada pela 1\u00aa C\u00e2mara C\u00edvel do Tribunal de\nJusti\u00e7a do Estado de Minas Gerais (TJMG), em 2\u00aa inst\u00e2ncia, sob relatoria do Desembargador\nArmando Freire a a\u00e7\u00e3o de Reintegra\u00e7\u00e3o de Posse com Demoli\u00e7\u00e3o do Acampamento S\u00e3o\nPedro munic\u00edpio de Ibirit\u00e9, MG. A reintegra\u00e7\u00e3o tinha sido solicitada pela Prefeitura\nde Ibirit\u00e9 e concedida por uma ju\u00edza c\u00edvel de 1\u00aa inst\u00e2ncia de Ibirit\u00e9. &nbsp;O pedido de \u201cNulidade de Decis\u00e3o Agravada\u201d,\nquer dizer, de suspens\u00e3o do despejo, foi solicitado pela Defensora P\u00fablica do\nEstado de Minas Gerais, Dra. Cleide Nepomuceno, com o apoio da Dra. Ana Cl\u00e1udia\nAlexandre, que acompanhou as lideran\u00e7as ciganas, que tamb\u00e9m representavam a\nAssocia\u00e7\u00e3o Estadual Cultural de Direito e Defesa do Povo Cigano, Sra.\nValdinalva Caldas e Sr. Itamar Soares na audi\u00eancia de julgamento no TJMG, que\nocorreu no dia 06 de agosto de 2019. Alenice Baeta, representante do Centro de\nDocumenta\u00e7\u00e3o Eloy Ferreira da Silva (CEDEFES) tamb\u00e9m acompanhou o julgamento.&nbsp; <\/p>\n\n\n\n<p>Na minuta recursal, ou melhor, no pedido\nde revis\u00e3o do processo, a Defensoria P\u00fablica de MG alegou que a Prefeitura de\nIbirit\u00e9 solicitou a\u00e7\u00e3o de reintegra\u00e7\u00e3o de posse contra apenas um dos moradores,\nomitindo que se tratava de uma comunidade. Na realidade a ocupa\u00e7\u00e3o abriga doze\nfam\u00edlias, somando um total de mais de 30 pessoas, entre as quais crian\u00e7as e\nidosos. Tal informa\u00e7\u00e3o incompleta impediu o amplo direito de defesa por parte\nda comunidade cigana, importante categoria de povo tradicional. O recurso ainda\napontou falta de fundamenta\u00e7\u00e3o de que o terreno seria \u201csuposta \u00e1rea de\npreserva\u00e7\u00e3o ambiental\u201d, alegando ainda a necessidade das \u201cpropriedades\ncumprirem com sua fun\u00e7\u00e3o social.\u201d Ainda argumentou que se \u201ctrata de caso de\ngrande repercuss\u00e3o social\u201d sendo que a \u201cdignidade humana deve ser observada.\u201d Frente\na estes argumentos, o Desembargador Armando Freire, que era relator, apontou o\nseguinte: <\/p>\n\n\n\n<p>\u201c<em>Ressalto\nque n\u00e3o me passa desapercebido o fato de que a decis\u00e3o agravada foi proferida\nlevando em considera\u00e7\u00e3o o que constava da peti\u00e7\u00e3o inicial, vale dizer, uma a\u00e7\u00e3o\nde reintegra\u00e7\u00e3o de posse contra apenas uma pessoa. Contudo, a realidade f\u00e1tica\ncomprovada pelo oficial de justi\u00e7a e reconhecida pela pr\u00f3pria parte autora\nimp\u00f5e uma nova perspectiva sobre o caso, n\u00e3o sendo razo\u00e1vel desconsiderar que\nse trata de uma a\u00e7\u00e3o possess\u00f3ria em face de um Acampamento Cigano, uma\nverdadeira comunidade que ao que tudo indica vem ocupando aquele espa\u00e7o a cerca\nde sete anos. Assim, \u00e9 de admitir a inviabilidade de que a liminar concedida na\na\u00e7\u00e3o possess\u00f3ria surta seus efeitos sobre pessoas at\u00e9 ent\u00e3o estranhas \u00e0 lide,\nvale dizer, que direitos que eventualmente possuam sem que a eles seja dada a\ngarantia constitucional de resposta, consagrada nos princ\u00edpios do contradit\u00f3rio\ne da ampla defesa. Desse modo, e considerando tamb\u00e9m que j\u00e1 houve o pedido\nautoral que j\u00e1 houve a regulariza\u00e7\u00e3o do p\u00f3lo passivo da lide, com a inclus\u00e3o\ndos demais ocupantes da \u00e1rea objeto de reintegra\u00e7\u00e3o, entendendo pela\nnecessidade de cassa\u00e7\u00e3o da decis\u00e3o agravada, para que outra seja proferida,\nlevando em considera\u00e7\u00e3o a nova realidade f\u00e1tica revelada nos autos de origem<\/em>.\u201d<\/p>\n\n\n\n<p>Por isso, em julgamento de m\u00e9rito, a\nliminar de reintegra\u00e7\u00e3o de posse, que estava suspensa por decis\u00e3o de um\ndesembargador, foi cassada por um colegiado de desembargadores. Os Desembargadores\nvogais Dr. Alberto Vilas Boas e Dr. Washington Ferreira votaram tamb\u00e9m de\nacordo com o voto do desembargador relator. Assim, por tr\u00eas a zero, a 1\u00aa C\u00e2mara\nC\u00edvel do TJMG derrubou definitivamente a liminar que estava suspensa e o\nAcampamento Cigano de S\u00e3o Pedro, em Ibirit\u00e9, regi\u00e3o metropolitana de Belo\nHorizonte, MG, conquistou, assim, um pequeno territ\u00f3rio, mas imprescind\u00edvel para\nmorar e viver com dignidade. Por unanimidade a causa cigana foi ganha! &nbsp;&nbsp;&nbsp;&nbsp;&nbsp;&nbsp;<\/p>\n\n\n\n<p>Essa vit\u00f3ria \u00e9 muito importante tamb\u00e9m\nporque pode inspirar outras conquistas em Minas Gerais e em outros estados. <\/p>\n\n\n\n<p><strong>Assinam\nesta Nota:<\/strong><\/p>\n\n\n\n<p>Associa\u00e7\u00e3o Estadual Cultural de Direito\ne Defesa do Povo Cigano <\/p>\n\n\n\n<p>Comiss\u00e3o Pastoral da Terra (CPT\/MG)<\/p>\n\n\n\n<p>Centro de Documenta\u00e7\u00e3o Eloy Ferreira da\nSilva (CEDEFES)<\/p>\n\n\n\n<p>\u00a0Ibirit\u00e9, MG, 08 de agosto de 2018.<\/p>\n\n\n\n<figure class=\"wp-block-image\"><img loading=\"lazy\" decoding=\"async\" width=\"960\" height=\"720\" src=\"http:\/\/gilvander.org.br\/site\/wp-content\/uploads\/2019\/08\/Ciganos-no-TJMG-06-8-2019-1.jpg\" alt=\"\" class=\"wp-image-4616\" srcset=\"http:\/\/gilvander.org.br\/site\/wp-content\/uploads\/2019\/08\/Ciganos-no-TJMG-06-8-2019-1.jpg 960w, http:\/\/gilvander.org.br\/site\/wp-content\/uploads\/2019\/08\/Ciganos-no-TJMG-06-8-2019-1-300x225.jpg 300w, http:\/\/gilvander.org.br\/site\/wp-content\/uploads\/2019\/08\/Ciganos-no-TJMG-06-8-2019-1-768x576.jpg 768w\" sizes=\"auto, (max-width: 960px) 100vw, 960px\" \/><figcaption>Tens\u00e3o e expectativa durante o julgamento na 1a C\u00e2mara C\u00edvel do TJMG, dia 06\/8\/2019.<br><\/figcaption><\/figure>\n\n\n\n<figure class=\"wp-block-image is-resized\"><img loading=\"lazy\" decoding=\"async\" src=\"http:\/\/gilvander.org.br\/site\/wp-content\/uploads\/2019\/08\/Ciganos-de-Ibirit\u00e9.jpg\" alt=\"\" class=\"wp-image-4617\" width=\"702\" height=\"393\"\/><figcaption> <em>Fotografias do Acampamento cigano calon, do bairro S\u00e3o Pedro, em Ibirit\u00e9, regi\u00e3o metropolitana de Belo Horizonte, MG. Foto: A. Baeta.<\/em> <\/figcaption><\/figure>\n\n\n\n<p>= = = = = = <\/p>\n\n\n\n<p><strong>ENTENDA\nO CONFLITO SOCIAL QUE DUROU SETE ANOS. <\/strong><\/p>\n\n\n\n<p>Para compreender a luta de sete anos do\nAcampamento Cigano calon, do bairro S\u00e3o Pedro, em Ibirit\u00e9, MG, luta que levou \u00e0\nconquista definitiva de um terreno para a Comunidade Cigana Calon, do\nAcampamento Cigano de Ibirit\u00e9, morar e viver com dignidade leia as notas e\nassista aos v\u00eddeos nos links, abaixo.<\/p>\n\n\n\n<figure class=\"wp-block-embed is-type-rich is-provider-site-do-frei-gilvander-moreira\"><div class=\"wp-block-embed__wrapper\">\n<blockquote class=\"wp-embedded-content\" data-secret=\"CiBsaHFv5P\"><a href=\"http:\/\/gilvander.org.br\/site\/comunidade-cigana-de-sao-pedro-em-ibirite-mg-na-iminencia-de-despejo-clama-por-terreno-adequado-e-por-direitos-nota-publica\/\">Comunidade Cigana de S\u00e3o Pedro, em Ibirit\u00e9, MG, na imin\u00eancia de despejo, clama por terreno adequado e por direitos.\u00a0Nota P\u00fablica<\/a><\/blockquote><iframe loading=\"lazy\" class=\"wp-embedded-content\" sandbox=\"allow-scripts\" security=\"restricted\" style=\"position: absolute; clip: rect(1px, 1px, 1px, 1px);\" src=\"http:\/\/gilvander.org.br\/site\/comunidade-cigana-de-sao-pedro-em-ibirite-mg-na-iminencia-de-despejo-clama-por-terreno-adequado-e-por-direitos-nota-publica\/embed\/#?secret=CiBsaHFv5P\" data-secret=\"CiBsaHFv5P\" width=\"600\" height=\"338\" title=\"&#8220;Comunidade Cigana de S\u00e3o Pedro, em Ibirit\u00e9, MG, na imin\u00eancia de despejo, clama por terreno adequado e por direitos.\u00a0Nota P\u00fablica&#8221; &#8212; Site do frei Gilvander Moreira\" frameborder=\"0\" marginwidth=\"0\" marginheight=\"0\" scrolling=\"no\"><\/iframe>\n<\/div><\/figure>\n\n\n\n<figure class=\"wp-block-embed is-type-rich is-provider-site-do-frei-gilvander-moreira\"><div class=\"wp-block-embed__wrapper\">\n<blockquote class=\"wp-embedded-content\" data-secret=\"jCUYCrVSia\"><a href=\"http:\/\/gilvander.org.br\/site\/prefeitura-de-ibirite-mg-tem-45-dias-para-arrumar-terrenos-para-as-comunidades-ciganas-da-cidade-prazo-dado-pela-mesa-de-negociacao-do-governo-de-minas\/\">Prefeitura de Ibirit\u00e9, MG, tem 45 dias para arrumar terrenos para as Comunidades Ciganas da cidade: prazo dado pela Mesa de Negocia\u00e7\u00e3o do Governo de Minas.<\/a><\/blockquote><iframe loading=\"lazy\" class=\"wp-embedded-content\" sandbox=\"allow-scripts\" security=\"restricted\" style=\"position: absolute; clip: rect(1px, 1px, 1px, 1px);\" src=\"http:\/\/gilvander.org.br\/site\/prefeitura-de-ibirite-mg-tem-45-dias-para-arrumar-terrenos-para-as-comunidades-ciganas-da-cidade-prazo-dado-pela-mesa-de-negociacao-do-governo-de-minas\/embed\/#?secret=jCUYCrVSia\" data-secret=\"jCUYCrVSia\" width=\"600\" height=\"338\" title=\"&#8220;Prefeitura de Ibirit\u00e9, MG, tem 45 dias para arrumar terrenos para as Comunidades Ciganas da cidade: prazo dado pela Mesa de Negocia\u00e7\u00e3o do Governo de Minas.&#8221; &#8212; Site do frei Gilvander Moreira\" frameborder=\"0\" marginwidth=\"0\" marginheight=\"0\" scrolling=\"no\"><\/iframe>\n<\/div><\/figure>\n\n\n\n<figure class=\"wp-block-embed is-type-rich is-provider-site-do-frei-gilvander-moreira\"><div class=\"wp-block-embed__wrapper\">\n<blockquote class=\"wp-embedded-content\" data-secret=\"ji6PybYYDF\"><a href=\"http:\/\/gilvander.org.br\/site\/comunidade-cigana-de-sao-pedro-em-ibirite-mg-conquista-efeito-suspensivo-em-liminar-de-despejo-a-luta-pelos-direitos-ciganos-cresce\/\">Comunidade Cigana de S\u00e3o Pedro, em Ibirit\u00e9\/MG, conquista efeito suspensivo em Liminar de despejo: a luta pelos direitos ciganos cresce.<\/a><\/blockquote><iframe loading=\"lazy\" class=\"wp-embedded-content\" sandbox=\"allow-scripts\" security=\"restricted\" style=\"position: absolute; clip: rect(1px, 1px, 1px, 1px);\" src=\"http:\/\/gilvander.org.br\/site\/comunidade-cigana-de-sao-pedro-em-ibirite-mg-conquista-efeito-suspensivo-em-liminar-de-despejo-a-luta-pelos-direitos-ciganos-cresce\/embed\/#?secret=ji6PybYYDF\" data-secret=\"ji6PybYYDF\" width=\"600\" height=\"338\" title=\"&#8220;Comunidade Cigana de S\u00e3o Pedro, em Ibirit\u00e9\/MG, conquista efeito suspensivo em Liminar de despejo: a luta pelos direitos ciganos cresce.&#8221; &#8212; Site do frei Gilvander Moreira\" frameborder=\"0\" marginwidth=\"0\" marginheight=\"0\" scrolling=\"no\"><\/iframe>\n<\/div><\/figure>\n\n\n\n<figure class=\"wp-block-embed is-type-rich is-provider-site-do-frei-gilvander-moreira\"><div class=\"wp-block-embed__wrapper\">\n<blockquote class=\"wp-embedded-content\" data-secret=\"fZfP9s698W\"><a href=\"http:\/\/gilvander.org.br\/site\/comunidade-cigana-do-sao-pedro-em-ibirite-mg-recebe-apoio-de-diversos-movimentos-sociais-e-instituicoes-publicas\/\">COMUNIDADE CIGANA DO S\u00c3O PEDRO EM IBIRIT\u00c9\/MG RECEBE APOIO DE DIVERSOS MOVIMENTOS SOCIAIS E INSTITUI\u00c7\u00d5ES P\u00daBLICAS<\/a><\/blockquote><iframe loading=\"lazy\" class=\"wp-embedded-content\" sandbox=\"allow-scripts\" security=\"restricted\" style=\"position: absolute; clip: rect(1px, 1px, 1px, 1px);\" src=\"http:\/\/gilvander.org.br\/site\/comunidade-cigana-do-sao-pedro-em-ibirite-mg-recebe-apoio-de-diversos-movimentos-sociais-e-instituicoes-publicas\/embed\/#?secret=fZfP9s698W\" data-secret=\"fZfP9s698W\" width=\"600\" height=\"338\" title=\"&#8220;COMUNIDADE CIGANA DO S\u00c3O PEDRO EM IBIRIT\u00c9\/MG RECEBE APOIO DE DIVERSOS MOVIMENTOS SOCIAIS E INSTITUI\u00c7\u00d5ES P\u00daBLICAS&#8221; &#8212; Site do frei Gilvander Moreira\" frameborder=\"0\" marginwidth=\"0\" marginheight=\"0\" scrolling=\"no\"><\/iframe>\n<\/div><\/figure>\n\n\n\n<figure class=\"wp-block-embed is-type-rich is-provider-site-do-frei-gilvander-moreira\"><div class=\"wp-block-embed__wrapper\">\n<blockquote class=\"wp-embedded-content\" data-secret=\"98t5Ef7AFR\"><a href=\"http:\/\/gilvander.org.br\/site\/acampamento-cigano-de-sao-pedro-em-ibirite-mg-a-voz-da-mulher-pelo-direito-a-terra-e-a-moradia-por-respeito-a-dignidade-humana-26-5-2018\/\">Acampamento Cigano de S\u00e3o Pedro, em Ibirit\u00e9\/MG: A Voz da Mulher pelo direito \u00e0 terra e \u00e0 moradia, por respeito \u00e0 dignidade humana. 26\/5\/2018.<\/a><\/blockquote><iframe loading=\"lazy\" class=\"wp-embedded-content\" sandbox=\"allow-scripts\" security=\"restricted\" style=\"position: absolute; clip: rect(1px, 1px, 1px, 1px);\" src=\"http:\/\/gilvander.org.br\/site\/acampamento-cigano-de-sao-pedro-em-ibirite-mg-a-voz-da-mulher-pelo-direito-a-terra-e-a-moradia-por-respeito-a-dignidade-humana-26-5-2018\/embed\/#?secret=98t5Ef7AFR\" data-secret=\"98t5Ef7AFR\" width=\"600\" height=\"338\" title=\"&#8220;Acampamento Cigano de S\u00e3o Pedro, em Ibirit\u00e9\/MG: A Voz da Mulher pelo direito \u00e0 terra e \u00e0 moradia, por respeito \u00e0 dignidade humana. 26\/5\/2018.&#8221; &#8212; Site do frei Gilvander Moreira\" frameborder=\"0\" marginwidth=\"0\" marginheight=\"0\" scrolling=\"no\"><\/iframe>\n<\/div><\/figure>\n\n\n\n<figure class=\"wp-block-embed is-type-rich is-provider-site-do-frei-gilvander-moreira\"><div class=\"wp-block-embed__wrapper\">\n<blockquote class=\"wp-embedded-content\" data-secret=\"00Ples2eqC\"><a href=\"http:\/\/gilvander.org.br\/site\/acampamento-cigano-sao-pedro-clamor-dos-ciganos-por-terra-e-direitos-em-ibirite-mg-25-5-2018\/\">Acampamento Cigano S\u00e3o Pedro: clamor dos ciganos por terra e direitos, em Ibirit\u00e9\/MG. 25\/5\/2018.<\/a><\/blockquote><iframe loading=\"lazy\" class=\"wp-embedded-content\" sandbox=\"allow-scripts\" security=\"restricted\" style=\"position: absolute; clip: rect(1px, 1px, 1px, 1px);\" src=\"http:\/\/gilvander.org.br\/site\/acampamento-cigano-sao-pedro-clamor-dos-ciganos-por-terra-e-direitos-em-ibirite-mg-25-5-2018\/embed\/#?secret=00Ples2eqC\" data-secret=\"00Ples2eqC\" width=\"600\" height=\"338\" title=\"&#8220;Acampamento Cigano S\u00e3o Pedro: clamor dos ciganos por terra e direitos, em Ibirit\u00e9\/MG. 25\/5\/2018.&#8221; &#8212; Site do frei Gilvander Moreira\" frameborder=\"0\" marginwidth=\"0\" marginheight=\"0\" scrolling=\"no\"><\/iframe>\n<\/div><\/figure>\n\n\n\n<figure class=\"wp-block-embed\"><div class=\"wp-block-embed__wrapper\">\nhttps:\/\/www.youtube.com\/edit?o=U&#038;video_id=JXypSm4aFfA\n<\/div><\/figure>\n\n\n\n<figure class=\"wp-block-embed-youtube wp-block-embed is-type-video is-provider-youtube wp-embed-aspect-16-9 wp-has-aspect-ratio\"><div class=\"wp-block-embed__wrapper\">\n<div class=\"epyt-video-wrapper\"><iframe loading=\"lazy\"  id=\"_ytid_79902\"  width=\"810\" height=\"456\"  data-origwidth=\"810\" data-origheight=\"456\" src=\"https:\/\/www.youtube.com\/embed\/VX4ItDlICdE?enablejsapi=1&#038;autoplay=0&#038;cc_load_policy=0&#038;cc_lang_pref=&#038;iv_load_policy=1&#038;loop=0&#038;rel=1&#038;fs=1&#038;playsinline=0&#038;autohide=2&#038;theme=dark&#038;color=red&#038;controls=1&#038;disablekb=0&#038;\" class=\"__youtube_prefs__  epyt-is-override  no-lazyload\" title=\"YouTube player\"  allow=\"fullscreen; accelerometer; autoplay; clipboard-write; encrypted-media; gyroscope; picture-in-picture; web-share\" referrerpolicy=\"strict-origin-when-cross-origin\" allowfullscreen data-no-lazy=\"1\" data-skipgform_ajax_framebjll=\"\"><\/iframe><\/div>\n<\/div><\/figure>\n\n\n\n<figure class=\"wp-block-embed-youtube wp-block-embed is-type-video is-provider-youtube wp-embed-aspect-16-9 wp-has-aspect-ratio\"><div class=\"wp-block-embed__wrapper\">\n<div class=\"epyt-video-wrapper\"><iframe loading=\"lazy\"  id=\"_ytid_70130\"  width=\"810\" height=\"456\"  data-origwidth=\"810\" data-origheight=\"456\" src=\"https:\/\/www.youtube.com\/embed\/RNGICmIv2SM?enablejsapi=1&#038;autoplay=0&#038;cc_load_policy=0&#038;cc_lang_pref=&#038;iv_load_policy=1&#038;loop=0&#038;rel=1&#038;fs=1&#038;playsinline=0&#038;autohide=2&#038;theme=dark&#038;color=red&#038;controls=1&#038;disablekb=0&#038;\" class=\"__youtube_prefs__  epyt-is-override  no-lazyload\" title=\"YouTube player\"  allow=\"fullscreen; accelerometer; autoplay; clipboard-write; encrypted-media; gyroscope; picture-in-picture; web-share\" referrerpolicy=\"strict-origin-when-cross-origin\" allowfullscreen data-no-lazy=\"1\" data-skipgform_ajax_framebjll=\"\"><\/iframe><\/div>\n<\/div><\/figure>\n\n\n\n<figure class=\"wp-block-embed-youtube wp-block-embed is-type-video is-provider-youtube wp-embed-aspect-16-9 wp-has-aspect-ratio\"><div class=\"wp-block-embed__wrapper\">\n<div class=\"epyt-video-wrapper\"><iframe loading=\"lazy\"  id=\"_ytid_71941\"  width=\"810\" height=\"456\"  data-origwidth=\"810\" data-origheight=\"456\" src=\"https:\/\/www.youtube.com\/embed\/gu3F2_N7ZtA?enablejsapi=1&#038;autoplay=0&#038;cc_load_policy=0&#038;cc_lang_pref=&#038;iv_load_policy=1&#038;loop=0&#038;rel=1&#038;fs=1&#038;playsinline=0&#038;autohide=2&#038;theme=dark&#038;color=red&#038;controls=1&#038;disablekb=0&#038;\" class=\"__youtube_prefs__  epyt-is-override  no-lazyload\" title=\"YouTube player\"  allow=\"fullscreen; accelerometer; autoplay; clipboard-write; encrypted-media; gyroscope; picture-in-picture; web-share\" referrerpolicy=\"strict-origin-when-cross-origin\" allowfullscreen data-no-lazy=\"1\" data-skipgform_ajax_framebjll=\"\"><\/iframe><\/div>\n<\/div><\/figure>\n\n\n\n<figure class=\"wp-block-embed-youtube wp-block-embed is-type-video is-provider-youtube wp-embed-aspect-16-9 wp-has-aspect-ratio\"><div class=\"wp-block-embed__wrapper\">\n<div class=\"epyt-video-wrapper\"><iframe loading=\"lazy\"  id=\"_ytid_70572\"  width=\"810\" height=\"456\"  data-origwidth=\"810\" data-origheight=\"456\" src=\"https:\/\/www.youtube.com\/embed\/bSKLQG_YuMo?enablejsapi=1&#038;autoplay=0&#038;cc_load_policy=0&#038;cc_lang_pref=&#038;iv_load_policy=1&#038;loop=0&#038;rel=1&#038;fs=1&#038;playsinline=0&#038;autohide=2&#038;theme=dark&#038;color=red&#038;controls=1&#038;disablekb=0&#038;\" class=\"__youtube_prefs__  epyt-is-override  no-lazyload\" title=\"YouTube player\"  allow=\"fullscreen; accelerometer; autoplay; clipboard-write; encrypted-media; gyroscope; picture-in-picture; web-share\" referrerpolicy=\"strict-origin-when-cross-origin\" allowfullscreen data-no-lazy=\"1\" data-skipgform_ajax_framebjll=\"\"><\/iframe><\/div>\n<\/div><\/figure>\n","protected":false},"excerpt":{"rendered":"<p>Acampamento Cigano S\u00e3o Pedro, em Ibirit\u00e9, MG, conquista territ\u00f3rio para morar em sete Anos de Luta! Com muita alegria e satisfa\u00e7\u00e3o, recebemos a not\u00edcia de que foi cassada pela 1\u00aa C\u00e2mara C\u00edvel do Tribunal de<\/p>\n","protected":false},"author":2,"featured_media":4615,"comment_status":"open","ping_status":"open","sticky":false,"template":"","format":"standard","meta":{"footnotes":""},"categories":[40,46,44,49,27,28,29,33,43,18],"tags":[],"class_list":["post-4613","post","type-post","status-publish","format-standard","has-post-thumbnail","hentry","category-direito-a-cidade","category-direito-a-cultura-popular","category-direito-a-memoria","category-direito-a-terra","category-direitos-humanos","category-luta-pela-moradia","category-movimentos-sociais-populares","category-nota-publica","category-pedagogia-emancipatoria","category-videos-de-frei-gilvander"],"_links":{"self":[{"href":"http:\/\/gilvander.org.br\/site\/wp-json\/wp\/v2\/posts\/4613","targetHints":{"allow":["GET"]}}],"collection":[{"href":"http:\/\/gilvander.org.br\/site\/wp-json\/wp\/v2\/posts"}],"about":[{"href":"http:\/\/gilvander.org.br\/site\/wp-json\/wp\/v2\/types\/post"}],"author":[{"embeddable":true,"href":"http:\/\/gilvander.org.br\/site\/wp-json\/wp\/v2\/users\/2"}],"replies":[{"embeddable":true,"href":"http:\/\/gilvander.org.br\/site\/wp-json\/wp\/v2\/comments?post=4613"}],"version-history":[{"count":1,"href":"http:\/\/gilvander.org.br\/site\/wp-json\/wp\/v2\/posts\/4613\/revisions"}],"predecessor-version":[{"id":4618,"href":"http:\/\/gilvander.org.br\/site\/wp-json\/wp\/v2\/posts\/4613\/revisions\/4618"}],"wp:featuredmedia":[{"embeddable":true,"href":"http:\/\/gilvander.org.br\/site\/wp-json\/wp\/v2\/media\/4615"}],"wp:attachment":[{"href":"http:\/\/gilvander.org.br\/site\/wp-json\/wp\/v2\/media?parent=4613"}],"wp:term":[{"taxonomy":"category","embeddable":true,"href":"http:\/\/gilvander.org.br\/site\/wp-json\/wp\/v2\/categories?post=4613"},{"taxonomy":"post_tag","embeddable":true,"href":"http:\/\/gilvander.org.br\/site\/wp-json\/wp\/v2\/tags?post=4613"}],"curies":[{"name":"wp","href":"https:\/\/api.w.org\/{rel}","templated":true}]}}