{"id":5584,"date":"2020-02-08T18:53:43","date_gmt":"2020-02-08T21:53:43","guid":{"rendered":"http:\/\/gilvander.org.br\/site\/?p=5584"},"modified":"2020-02-08T18:53:44","modified_gmt":"2020-02-08T21:53:44","slug":"na-luta-por-direitos-com-frei-gilvander-mineracao-criminosa-mais-do-mesmo-ate-quando-radio-catedral-fm-1059-muriae-mg-programa-do-dia-08-2-2020","status":"publish","type":"post","link":"http:\/\/gilvander.org.br\/site\/na-luta-por-direitos-com-frei-gilvander-mineracao-criminosa-mais-do-mesmo-ate-quando-radio-catedral-fm-1059-muriae-mg-programa-do-dia-08-2-2020\/","title":{"rendered":"Na luta por direitos, com frei Gilvander: Minera\u00e7\u00e3o criminosa: \u2018mais do mesmo\u2019 at\u00e9 quando? &#8211; R\u00e1dio Catedral FM 105,9 &#8211; Muria\u00e9, MG &#8211; Programa do dia 08\/2\/2020"},"content":{"rendered":"\n<p>Na luta por direitos, com frei Gilvander: Minera\u00e7\u00e3o criminosa: \u2018mais do mesmo\u2019 at\u00e9 quando? &#8211; R\u00e1dio Catedral FM 105,9 &#8211; Muria\u00e9, MG &#8211; Programa do dia 08\/2\/2020 <\/p>\n\n\n\n<p>Frei Gilvander apresenta, semanalmente, o quadro Na luta por direitos, no Programa Bom dia, M\u00e3e Terra, da R\u00e1dio Catedral FM 105,9, da cidade de Muria\u00e9, MG.  Nesse \u00e1udio, a participa\u00e7\u00e3o de frei Gilvander Moreira no Programa do dia 08 de fevereiro de 2020, com uma reflex\u00e3o sensata e l\u00facida sobre a gravidade da minera\u00e7\u00e3o criminosa que continua acontecendo no estado de Minas Gerais e em outras partes do Brasil. Ou\u00e7a e, se gostar, compartilhe. Sugerimos. #FreiGilvander <br>Foto: Amadeu Barbosa<\/p>\n\n\n\n<figure class=\"wp-block-audio\"><audio controls src=\"http:\/\/gilvander.org.br\/site\/wp-content\/uploads\/2020\/02\/Na-luta-por-direitos-R\u00e1dio-Catedral-FM-1059-Reduzido-08-2-2020.mp3\"><\/audio><figcaption>&#8220;Na luta por direitos, com frei Gilvander&#8221; &#8211; Programa Bom dia, M\u00e3e Terra &#8211; R\u00e1dio Catedral FM 105,9 &#8211; Muria\u00e9, MG &#8211; 08\/2\/2020<br><\/figcaption><\/figure>\n\n\n\n<figure class=\"wp-block-image\"><img loading=\"lazy\" decoding=\"async\" width=\"150\" height=\"150\" src=\"http:\/\/gilvander.org.br\/site\/wp-content\/uploads\/2020\/02\/R\u00e1dio-Catedral-de-Muria\u00e9.jpg\" alt=\"\" class=\"wp-image-5587\"\/><\/figure>\n","protected":false},"excerpt":{"rendered":"<p>Na luta por direitos, com frei Gilvander: Minera\u00e7\u00e3o criminosa: \u2018mais do mesmo\u2019 at\u00e9 quando? &#8211; R\u00e1dio Catedral FM 105,9 &#8211; Muria\u00e9, MG &#8211; Programa do dia 08\/2\/2020 Frei Gilvander apresenta, semanalmente, o quadro Na luta<\/p>\n","protected":false},"author":2,"featured_media":5585,"comment_status":"open","ping_status":"open","sticky":false,"template":"","format":"standard","meta":{"footnotes":""},"categories":[50,17,47,40,38,49,27,30,56,29,57,26],"tags":[],"class_list":["post-5584","post","type-post","status-publish","format-standard","has-post-thumbnail","hentry","category-audio-de-frei-gilvander","category-destaque","category-direito-a-agua","category-direito-a-cidade","category-direito-a-saude","category-direito-a-terra","category-direitos-humanos","category-fe-e-politica","category-meio-ambiente","category-movimentos-sociais-populares","category-podcast","category-teologia-da-libertacao"],"_links":{"self":[{"href":"http:\/\/gilvander.org.br\/site\/wp-json\/wp\/v2\/posts\/5584","targetHints":{"allow":["GET"]}}],"collection":[{"href":"http:\/\/gilvander.org.br\/site\/wp-json\/wp\/v2\/posts"}],"about":[{"href":"http:\/\/gilvander.org.br\/site\/wp-json\/wp\/v2\/types\/post"}],"author":[{"embeddable":true,"href":"http:\/\/gilvander.org.br\/site\/wp-json\/wp\/v2\/users\/2"}],"replies":[{"embeddable":true,"href":"http:\/\/gilvander.org.br\/site\/wp-json\/wp\/v2\/comments?post=5584"}],"version-history":[{"count":3,"href":"http:\/\/gilvander.org.br\/site\/wp-json\/wp\/v2\/posts\/5584\/revisions"}],"predecessor-version":[{"id":5590,"href":"http:\/\/gilvander.org.br\/site\/wp-json\/wp\/v2\/posts\/5584\/revisions\/5590"}],"wp:featuredmedia":[{"embeddable":true,"href":"http:\/\/gilvander.org.br\/site\/wp-json\/wp\/v2\/media\/5585"}],"wp:attachment":[{"href":"http:\/\/gilvander.org.br\/site\/wp-json\/wp\/v2\/media?parent=5584"}],"wp:term":[{"taxonomy":"category","embeddable":true,"href":"http:\/\/gilvander.org.br\/site\/wp-json\/wp\/v2\/categories?post=5584"},{"taxonomy":"post_tag","embeddable":true,"href":"http:\/\/gilvander.org.br\/site\/wp-json\/wp\/v2\/tags?post=5584"}],"curies":[{"name":"wp","href":"https:\/\/api.w.org\/{rel}","templated":true}]}}